{"id":395278,"date":"2020-08-22T10:39:33","date_gmt":"2020-08-22T08:39:33","guid":{"rendered":"https:\/\/hashtag.al\/?p=395278"},"modified":"2020-08-22T10:39:33","modified_gmt":"2020-08-22T08:39:33","slug":"basha-qeveria-rama-ka-rrenuar-ekonomine-shqiptare-me-taksen-progresive-politika-fiskale-e-pd-se-do-rimekembe-vendin","status":"publish","type":"post","link":"https:\/\/www.hashtag.al\/index.php\/2020\/08\/22\/basha-qeveria-rama-ka-rrenuar-ekonomine-shqiptare-me-taksen-progresive-politika-fiskale-e-pd-se-do-rimekembe-vendin\/","title":{"rendered":"Basha: Qeveria Rama ka rr\u00ebnuar ekonomin\u00eb shqiptare me taks\u00ebn progresive, politika fiskale e PD-s\u00eb do rim\u00ebk\u00ebmb\u00eb vendin","gt_translate_keys":[{"key":"rendered","format":"text"}]},"content":{"rendered":"<p><img loading=\"lazy\" decoding=\"async\" class=\"aligncenter size-full wp-image-389555\" src=\"https:\/\/hashtag.al\/wp-content\/uploads\/2020\/07\/bashalul.png\" alt=\"\" width=\"862\" height=\"471\" srcset=\"https:\/\/www.hashtag.al\/wp-content\/uploads\/2020\/07\/bashalul.png 862w, https:\/\/www.hashtag.al\/wp-content\/uploads\/2020\/07\/bashalul-300x164.png 300w, https:\/\/www.hashtag.al\/wp-content\/uploads\/2020\/07\/bashalul-768x420.png 768w\" sizes=\"auto, (max-width: 862px) 100vw, 862px\" \/><\/p>\n<p><span style=\"color: #000000;\">Kryetari i opozit\u00ebs Lulzim Basha me an\u00eb t\u00eb nj\u00eb postimi n\u00eb rrjetet sociale shkruan se qeveria Edi Rama ka shkat\u00ebrruar qytetar\u00ebt me taksat dhe politik\u00ebn fiskale t\u00eb ndjekur n\u00eb 7 vite.<\/span><\/p>\n<p><span style=\"color: #000000;\">Sipas Bash\u00ebs, taksa progresive ka d\u00ebshtuar dhe prodhoi vet\u00ebm kaos e kritikuar edhe nga organizatat nd\u00ebrkomb\u00ebtare.<\/span><\/p>\n<p><span style=\"color: #000000;\">\u201cN\u00eb k\u00ebto 7 vite, qeveria Rama e ka taksuar pun\u00ebn dhe dijen m\u00eb shum\u00eb se \u00e7do qeveri tjet\u00ebr m\u00eb par\u00eb. <em>Barra m\u00eb e r\u00ebnd\u00eb e k\u00ebtyre taksave ka r\u00ebn\u00eb mbi shtres\u00ebn e mesme.<\/em><\/span><\/p>\n<p><span style=\"color: #000000;\"><em>Sot t\u00eb gjith\u00eb e shohim se taksa progresive e Ram\u00ebs ka d\u00ebshtuar dhe ka prodhuar vet\u00ebm kaos, pandershm\u00ebri dhe padrejt\u00ebsi. Ajo \u00ebsht\u00eb kritikuar fort edhe nga organizatat nd\u00ebrkomb\u00ebtare si FMN.<\/em><\/span><\/p>\n<p><span style=\"color: #000000;\"><em>\u00c7do dit\u00eb q\u00eb kalon shqiptar\u00ebt paguajn\u00eb m\u00eb shum\u00eb taksa, nd\u00ebrsa Rama i p\u00ebrdor ato p\u00ebr t\u00eb b\u00ebr\u00eb m\u00eb shum\u00eb PPP me klient\u00ebt e tij. Si pasoj\u00eb e k\u00ebtij keqmenaxhimi dhe k\u00ebsaj arrogance, Shqip\u00ebria zhytet n\u00eb varf\u00ebri, njer\u00ebzit humbin vendet e pun\u00ebs dhe kriza ekonomike thellohet.<\/em><\/span><\/p>\n<p><span style=\"color: #000000;\"><em>Rama e ka futur dor\u00ebn thell\u00eb n\u00eb xhepin e \u00e7do qytetari. Ai nuk mendon p\u00ebr njer\u00ebzit, por vet\u00ebm p\u00ebr nj\u00eb grusht klient\u00ebsh dhe oligark\u00ebsh dhe e ka v\u00ebn\u00eb shtetin dhe \u00e7do politik\u00eb fiskale n\u00eb sh\u00ebrbim t\u00eb tyre duke i l\u00ebn\u00eb qytetar\u00ebt n\u00eb m\u00ebshir\u00ebn e fatit\u201d-<\/em>shkruan Basha.<\/span><\/p>\n<p><span style=\"color: #000000;\">Basha propozon heqjen e taksave t\u00eb shumta dhe taks\u00ebn e shesht\u00eb e cila sipas tij do prodhoj\u00eb rim\u00ebk\u00ebmbjen ekonomike.<\/span><\/p>\n<p><span style=\"color: #000000;\">\u201c<em>Vendit i duhet nj\u00eb ndryshim i madh dhe rr\u00ebnj\u00ebsor! Politika jon\u00eb fiskale \u00ebsht\u00eb pjes\u00eb e Planit Ekonomik p\u00ebr ti kthyer frym\u00ebmarrjen vendit dhe ekonomis\u00eb s\u00eb njer\u00ebzve: m\u00eb shum\u00eb t\u00eb ardhura n\u00eb xhepat e tyre dhe m\u00eb pak taksa. Ne do ti eliminojm\u00eb nivelet e shumta t\u00eb taksave mbi pun\u00ebn, do ti heqim pengesat q\u00eb vet\u00ebm frenojn\u00eb zhvillimin dhe do t\u00eb thjeshtojme t\u00eb gjith\u00eb sistemin.<\/em><\/span><\/p>\n<p><span style=\"color: #000000;\"><em>Ne besojm\u00eb se m\u00eb shum\u00eb para n\u00eb duart e qytetar\u00ebve do t\u00eb nxisin investimin n\u00eb arsimim dhe kualifikim dhe do ti japin frym\u00eb rritjes ekonomike. Politika jon\u00eb fiskale ka n\u00eb baz\u00eb taks\u00ebn e shesht\u00eb 9% p\u00ebr qytetar\u00ebt dhe t\u00eb pun\u00ebsuarit, taksa m\u00eb e thjesht\u00eb dhe m\u00eb e ul\u00ebt n\u00eb t\u00eb gjitha vendet e rajonit.<\/em><\/span><\/p>\n<p><span style=\"color: #000000;\"><em>Mir\u00ebqenia e shtres\u00ebs s\u00eb mesme, e atyre q\u00eb punojn\u00eb dhe prodhojn\u00eb, \u00ebsht\u00eb jetike p\u00ebr rim\u00ebk\u00ebmbjen e gjith\u00eb ekonomis\u00eb shqiptare. Vet\u00ebm nj\u00eb qeveri serioze q\u00eb kujdeset p\u00ebr njer\u00ebzit do ta vendos\u00eb shtetin dhe politikb\u00ebrjen n\u00eb funksion t\u00eb rritjes s\u00eb t\u00eb ardhurave t\u00eb gjith\u00ebsecilit dhe jo t\u00eb nj\u00eb grushti njer\u00ebzish! Shqip\u00ebria e ka potencialin t\u00eb ofroj\u00eb mir\u00ebqenie dhe siguri p\u00ebr t\u00eb gjith\u00eb qytetar\u00ebt e saj<\/em>\u201d-shkruan Basha.<\/span><\/p>\n<p>&nbsp;<\/p>\n","protected":false,"gt_translate_keys":[{"key":"rendered","format":"html"}]},"excerpt":{"rendered":"<p>Kryetari i opozit\u00ebs Lulzim Basha me an\u00eb t\u00eb nj\u00eb postimi n\u00eb rrjetet sociale shkruan se qeveria Edi Rama ka shkat\u00ebrruar qytetar\u00ebt me taksat dhe politik\u00ebn fiskale t\u00eb ndjekur n\u00eb 7 vite. Sipas Bash\u00ebs, taksa progresive ka d\u00ebshtuar dhe prodhoi vet\u00ebm kaos e kritikuar edhe nga organizatat nd\u00ebrkomb\u00ebtare. \u201cN\u00eb k\u00ebto 7 vite, qeveria Rama e ka [&hellip;]<\/p>\n","protected":false,"gt_translate_keys":[{"key":"rendered","format":"html"}]},"author":32,"featured_media":384055,"comment_status":"open","ping_status":"open","sticky":false,"template":"","format":"standard","meta":{"footnotes":""},"categories":[65,13],"tags":[],"class_list":["post-395278","post","type-post","status-publish","format-standard","has-post-thumbnail","hentry","category-lajme","category-te-fundit"],"gt_translate_keys":[{"key":"link","format":"url"}],"_links":{"self":[{"href":"https:\/\/www.hashtag.al\/index.php\/wp-json\/wp\/v2\/posts\/395278","targetHints":{"allow":["GET"]}}],"collection":[{"href":"https:\/\/www.hashtag.al\/index.php\/wp-json\/wp\/v2\/posts"}],"about":[{"href":"https:\/\/www.hashtag.al\/index.php\/wp-json\/wp\/v2\/types\/post"}],"author":[{"embeddable":true,"href":"https:\/\/www.hashtag.al\/index.php\/wp-json\/wp\/v2\/users\/32"}],"replies":[{"embeddable":true,"href":"https:\/\/www.hashtag.al\/index.php\/wp-json\/wp\/v2\/comments?post=395278"}],"version-history":[{"count":0,"href":"https:\/\/www.hashtag.al\/index.php\/wp-json\/wp\/v2\/posts\/395278\/revisions"}],"wp:featuredmedia":[{"embeddable":true,"href":"https:\/\/www.hashtag.al\/index.php\/wp-json\/wp\/v2\/media\/384055"}],"wp:attachment":[{"href":"https:\/\/www.hashtag.al\/index.php\/wp-json\/wp\/v2\/media?parent=395278"}],"wp:term":[{"taxonomy":"category","embeddable":true,"href":"https:\/\/www.hashtag.al\/index.php\/wp-json\/wp\/v2\/categories?post=395278"},{"taxonomy":"post_tag","embeddable":true,"href":"https:\/\/www.hashtag.al\/index.php\/wp-json\/wp\/v2\/tags?post=395278"}],"curies":[{"name":"wp","href":"https:\/\/api.w.org\/{rel}","templated":true}]}}