{"id":395183,"date":"2020-08-21T14:41:59","date_gmt":"2020-08-21T12:41:59","guid":{"rendered":"https:\/\/hashtag.al\/?p=395183"},"modified":"2020-08-21T14:41:59","modified_gmt":"2020-08-21T12:41:59","slug":"kryeministri-i-greqise-vaksina-kunder-covid-19-do-jete-falas-per-te-gjithe-qytetaret","status":"publish","type":"post","link":"https:\/\/www.hashtag.al\/index.php\/2020\/08\/21\/kryeministri-i-greqise-vaksina-kunder-covid-19-do-jete-falas-per-te-gjithe-qytetaret\/","title":{"rendered":"Kryeministri i Greqis\u00eb: Vaksina kund\u00ebr Covid-19 do jet\u00eb falas p\u00ebr t\u00eb gjith\u00eb qytetar\u00ebt","gt_translate_keys":[{"key":"rendered","format":"text"}]},"content":{"rendered":"<p><img loading=\"lazy\" decoding=\"async\" class=\"aligncenter size-full wp-image-395184\" src=\"https:\/\/hashtag.al\/wp-content\/uploads\/2020\/08\/covidmitsotakis.jpg\" alt=\"\" width=\"960\" height=\"600\" srcset=\"https:\/\/www.hashtag.al\/wp-content\/uploads\/2020\/08\/covidmitsotakis.jpg 960w, https:\/\/www.hashtag.al\/wp-content\/uploads\/2020\/08\/covidmitsotakis-300x188.jpg 300w, https:\/\/www.hashtag.al\/wp-content\/uploads\/2020\/08\/covidmitsotakis-768x480.jpg 768w\" sizes=\"auto, (max-width: 960px) 100vw, 960px\" \/><\/p>\n<p><span style=\"color: #000000;\">Vaksina Covid-19 do t\u00eb jet\u00eb falas p\u00ebr t\u00eb gjith\u00eb grek\u00ebt pasi t\u00eb b\u00ebhet e mundur, njoftoi t\u00eb premten kryeministri Kyriakos Mitsotakis gjat\u00eb nj\u00eb takimi t\u00eb qeveris\u00eb p\u00ebr zhvillimet n\u00eb lidhje me koronavirusin.<\/span><\/p>\n<p><span style=\"color: #000000;\"><em>&#8220;Dua t\u00eb jem absolutisht i qart\u00eb, vaksina do t\u00eb jet\u00eb n\u00eb dispozicion falas p\u00ebr t\u00eb gjith\u00eb qytetar\u00ebt grek\u00eb. Ne ende nuk e dim\u00eb n\u00ebse do t\u00eb jet\u00eb nj\u00eb e till\u00eb apo n\u00ebse do t\u00eb ket\u00eb m\u00eb shum\u00eb. Ne nuk e dim\u00eb kur do ta kemi n\u00eb dispozicionin ton\u00eb. Shpresojm\u00eb m\u00eb shpejt t\u00eb jet\u00eb e mundur.&#8221;<\/em> &#8211; tha ai.<\/span><\/p>\n<p><span style=\"color: #000000;\">Mitsotakis tha gjithashtu se maskat n\u00eb fytyr\u00eb do t\u00eb shp\u00ebrndahen falas p\u00ebr nx\u00ebn\u00ebsit dhe m\u00ebsuesit q\u00eb kthehen n\u00eb klasa n\u00eb vitin e ri shkollor.<\/span><\/p>\n<p><span style=\"color: #000000;\">Ministri i Arsimit Niki Kerameus tha t\u00eb enjten se maskat n\u00eb fytyr\u00eb do t\u00eb jen\u00eb t\u00eb detyrueshme brenda shkollave.<\/span><\/p>\n<p><span style=\"color: #000000;\"> Greqia ka b\u00ebr\u00eb nj\u00eb marr\u00ebveshje p\u00ebr t\u00eb marr\u00eb 3 milion\u00eb doza t\u00eb vaksin\u00ebs Covid-19 q\u00eb po zhvillohet nga Universiteti i Oksfordit n\u00eb bashk\u00ebpunim me AstraZeneca n\u00ebse ajo kalon faz\u00ebn e kat\u00ebrt t\u00eb prov\u00ebs klinike, sipas ministrit t\u00eb Sh\u00ebndet\u00ebsis\u00eb, Vassilis Kikilias.<\/span><\/p>\n","protected":false,"gt_translate_keys":[{"key":"rendered","format":"html"}]},"excerpt":{"rendered":"<p>Vaksina Covid-19 do t\u00eb jet\u00eb falas p\u00ebr t\u00eb gjith\u00eb grek\u00ebt pasi t\u00eb b\u00ebhet e mundur, njoftoi t\u00eb premten kryeministri Kyriakos Mitsotakis gjat\u00eb nj\u00eb takimi t\u00eb qeveris\u00eb p\u00ebr zhvillimet n\u00eb lidhje me koronavirusin. &#8220;Dua t\u00eb jem absolutisht i qart\u00eb, vaksina do t\u00eb jet\u00eb n\u00eb dispozicion falas p\u00ebr t\u00eb gjith\u00eb qytetar\u00ebt grek\u00eb. Ne ende nuk e dim\u00eb [&hellip;]<\/p>\n","protected":false,"gt_translate_keys":[{"key":"rendered","format":"html"}]},"author":51,"featured_media":395184,"comment_status":"open","ping_status":"open","sticky":false,"template":"","format":"standard","meta":{"footnotes":""},"categories":[149],"tags":[],"class_list":["post-395183","post","type-post","status-publish","format-standard","has-post-thumbnail","hentry","category-kosoverajon"],"gt_translate_keys":[{"key":"link","format":"url"}],"_links":{"self":[{"href":"https:\/\/www.hashtag.al\/index.php\/wp-json\/wp\/v2\/posts\/395183","targetHints":{"allow":["GET"]}}],"collection":[{"href":"https:\/\/www.hashtag.al\/index.php\/wp-json\/wp\/v2\/posts"}],"about":[{"href":"https:\/\/www.hashtag.al\/index.php\/wp-json\/wp\/v2\/types\/post"}],"author":[{"embeddable":true,"href":"https:\/\/www.hashtag.al\/index.php\/wp-json\/wp\/v2\/users\/51"}],"replies":[{"embeddable":true,"href":"https:\/\/www.hashtag.al\/index.php\/wp-json\/wp\/v2\/comments?post=395183"}],"version-history":[{"count":0,"href":"https:\/\/www.hashtag.al\/index.php\/wp-json\/wp\/v2\/posts\/395183\/revisions"}],"wp:featuredmedia":[{"embeddable":true,"href":"https:\/\/www.hashtag.al\/index.php\/wp-json\/wp\/v2\/media\/395184"}],"wp:attachment":[{"href":"https:\/\/www.hashtag.al\/index.php\/wp-json\/wp\/v2\/media?parent=395183"}],"wp:term":[{"taxonomy":"category","embeddable":true,"href":"https:\/\/www.hashtag.al\/index.php\/wp-json\/wp\/v2\/categories?post=395183"},{"taxonomy":"post_tag","embeddable":true,"href":"https:\/\/www.hashtag.al\/index.php\/wp-json\/wp\/v2\/tags?post=395183"}],"curies":[{"name":"wp","href":"https:\/\/api.w.org\/{rel}","templated":true}]}}