{"id":395068,"date":"2020-08-20T19:55:28","date_gmt":"2020-08-20T17:55:28","guid":{"rendered":"https:\/\/hashtag.al\/?p=395068"},"modified":"2020-08-20T19:58:37","modified_gmt":"2020-08-20T17:58:37","slug":"macron-be-e-gatshme-te-ndermjetesoje-dialogun-ne-bjellorusi-se-bashku-me-rusine","status":"publish","type":"post","link":"https:\/\/www.hashtag.al\/index.php\/2020\/08\/20\/macron-be-e-gatshme-te-ndermjetesoje-dialogun-ne-bjellorusi-se-bashku-me-rusine\/","title":{"rendered":"Macron: BE e gatshme t\u00eb nd\u00ebrmjet\u00ebsoj\u00eb dialogun n\u00eb Bjellorusi s\u00eb bashku me Rusin\u00eb","gt_translate_keys":[{"key":"rendered","format":"text"}]},"content":{"rendered":"<p><img loading=\"lazy\" decoding=\"async\" class=\"aligncenter size-full wp-image-326969\" src=\"https:\/\/hashtag.al\/wp-content\/uploads\/2019\/10\/macronmerkel.jpg\" alt=\"\" width=\"2048\" height=\"1152\" srcset=\"https:\/\/www.hashtag.al\/wp-content\/uploads\/2019\/10\/macronmerkel.jpg 2048w, https:\/\/www.hashtag.al\/wp-content\/uploads\/2019\/10\/macronmerkel-300x169.jpg 300w, https:\/\/www.hashtag.al\/wp-content\/uploads\/2019\/10\/macronmerkel-768x432.jpg 768w, https:\/\/www.hashtag.al\/wp-content\/uploads\/2019\/10\/macronmerkel-1024x576.jpg 1024w\" sizes=\"auto, (max-width: 2048px) 100vw, 2048px\" \/><\/p>\n<p><span style=\"color: #000000;\">Pas takimit t\u00eb enjten n\u00eb nj\u00eb kala t\u00eb ishullit mesjetar n\u00eb Mesdhe, Emmanuel Macron i Franc\u00ebs dhe Kancelarja e Gjermanis\u00eb Angela Merkel b\u00ebn\u00eb ofert\u00ebn e nj\u00eb nd\u00ebrmjet\u00ebsimi t\u00eb drejtuar nga BE p\u00ebr Bjellorusin\u00eb, ku policia ka goditur n\u00eb protesta pas zgjedhjeve kund\u00ebr Presidentit Aleksand\u00ebr Lukashenko.<\/span><\/p>\n<p><span style=\"color: #000000;\">&#8220;<em>Nj\u00eb dialog midis autoriteteve, opozit\u00ebs dhe shoq\u00ebris\u00eb civile \u00ebsht\u00eb thelb\u00ebsor &#8230; Shpresojm\u00eb se ky dialog mund t\u00eb vendoset nga vet\u00eb Bjellorus\u00ebt,&#8221; <\/em>tha Macron pas bisedimeve me Kancelaren gjermane Angela Merkel, raporton France 24.<\/span><\/p>\n<p><span style=\"color: #000000;\">Por Bashkimi Evropian &#8220;<em>\u00ebsht\u00eb i gatsh\u00ebm t\u00eb ndihmoj\u00eb n\u00ebse roli yn\u00eb n\u00eb nd\u00ebrmjet\u00ebsim mund t\u00eb jet\u00eb i dobish\u00ebm n\u00ebse d\u00ebshirohet nga Bjellorus\u00ebt s\u00eb bashku me institucionet e tjera &#8230; p\u00ebrfshir\u00eb dhe Rusin\u00eb&#8221;,<\/em> tha Macron.<\/span><\/p>\n<p><span style=\"color: #000000;\">N\u00eb nj\u00eb takim t\u00eb BE nj\u00eb dit\u00eb m\u00eb par\u00eb, lider\u00ebt e BE than\u00eb se nuk do ta njohin rizgjedhjen e Lukashenkos.<\/span><\/p>\n<p><span style=\"color: #000000;\">&#8220;<em>Nuk ka dyshim se ka pasur shkelje masive t\u00eb rregullave n\u00eb zgjedhje<\/em>,&#8221; u tha Merkel gazetar\u00ebve n\u00eb Berlin pas nj\u00eb samiti t\u00eb jasht\u00ebzakonsh\u00ebm video me lider\u00ebt e BE. &#8220;Zgjedhjet nuk ishin as t\u00eb lira dhe as t\u00eb drejta. Dhe kjo \u00ebsht\u00eb arsyeja pse rezultati i zgjedhjeve nuk mund t\u00eb njihet.&#8221; Gjermania aktualisht mban presidenc\u00ebn e radh\u00ebs t\u00eb gjasht\u00eb muajve t\u00eb BE.<\/span><\/p>\n<p><span style=\"color: #000000;\">Brenda mureve t\u00eb Fort de Bregancon, rezidenca tradicionale verore e udh\u00ebheq\u00ebsve francez\u00eb, kancelarja gjermane dhe presidenti francez trajtuan \u00e7\u00ebshtjet m\u00eb t\u00eb ngutshme n\u00eb agjend\u00ebn globale.<\/span><\/p>\n<p><span style=\"color: #000000;\">Macron tha se ai dhe Merkel kan\u00eb diskutuar gjithashtu p\u00ebr ngritjen e tensioneve midis Greqis\u00eb dhe Turqis\u00eb p\u00ebr uj\u00ebrat e diskutueshme t\u00eb Mesdheut.<\/span><\/p>\n<p><span style=\"color: #000000;\">&#8220;N<em>e kemi nj\u00eb axhend\u00eb t\u00eb p\u00ebrbashk\u00ebt n\u00eb Mesdheun Lindor<\/em>,&#8221; tha ai. &#8220;<em>Ne jemi duke q\u00ebndruar s\u00eb bashku me Greqin\u00eb&#8221; dhe d\u00ebshirojm\u00eb t\u00eb &#8220;sigurojm\u00eb stabilitet p\u00ebr rajonin&#8221;, nd\u00ebrsa &#8220;favorizojm\u00eb de-p\u00ebrshkall\u00ebzimin<\/em>&#8220;.<\/span><\/p>\n","protected":false,"gt_translate_keys":[{"key":"rendered","format":"html"}]},"excerpt":{"rendered":"<p>Pas takimit t\u00eb enjten n\u00eb nj\u00eb kala t\u00eb ishullit mesjetar n\u00eb Mesdhe, Emmanuel Macron i Franc\u00ebs dhe Kancelarja e Gjermanis\u00eb Angela Merkel b\u00ebn\u00eb ofert\u00ebn e nj\u00eb nd\u00ebrmjet\u00ebsimi t\u00eb drejtuar nga BE p\u00ebr Bjellorusin\u00eb, ku policia ka goditur n\u00eb protesta pas zgjedhjeve kund\u00ebr Presidentit Aleksand\u00ebr Lukashenko. &#8220;Nj\u00eb dialog midis autoriteteve, opozit\u00ebs dhe shoq\u00ebris\u00eb civile \u00ebsht\u00eb thelb\u00ebsor [&hellip;]<\/p>\n","protected":false,"gt_translate_keys":[{"key":"rendered","format":"html"}]},"author":32,"featured_media":328810,"comment_status":"open","ping_status":"open","sticky":false,"template":"","format":"standard","meta":{"footnotes":""},"categories":[6,13],"tags":[],"class_list":["post-395068","post","type-post","status-publish","format-standard","has-post-thumbnail","hentry","category-nderkombetare","category-te-fundit"],"gt_translate_keys":[{"key":"link","format":"url"}],"_links":{"self":[{"href":"https:\/\/www.hashtag.al\/index.php\/wp-json\/wp\/v2\/posts\/395068","targetHints":{"allow":["GET"]}}],"collection":[{"href":"https:\/\/www.hashtag.al\/index.php\/wp-json\/wp\/v2\/posts"}],"about":[{"href":"https:\/\/www.hashtag.al\/index.php\/wp-json\/wp\/v2\/types\/post"}],"author":[{"embeddable":true,"href":"https:\/\/www.hashtag.al\/index.php\/wp-json\/wp\/v2\/users\/32"}],"replies":[{"embeddable":true,"href":"https:\/\/www.hashtag.al\/index.php\/wp-json\/wp\/v2\/comments?post=395068"}],"version-history":[{"count":0,"href":"https:\/\/www.hashtag.al\/index.php\/wp-json\/wp\/v2\/posts\/395068\/revisions"}],"wp:featuredmedia":[{"embeddable":true,"href":"https:\/\/www.hashtag.al\/index.php\/wp-json\/wp\/v2\/media\/328810"}],"wp:attachment":[{"href":"https:\/\/www.hashtag.al\/index.php\/wp-json\/wp\/v2\/media?parent=395068"}],"wp:term":[{"taxonomy":"category","embeddable":true,"href":"https:\/\/www.hashtag.al\/index.php\/wp-json\/wp\/v2\/categories?post=395068"},{"taxonomy":"post_tag","embeddable":true,"href":"https:\/\/www.hashtag.al\/index.php\/wp-json\/wp\/v2\/tags?post=395068"}],"curies":[{"name":"wp","href":"https:\/\/api.w.org\/{rel}","templated":true}]}}