{"id":394710,"date":"2020-08-18T16:45:30","date_gmt":"2020-08-18T14:45:30","guid":{"rendered":"https:\/\/hashtag.al\/?p=394710"},"modified":"2020-08-18T16:39:53","modified_gmt":"2020-08-18T14:39:53","slug":"msh-155-raste-te-reja-dhe-2-viktima-lidhur-me-covid-19-ne-vendin-tone","status":"publish","type":"post","link":"https:\/\/www.hashtag.al\/index.php\/2020\/08\/18\/msh-155-raste-te-reja-dhe-2-viktima-lidhur-me-covid-19-ne-vendin-tone\/","title":{"rendered":"MSH: 155 raste t\u00eb reja dhe 2 viktima lidhur me Covid-19 n\u00eb vendin ton\u00eb","gt_translate_keys":[{"key":"rendered","format":"text"}]},"content":{"rendered":"<p><img loading=\"lazy\" decoding=\"async\" class=\"aligncenter size-full wp-image-386237\" src=\"https:\/\/hashtag.al\/wp-content\/uploads\/2020\/07\/Flutura-Beqo.jpg\" alt=\"\" width=\"780\" height=\"440\" srcset=\"https:\/\/www.hashtag.al\/wp-content\/uploads\/2020\/07\/Flutura-Beqo.jpg 780w, https:\/\/www.hashtag.al\/wp-content\/uploads\/2020\/07\/Flutura-Beqo-300x169.jpg 300w, https:\/\/www.hashtag.al\/wp-content\/uploads\/2020\/07\/Flutura-Beqo-768x433.jpg 768w\" sizes=\"auto, (max-width: 780px) 100vw, 780px\" \/><\/p>\n<p><span style=\"color: #000000;\">Ministria e Sh\u00ebndet\u00ebsis\u00eb ka b\u00ebr\u00eb me dije azhurnimin e t\u00eb dh\u00ebnave t\u00eb reja mbi situat\u00ebn e epidemis\u00eb n\u00eb vend.<\/span><\/p>\n<p><span style=\"color: #000000;\">K\u00ebshtu n\u00eb 24 or\u00ebt e fundit kane rezultuar me Covid-19 155 persona. Nd\u00ebrsa nuk ia kan\u00eb dal\u00eb t\u00eb fitojn\u00eb betej\u00ebn dy persona me s\u00ebmundje bashk\u00ebshoq\u00ebruese.<\/span><\/p>\n<p><span style=\"color: #000000;\">Aktualisht n\u00eb spitalin Infektiv dhe \u201cShefqet Ndroqi\u201d po trajtohen 95 pacient\u00eb t\u00eb konfirmuar pozitiv\u00eb me COVID-19, 12 n\u00eb terapi intensive nga t\u00eb cil\u00ebt 4 pacient\u00eb jan\u00eb t\u00eb intubuar.<\/span><\/p>\n<p><span style=\"color: #000000;\"><strong>Njoftimi i plot\u00eb:<\/strong><\/span><\/p>\n<p><span style=\"color: #000000;\">COVID-19\/ Ministria e Sh\u00ebndet\u00ebsis\u00eb: 155 raste t\u00eb reja dhe 2 humbje jete n\u00eb 24 or\u00ebt e fundit<\/span><br \/>\n<span style=\"color: #000000;\">N\u00eb 24 or\u00ebt e fundit n\u00eb vendin ton\u00eb u kryen 932 testime p\u00ebr vler\u00ebsimin e infektimit nga virusi SARS COV2<\/span><\/p>\n<p><span style=\"color: #000000;\">Dr. Flutura Beqo<\/span><br \/>\n<span style=\"color: #000000;\">Ministria e Sh\u00ebndet\u00ebsis\u00eb dhe Mbrojtjes Sociale<\/span><\/p>\n<p><span style=\"color: #000000;\">Ministria e Sh\u00ebndet\u00ebsis\u00eb dhe Mbrojtjes Sociale ju informon p\u00ebr situat\u00ebn epidemiologjike n\u00eb vend.<\/span><br \/>\n<span style=\"color: #000000;\">Gjat\u00eb 24 or\u00ebve t\u00eb fundit n\u00eb vendin ton\u00eb jan\u00eb kryer 932 testime p\u00ebr vler\u00ebsimin e infektimit nga virusi SARS COV2, dhe 155 persona jan\u00eb konfirmuar pozitiv\u00eb me COVID-19.<\/span><br \/>\n<span style=\"color: #000000;\">Shp\u00ebrndarja gjeografike e rasteve pozitive ditore \u00ebsht\u00eb si vijon: 34 raste n\u00eb Tiran\u00eb, 24 raste n\u00eb Durr\u00ebs, 12 raste n\u00eb Kruj\u00eb, nga 9 raste n\u00eb Kor\u00e7\u00eb dhe Lezh\u00eb, 8 raste n\u00eb Elbasan, nga 7 raste n\u00eb Kurbin dhe Vlor\u00eb, 6 raste n\u00eb Gjirokast\u00ebr, 4 raste n\u00eb Kuk\u00ebs, nga 3 raste n\u00eb Fier, Kavaj\u00eb, P\u00ebrmet, nga 2 raste n\u00eb Shkod\u00ebr, Devoll, Lushnje, Mir\u00ebdit\u00eb, Tropoj\u00eb, Mallakast\u00ebr, Divjak\u00eb, Peqin, Kolonj\u00eb, Gramsh, nga 1 rast n\u00eb Mat, Ura Vajgurore, Klos, Vor\u00eb, Maliq, Patos.<\/span><br \/>\n<span style=\"color: #000000;\">N\u00eb 24 or\u00ebt e fundit jan\u00eb sh\u00ebruar 55 qytetar\u00eb, duke e \u00e7uar numrin e t\u00eb sh\u00ebruarve n\u00eb 3871 , q\u00eb nga fillimi i epidemis\u00eb.<\/span><br \/>\n<span style=\"color: #000000;\">Aktualisht n\u00eb spitalin Infektiv dhe \u201cShefqet Ndroqi\u201d po trajtohen 95 pacient\u00eb t\u00eb konfirmuar pozitiv\u00eb me COVID-19, 12 n\u00eb terapi intensive nga t\u00eb cil\u00ebt 4 pacient\u00eb jan\u00eb t\u00eb intubuar.<\/span><br \/>\n<span style=\"color: #000000;\">Ju informojm\u00eb se n\u00eb dy spitalet COVID jan\u00eb gjithashtu duke marr\u00eb sh\u00ebrbime t\u00eb specializuar dhe 12 qytetar\u00eb t\u00eb cil\u00ebt kan\u00eb qen\u00eb pozitiv\u00eb me COVID19 dhe aktualisht jan\u00eb negativizuar, por po vijojn\u00eb t\u00eb marrin trajtim spitalor p\u00ebr pasojat e s\u00ebmundjes.<\/span><br \/>\n<span style=\"color: #000000;\">Nj\u00eb pun\u00eb e madhe po b\u00ebhet n\u00eb dy spitalet COVID, ku p\u00ebrve\u00e7 pacient\u00ebve t\u00eb konfirmuar pozitiv\u00eb me Covid19, po vijojn\u00eb t\u00eb marrin trajtim edhe pacient\u00eb t\u00eb dyshuar, t\u00eb cil\u00ebt po trajtohen sipas protokolleve p\u00ebrkat\u00ebse.<\/span><br \/>\n<span style=\"color: #000000;\">Pavar\u00ebsisht p\u00ebrpjekjeve t\u00eb mjek\u00ebve, fatkeq\u00ebsisht n\u00eb dy spitalet COVID, nuk e kan\u00eb fituar dot betej\u00ebn me s\u00ebmundjen dy qytetare nga Tirana, nj\u00eb 61 vje\u00e7are dhe nj\u00eb 69 vje\u00e7are me s\u00ebmundje bashk\u00ebshoq\u00ebruese. I shprehim ngush\u00ebllimet familjar\u00ebve.<\/span><br \/>\n<span style=\"color: #000000;\">Ministria e Sh\u00ebndet\u00ebsis\u00eb dhe Mbrojtjes Sociale i rikujton qytetar\u00ebt dhe bizneset se: Vendosja e mask\u00ebs dhe barierrave mbrojt\u00ebse n\u00eb ambientet e mbyllura \u00ebsht\u00eb e detyrueshme. Bizneset duhet t\u00eb zbatojn\u00eb me rigorozitet masat dhe protokollet e siguris\u00eb p\u00ebr parandalimin e p\u00ebrhapjes s\u00eb infeksionit. E vetmja m\u00ebnyr\u00eb q\u00eb t\u00eb kufizojm\u00eb p\u00ebrhapjen e SARS COV 2 \u00ebsht\u00eb t\u00eb zbatojm\u00eb masat e higjen\u00ebs, distancimit fizik, mbajtjen e maskave dhe barrierave mbrojt\u00ebse dhe shmangien e grumbullimeve t\u00eb cdo lloji. Sjellja individuale \u00ebsht\u00eb p\u00ebrcaktuese n\u00eb k\u00ebt\u00eb betej\u00eb me Covid19.<\/span><br \/>\n<span style=\"color: #000000;\">N\u00ebse dyshoni se jeni i prekur ose keni shenja t\u00eb s\u00ebmundjes duhet t\u00eb q\u00ebndroni t\u00eb izoluar dhe telefononi n\u00eb numrin e Urgjenc\u00ebs Komb\u00ebtare 127. Ministria e Sh\u00ebndet\u00ebsis\u00eb ka v\u00ebn\u00eb n\u00eb dispozicion t\u00eb qytetar\u00ebve linj\u00ebn e gjelb\u00ebr 0800 40 40 p\u00ebr t\u00eb kontaktuar mjekun e familjes apo p\u00ebr \u00e7do informacion tjet\u00ebr rreth Covid19.<\/span><\/p>\n<p><span style=\"color: #000000;\">COVID-19 \u2013 Statistika (18 Gusht 2020)<\/span><br \/>\n<span style=\"color: #000000;\">Testime totale 51860<\/span><br \/>\n<span style=\"color: #000000;\">Raste pozitive 7654<\/span><br \/>\n<span style=\"color: #000000;\">Raste t\u00eb sh\u00ebruara 3871<\/span><br \/>\n<span style=\"color: #000000;\">Raste Aktive 3551<\/span><br \/>\n<span style=\"color: #000000;\">Humbje jete 232 (Qarku Tiran\u00eb 115, Shkod\u00ebr 34, Durr\u00ebs 32, Fier 10, Elbasan 9, Kor\u00e7\u00eb 9, Lezh\u00eb 6, Kuk\u00ebs 5, Vlor\u00eb 5, Dib\u00ebr 3, Gjirokast\u00ebr 3, Berat 1)<\/span><\/p>\n<p><span style=\"color: #000000;\">Shp\u00ebrndarja gjeografike e rasteve aktive sipas qarqeve:<\/span><br \/>\n<span style=\"color: #000000;\">Tiran\u00eb 1862<\/span><br \/>\n<span style=\"color: #000000;\">Durr\u00ebs 461<\/span><br \/>\n<span style=\"color: #000000;\">Shkod\u00ebr 291<\/span><br \/>\n<span style=\"color: #000000;\">Fier 159<\/span><br \/>\n<span style=\"color: #000000;\">Lezh\u00eb 150<\/span><br \/>\n<span style=\"color: #000000;\">Kor\u00e7\u00eb 141<\/span><br \/>\n<span style=\"color: #000000;\">Vlor\u00eb 134<\/span><br \/>\n<span style=\"color: #000000;\">Kuk\u00ebs 113<\/span><br \/>\n<span style=\"color: #000000;\">Elbasan 105<\/span><br \/>\n<span style=\"color: #000000;\">Berat 58<\/span><br \/>\n<span style=\"color: #000000;\">Gjirokast\u00ebr 42<\/span><br \/>\n<span style=\"color: #000000;\">Dib\u00ebr 35<\/span><\/p>\n<p>&nbsp;<\/p>\n","protected":false,"gt_translate_keys":[{"key":"rendered","format":"html"}]},"excerpt":{"rendered":"<p>Ministria e Sh\u00ebndet\u00ebsis\u00eb ka b\u00ebr\u00eb me dije azhurnimin e t\u00eb dh\u00ebnave t\u00eb reja mbi situat\u00ebn e epidemis\u00eb n\u00eb vend. K\u00ebshtu n\u00eb 24 or\u00ebt e fundit kane rezultuar me Covid-19 155 persona. Nd\u00ebrsa nuk ia kan\u00eb dal\u00eb t\u00eb fitojn\u00eb betej\u00ebn dy persona me s\u00ebmundje bashk\u00ebshoq\u00ebruese. Aktualisht n\u00eb spitalin Infektiv dhe \u201cShefqet Ndroqi\u201d po trajtohen 95 pacient\u00eb [&hellip;]<\/p>\n","protected":false,"gt_translate_keys":[{"key":"rendered","format":"html"}]},"author":32,"featured_media":386237,"comment_status":"open","ping_status":"open","sticky":false,"template":"","format":"standard","meta":{"footnotes":""},"categories":[65,13],"tags":[],"class_list":["post-394710","post","type-post","status-publish","format-standard","has-post-thumbnail","hentry","category-lajme","category-te-fundit"],"gt_translate_keys":[{"key":"link","format":"url"}],"_links":{"self":[{"href":"https:\/\/www.hashtag.al\/index.php\/wp-json\/wp\/v2\/posts\/394710","targetHints":{"allow":["GET"]}}],"collection":[{"href":"https:\/\/www.hashtag.al\/index.php\/wp-json\/wp\/v2\/posts"}],"about":[{"href":"https:\/\/www.hashtag.al\/index.php\/wp-json\/wp\/v2\/types\/post"}],"author":[{"embeddable":true,"href":"https:\/\/www.hashtag.al\/index.php\/wp-json\/wp\/v2\/users\/32"}],"replies":[{"embeddable":true,"href":"https:\/\/www.hashtag.al\/index.php\/wp-json\/wp\/v2\/comments?post=394710"}],"version-history":[{"count":0,"href":"https:\/\/www.hashtag.al\/index.php\/wp-json\/wp\/v2\/posts\/394710\/revisions"}],"wp:featuredmedia":[{"embeddable":true,"href":"https:\/\/www.hashtag.al\/index.php\/wp-json\/wp\/v2\/media\/386237"}],"wp:attachment":[{"href":"https:\/\/www.hashtag.al\/index.php\/wp-json\/wp\/v2\/media?parent=394710"}],"wp:term":[{"taxonomy":"category","embeddable":true,"href":"https:\/\/www.hashtag.al\/index.php\/wp-json\/wp\/v2\/categories?post=394710"},{"taxonomy":"post_tag","embeddable":true,"href":"https:\/\/www.hashtag.al\/index.php\/wp-json\/wp\/v2\/tags?post=394710"}],"curies":[{"name":"wp","href":"https:\/\/api.w.org\/{rel}","templated":true}]}}