{"id":394673,"date":"2020-08-18T13:26:55","date_gmt":"2020-08-18T11:26:55","guid":{"rendered":"https:\/\/hashtag.al\/?p=394673"},"modified":"2020-08-18T13:30:54","modified_gmt":"2020-08-18T11:30:54","slug":"shkollat-ne-vend-hapen-me-14-shtator","status":"publish","type":"post","link":"https:\/\/www.hashtag.al\/index.php\/2020\/08\/18\/shkollat-ne-vend-hapen-me-14-shtator\/","title":{"rendered":"Shkollat n\u00eb vend hapen me 14 shtator","gt_translate_keys":[{"key":"rendered","format":"text"}]},"content":{"rendered":"<p><span style=\"color: #000000;\"><img loading=\"lazy\" decoding=\"async\" class=\"aligncenter size-full wp-image-394674\" src=\"https:\/\/hashtag.al\/wp-content\/uploads\/2020\/08\/shkollat.jpg\" alt=\"\" width=\"2048\" height=\"1365\" srcset=\"https:\/\/www.hashtag.al\/wp-content\/uploads\/2020\/08\/shkollat.jpg 2048w, https:\/\/www.hashtag.al\/wp-content\/uploads\/2020\/08\/shkollat-300x200.jpg 300w, https:\/\/www.hashtag.al\/wp-content\/uploads\/2020\/08\/shkollat-768x512.jpg 768w, https:\/\/www.hashtag.al\/wp-content\/uploads\/2020\/08\/shkollat-1024x683.jpg 1024w\" sizes=\"auto, (max-width: 2048px) 100vw, 2048px\" \/><\/span><\/p>\n<p><span style=\"color: #000000;\">Shkollat n\u00eb vend do hapen m\u00eb 14 shtator. Vendimi \u00ebsht\u00eb pohuar nga ministret Shahini e Manastirliu n\u00eb nj\u00eb komunikim t\u00eb drejtp\u00ebrdrejt\u00eb n\u00ebp\u00ebrmjet video-konferenc\u00ebs. <\/span><\/p>\n<p><span style=\"color: #000000;\">Ministrja e Sh\u00ebndet\u00ebsis\u00eb tha se parakusht p\u00ebr hapjen e tyre do jet\u00eb krijimi i kushteve dhe respektimi i protokolleve t\u00eb siguris\u00eb q\u00eb jan\u00eb p\u00ebrcaktuar nga ekspert\u00ebt e sh\u00ebndetit publik<\/span><\/p>\n<p><span style=\"color: #000000;\"><em>\u201cGrupet tona t\u00eb ekspert\u00ebve jan\u00eb n\u00eb komunikim t\u00eb vazhduesh\u00ebm, p\u00ebr nj\u00eb detajim t\u00eb protokolleve t\u00eb siguris\u00eb, ku p\u00ebrfshihen masat e distancimit social, kushtet higjeno-sanitare, si dhe \u00e7do mas\u00eb q\u00eb garanton kufizimin e p\u00ebrhapjes s\u00eb virusit. Ndaj \u00e7do vendim p\u00ebr hapjen e shkollave po koordinohet me p\u00ebrgjegj\u00ebsi maksimale nga institucionet p\u00ebrgjegj\u00ebse p\u00ebr garantimin e masave t\u00eb distancimit social dhe sigurisht duke vler\u00ebsuar n\u00eb dinamik\u00eb situat\u00ebn epidemiologjike.\u201d &#8211; <\/em>tha Manastirliu.<\/span><\/p>\n<p><span style=\"color: #000000;\">Ajo shtoi se sipas vler\u00ebsimeve nd\u00ebrkomb\u00ebtare, transmetimi i s\u00ebmundjes n\u00eb shkolla ka qen\u00eb i rrall\u00eb dhe n\u00ebse merren masat e duhura t\u00eb distancimit fizik, higjien\u00ebs dhe masa te tjera, ato kan\u00eb pak gjasa q\u00eb t\u00eb jen\u00eb mjedise efektive t\u00eb shtimit t\u00eb transmetimit t\u00eb virusit.<\/span><\/p>\n<p><span style=\"color: #000000;\">Nd\u00ebrsa ministrja e Arsimit, Shahini tha se n\u00eb disa shkolla m\u00ebsimi do kryhet me turne nd\u00ebrsa procesi i hapjes do jet\u00eb i kujdessh\u00ebm.<\/span><\/p>\n<p><span style=\"color: #000000;\"> Ajo shtoi se bashkit\u00eb duhet t\u00eb nisin p\u00ebrgatitjet p\u00ebr k\u00ebt\u00eb proces.<\/span><\/p>\n<p><span style=\"color: #000000;\"><em>\u201cKa shkolla q\u00eb do t\u2019i ndajm\u00eb n\u00eb turne dhe shkolla t\u00eb tjera n\u00eb zonat e t\u00ebrmetit, q\u00eb kan\u00eb nj\u00eb num\u00ebr shum\u00eb t\u00eb madh nx\u00ebn\u00ebsit dhe kemi menduar t\u2019i ndajm\u00eb n\u00eb turne ose n\u00eb shkolla t\u00eb tjera af\u00ebr. Ne kemi menduar t\u2019I hapim shkollat me shum\u00eb kujdes. Duke par\u00eb modelet e vendeve t\u00eb tjera, q\u00eb kan\u00eb klasa t\u00eb vogla si Franc\u00ebn dhe Gjermanin\u00eb, q\u00eb kan\u00eb vendosur t\u2019i hapin n\u00eb grupe t\u00eb vogla, edhe ne duam t\u2019i hapim shkollat por sipas specifikave q\u00eb kan\u00eb shkollat individuale dhe duke kombinuar edhe m\u00ebsimin online apo n\u00eb rastet kur duhet t\u00eb mbyllet nj\u00eb shkoll\u00eb. Bashkit\u00eb duhet t\u00eb fillojn\u00eb t\u00eb p\u00ebrgatiten tani p\u00ebr hapjen e shkollave. K\u00ebrkojm\u00eb dhe mb\u00ebshtetjen e Ministris\u00eb s\u00eb Sh\u00ebndet\u00ebsis\u00eb p\u00ebr t\u00eb na mb\u00ebshtetur n\u00eb hapjen e shkollave n\u00eb shtator.&#8221;<\/em> &#8211; tha Shahini.<\/span><\/p>\n","protected":false,"gt_translate_keys":[{"key":"rendered","format":"html"}]},"excerpt":{"rendered":"<p>Shkollat n\u00eb vend do hapen m\u00eb 14 shtator. Vendimi \u00ebsht\u00eb pohuar nga ministret Shahini e Manastirliu n\u00eb nj\u00eb komunikim t\u00eb drejtp\u00ebrdrejt\u00eb n\u00ebp\u00ebrmjet video-konferenc\u00ebs. Ministrja e Sh\u00ebndet\u00ebsis\u00eb tha se parakusht p\u00ebr hapjen e tyre do jet\u00eb krijimi i kushteve dhe respektimi i protokolleve t\u00eb siguris\u00eb q\u00eb jan\u00eb p\u00ebrcaktuar nga ekspert\u00ebt e sh\u00ebndetit publik \u201cGrupet tona t\u00eb [&hellip;]<\/p>\n","protected":false,"gt_translate_keys":[{"key":"rendered","format":"html"}]},"author":51,"featured_media":394674,"comment_status":"open","ping_status":"open","sticky":false,"template":"","format":"standard","meta":{"footnotes":""},"categories":[22,65,13],"tags":[],"class_list":["post-394673","post","type-post","status-publish","format-standard","has-post-thumbnail","hentry","category-ballina","category-lajme","category-te-fundit"],"gt_translate_keys":[{"key":"link","format":"url"}],"_links":{"self":[{"href":"https:\/\/www.hashtag.al\/index.php\/wp-json\/wp\/v2\/posts\/394673","targetHints":{"allow":["GET"]}}],"collection":[{"href":"https:\/\/www.hashtag.al\/index.php\/wp-json\/wp\/v2\/posts"}],"about":[{"href":"https:\/\/www.hashtag.al\/index.php\/wp-json\/wp\/v2\/types\/post"}],"author":[{"embeddable":true,"href":"https:\/\/www.hashtag.al\/index.php\/wp-json\/wp\/v2\/users\/51"}],"replies":[{"embeddable":true,"href":"https:\/\/www.hashtag.al\/index.php\/wp-json\/wp\/v2\/comments?post=394673"}],"version-history":[{"count":0,"href":"https:\/\/www.hashtag.al\/index.php\/wp-json\/wp\/v2\/posts\/394673\/revisions"}],"wp:featuredmedia":[{"embeddable":true,"href":"https:\/\/www.hashtag.al\/index.php\/wp-json\/wp\/v2\/media\/394674"}],"wp:attachment":[{"href":"https:\/\/www.hashtag.al\/index.php\/wp-json\/wp\/v2\/media?parent=394673"}],"wp:term":[{"taxonomy":"category","embeddable":true,"href":"https:\/\/www.hashtag.al\/index.php\/wp-json\/wp\/v2\/categories?post=394673"},{"taxonomy":"post_tag","embeddable":true,"href":"https:\/\/www.hashtag.al\/index.php\/wp-json\/wp\/v2\/tags?post=394673"}],"curies":[{"name":"wp","href":"https:\/\/api.w.org\/{rel}","templated":true}]}}