{"id":394644,"date":"2020-08-18T10:31:28","date_gmt":"2020-08-18T08:31:28","guid":{"rendered":"https:\/\/hashtag.al\/?p=394644"},"modified":"2020-08-18T10:31:28","modified_gmt":"2020-08-18T08:31:28","slug":"ndahet-nga-jeta-lidhur-me-covid-19-ish-kryebashkiaku-i-lushnjes-po-kurohej-ne-turqi","status":"publish","type":"post","link":"https:\/\/www.hashtag.al\/index.php\/2020\/08\/18\/ndahet-nga-jeta-lidhur-me-covid-19-ish-kryebashkiaku-i-lushnjes-po-kurohej-ne-turqi\/","title":{"rendered":"Ndahet nga jeta lidhur me Covid-19 ish-kryebashkiaku i Lushnj\u00ebs, po kurohej n\u00eb Turqi","gt_translate_keys":[{"key":"rendered","format":"text"}]},"content":{"rendered":"<p><img loading=\"lazy\" decoding=\"async\" class=\"aligncenter size-full wp-image-394645\" src=\"https:\/\/hashtag.al\/wp-content\/uploads\/2020\/08\/sanxhaku.jpg\" alt=\"\" width=\"780\" height=\"440\" srcset=\"https:\/\/www.hashtag.al\/wp-content\/uploads\/2020\/08\/sanxhaku.jpg 780w, https:\/\/www.hashtag.al\/wp-content\/uploads\/2020\/08\/sanxhaku-300x169.jpg 300w, https:\/\/www.hashtag.al\/wp-content\/uploads\/2020\/08\/sanxhaku-768x433.jpg 768w\" sizes=\"auto, (max-width: 780px) 100vw, 780px\" \/><\/p>\n<p><span style=\"color: #000000;\">Ka nd\u00ebrruar jet\u00eb lidhur me Covid-19 ish-kryebashkiaku i Lushnj\u00ebs, Albert Sanxhaku. <\/span><\/p>\n<p><span style=\"color: #000000;\">M\u00ebsohet se ky i fundit po kurohej n\u00eb Turqi prej disa jav\u00ebsh por nuk ka mundur t\u00eb mbijetoj\u00eb, raporton Shqiptarja.com. <\/span><\/p>\n<p><span style=\"color: #000000;\">Sanxhaku ka qen\u00eb kryebashkiak i Lushnj\u00ebs n\u00eb vitet 2007-2011 nd\u00ebrsa vitet e fundit ka punuar n\u00eb Ministrin\u00eb e Sh\u00ebndet\u00ebsis\u00eb e Fondin e Sigurimit t\u00eb Detyruesh\u00ebm t\u00eb Kujdesit Sh\u00ebndet\u00ebsor.<\/span><\/p>\n<p><span style=\"color: #000000;\">Lidhur me koronavirusin e ri ka nd\u00ebrruar jet\u00eb edhe v\u00ebllai i biznesmenit Ylli Ndroqi. Si\u00e7 raporton Ora News, Lulzim Pasma\u00e7iu, ka nd\u00ebrruar jet\u00eb or\u00ebt e para t\u00eb m\u00ebngjesit t\u00eb sot\u00ebm n\u00eb spitalin \u2018Shefqet Ndroqi\u2019 ku po kurohej prej disa dit\u00ebsh.<\/span><\/p>\n<p><span style=\"color: #000000;\">Ai \u00ebsht\u00eb ndar\u00eb nga jeta n\u00eb mosh\u00ebn 60-vje\u00e7are nd\u00ebrsa prej 29 vitesh mbante postin e koordinatorit n\u00eb kompanin\u00eb e \u2018Yldon Media Group\u2019.<\/span><\/p>\n","protected":false,"gt_translate_keys":[{"key":"rendered","format":"html"}]},"excerpt":{"rendered":"<p>Ka nd\u00ebrruar jet\u00eb lidhur me Covid-19 ish-kryebashkiaku i Lushnj\u00ebs, Albert Sanxhaku. M\u00ebsohet se ky i fundit po kurohej n\u00eb Turqi prej disa jav\u00ebsh por nuk ka mundur t\u00eb mbijetoj\u00eb, raporton Shqiptarja.com. Sanxhaku ka qen\u00eb kryebashkiak i Lushnj\u00ebs n\u00eb vitet 2007-2011 nd\u00ebrsa vitet e fundit ka punuar n\u00eb Ministrin\u00eb e Sh\u00ebndet\u00ebsis\u00eb e Fondin e Sigurimit t\u00eb [&hellip;]<\/p>\n","protected":false,"gt_translate_keys":[{"key":"rendered","format":"html"}]},"author":51,"featured_media":394645,"comment_status":"open","ping_status":"open","sticky":false,"template":"","format":"standard","meta":{"footnotes":""},"categories":[65,13],"tags":[],"class_list":["post-394644","post","type-post","status-publish","format-standard","has-post-thumbnail","hentry","category-lajme","category-te-fundit"],"gt_translate_keys":[{"key":"link","format":"url"}],"_links":{"self":[{"href":"https:\/\/www.hashtag.al\/index.php\/wp-json\/wp\/v2\/posts\/394644","targetHints":{"allow":["GET"]}}],"collection":[{"href":"https:\/\/www.hashtag.al\/index.php\/wp-json\/wp\/v2\/posts"}],"about":[{"href":"https:\/\/www.hashtag.al\/index.php\/wp-json\/wp\/v2\/types\/post"}],"author":[{"embeddable":true,"href":"https:\/\/www.hashtag.al\/index.php\/wp-json\/wp\/v2\/users\/51"}],"replies":[{"embeddable":true,"href":"https:\/\/www.hashtag.al\/index.php\/wp-json\/wp\/v2\/comments?post=394644"}],"version-history":[{"count":0,"href":"https:\/\/www.hashtag.al\/index.php\/wp-json\/wp\/v2\/posts\/394644\/revisions"}],"wp:featuredmedia":[{"embeddable":true,"href":"https:\/\/www.hashtag.al\/index.php\/wp-json\/wp\/v2\/media\/394645"}],"wp:attachment":[{"href":"https:\/\/www.hashtag.al\/index.php\/wp-json\/wp\/v2\/media?parent=394644"}],"wp:term":[{"taxonomy":"category","embeddable":true,"href":"https:\/\/www.hashtag.al\/index.php\/wp-json\/wp\/v2\/categories?post=394644"},{"taxonomy":"post_tag","embeddable":true,"href":"https:\/\/www.hashtag.al\/index.php\/wp-json\/wp\/v2\/tags?post=394644"}],"curies":[{"name":"wp","href":"https:\/\/api.w.org\/{rel}","templated":true}]}}