{"id":394589,"date":"2020-08-17T18:39:17","date_gmt":"2020-08-17T16:39:17","guid":{"rendered":"https:\/\/hashtag.al\/?p=394589"},"modified":"2020-08-17T18:39:17","modified_gmt":"2020-08-17T16:39:17","slug":"3-viktima-dhe-103-raste-te-reja-lidhur-me-covid-19-ne-maqedonine-e-veriut","status":"publish","type":"post","link":"https:\/\/www.hashtag.al\/index.php\/2020\/08\/17\/3-viktima-dhe-103-raste-te-reja-lidhur-me-covid-19-ne-maqedonine-e-veriut\/","title":{"rendered":"3 viktima dhe 103 raste t\u00eb reja lidhur me Covid-19 n\u00eb Maqedonin\u00eb e Veriut","gt_translate_keys":[{"key":"rendered","format":"text"}]},"content":{"rendered":"<p><img loading=\"lazy\" decoding=\"async\" class=\"aligncenter size-full wp-image-383590\" src=\"https:\/\/hashtag.al\/wp-content\/uploads\/2020\/06\/Maqedoni-e-Veriut-1.jpg\" alt=\"\" width=\"917\" height=\"490\" srcset=\"https:\/\/www.hashtag.al\/wp-content\/uploads\/2020\/06\/Maqedoni-e-Veriut-1.jpg 917w, https:\/\/www.hashtag.al\/wp-content\/uploads\/2020\/06\/Maqedoni-e-Veriut-1-300x160.jpg 300w, https:\/\/www.hashtag.al\/wp-content\/uploads\/2020\/06\/Maqedoni-e-Veriut-1-768x410.jpg 768w, https:\/\/www.hashtag.al\/wp-content\/uploads\/2020\/06\/Maqedoni-e-Veriut-1-620x330.jpg 620w\" sizes=\"auto, (max-width: 917px) 100vw, 917px\" \/><\/p>\n<p><span style=\"color: #000000;\">Maqedonia e Veriut ka regjistruar n\u00eb 24 or\u00ebt e fundit 3 viktima dhe 103 raste t\u00eb reja me COVID-19.<\/span><\/p>\n<p><span style=\"color: #000000;\">Bie n\u00eb sy se tashm\u00eb stafet\u00ebn e rasteve e ka marr\u00eb Kumanova me 26 t\u00eb tilla, teksa Shkupa ka gjys\u00ebm e saj, 13. Nd\u00ebrkoh\u00eb edhe Gostivari ka 15 raste kurse qytetet e tjera kan\u00eb m\u00eb pak se 10.<\/span><\/p>\n<p><span style=\"color: #000000;\">Nd\u00ebrkoh\u00eb edhe numri i t\u00eb sh\u00ebruarve ishte i lart\u00eb s\u00eb fundmi pasi 187 pacient\u00eb fituan betej\u00ebn me COVID-19 n\u00eb Maqedonin\u00eb e Veriut.<\/span><\/p>\n","protected":false,"gt_translate_keys":[{"key":"rendered","format":"html"}]},"excerpt":{"rendered":"<p>Maqedonia e Veriut ka regjistruar n\u00eb 24 or\u00ebt e fundit 3 viktima dhe 103 raste t\u00eb reja me COVID-19. Bie n\u00eb sy se tashm\u00eb stafet\u00ebn e rasteve e ka marr\u00eb Kumanova me 26 t\u00eb tilla, teksa Shkupa ka gjys\u00ebm e saj, 13. Nd\u00ebrkoh\u00eb edhe Gostivari ka 15 raste kurse qytetet e tjera kan\u00eb m\u00eb pak [&hellip;]<\/p>\n","protected":false,"gt_translate_keys":[{"key":"rendered","format":"html"}]},"author":32,"featured_media":384627,"comment_status":"open","ping_status":"open","sticky":false,"template":"","format":"standard","meta":{"footnotes":""},"categories":[149,13],"tags":[],"class_list":["post-394589","post","type-post","status-publish","format-standard","has-post-thumbnail","hentry","category-kosoverajon","category-te-fundit"],"gt_translate_keys":[{"key":"link","format":"url"}],"_links":{"self":[{"href":"https:\/\/www.hashtag.al\/index.php\/wp-json\/wp\/v2\/posts\/394589","targetHints":{"allow":["GET"]}}],"collection":[{"href":"https:\/\/www.hashtag.al\/index.php\/wp-json\/wp\/v2\/posts"}],"about":[{"href":"https:\/\/www.hashtag.al\/index.php\/wp-json\/wp\/v2\/types\/post"}],"author":[{"embeddable":true,"href":"https:\/\/www.hashtag.al\/index.php\/wp-json\/wp\/v2\/users\/32"}],"replies":[{"embeddable":true,"href":"https:\/\/www.hashtag.al\/index.php\/wp-json\/wp\/v2\/comments?post=394589"}],"version-history":[{"count":0,"href":"https:\/\/www.hashtag.al\/index.php\/wp-json\/wp\/v2\/posts\/394589\/revisions"}],"wp:featuredmedia":[{"embeddable":true,"href":"https:\/\/www.hashtag.al\/index.php\/wp-json\/wp\/v2\/media\/384627"}],"wp:attachment":[{"href":"https:\/\/www.hashtag.al\/index.php\/wp-json\/wp\/v2\/media?parent=394589"}],"wp:term":[{"taxonomy":"category","embeddable":true,"href":"https:\/\/www.hashtag.al\/index.php\/wp-json\/wp\/v2\/categories?post=394589"},{"taxonomy":"post_tag","embeddable":true,"href":"https:\/\/www.hashtag.al\/index.php\/wp-json\/wp\/v2\/tags?post=394589"}],"curies":[{"name":"wp","href":"https:\/\/api.w.org\/{rel}","templated":true}]}}