{"id":394544,"date":"2020-08-17T13:36:37","date_gmt":"2020-08-17T11:36:37","guid":{"rendered":"https:\/\/hashtag.al\/?p=394544"},"modified":"2020-08-17T13:36:37","modified_gmt":"2020-08-17T11:36:37","slug":"meta-qeveria-shqiptare-pergjegjese-per-situaten-e-rende-ne-kakavije","status":"publish","type":"post","link":"https:\/\/www.hashtag.al\/index.php\/2020\/08\/17\/meta-qeveria-shqiptare-pergjegjese-per-situaten-e-rende-ne-kakavije\/","title":{"rendered":"Meta: Qeveria shqiptare p\u00ebrgjegj\u00ebse p\u00ebr situat\u00ebn e r\u00ebnd\u00eb n\u00eb Kakavij\u00eb","gt_translate_keys":[{"key":"rendered","format":"text"}]},"content":{"rendered":"<p><img loading=\"lazy\" decoding=\"async\" class=\"aligncenter size-full wp-image-394545\" src=\"https:\/\/hashtag.al\/wp-content\/uploads\/2020\/08\/meta.png\" alt=\"\" width=\"792\" height=\"444\" srcset=\"https:\/\/www.hashtag.al\/wp-content\/uploads\/2020\/08\/meta.png 792w, https:\/\/www.hashtag.al\/wp-content\/uploads\/2020\/08\/meta-300x168.png 300w, https:\/\/www.hashtag.al\/wp-content\/uploads\/2020\/08\/meta-768x431.png 768w\" sizes=\"auto, (max-width: 792px) 100vw, 792px\" \/><\/p>\n<p><span style=\"color: #000000;\">Presidenti Meta ka deklaruar se p\u00ebr situat\u00ebn n\u00eb pik\u00ebn kufitare t\u00eb Kakavij\u00ebs p\u00ebrgjegj\u00ebsia \u00ebsht\u00eb e qeveris\u00eb shqiptare. <\/span><\/p>\n<p><span style=\"color: #000000;\">N\u00eb nj\u00eb konferenc\u00eb p\u00ebr shtyp nga selia e Presidenc\u00ebs, kreu i shtetit theksoi se qytetar\u00ebve nuk u isht\u00eb dh\u00ebn\u00eb informacioni i p\u00ebrdit\u00ebsuar lidhur me kalimin n\u00eb pikat kufitare me Greqin\u00eb.<\/span><\/p>\n<p><span style=\"color: #000000;\"><em>\u201cSituata e krijuar n\u00eb Kakavij\u00eb ka t\u00eb b\u00ebj\u00eb me p\u00ebrgjegj\u00ebsit\u00eb e paushtruara t\u00eb qeveris\u00eb ndaj shtetasve t\u00eb saj. Si\u00e7 ndodh p\u00ebrher\u00eb, ajo e tregon gishtin p\u00ebrher\u00eb nga ana tjet\u00ebr e kufirit por n\u00eb fakt nuk ka ushtruar detyrimet e saj kundejt qytetar\u00ebve. <\/em><\/span><\/p>\n<p><span style=\"color: #000000;\"><em>\u00c7far\u00eb informacioni e sqarimi u \u00ebsht\u00eb dh\u00ebn\u00eb qytetar\u00ebve q\u00eb udh\u00ebtojn\u00eb jasht\u00eb vendit?<\/em><\/span><\/p>\n<p><span style=\"color: #000000;\"><em>Cfar\u00eb paralajm\u00ebrimi ka b\u00ebr\u00eb qeveria shqiptare p\u00ebr qytetar\u00ebt q\u00eb udh\u00ebtojn\u00eb jasht\u00eb vendit?<\/em><\/span><\/p>\n<p><span style=\"color: #000000;\"><em>A ka b\u00ebr\u00eb Ministria e Jashtme nj\u00eb njoftim p\u00ebr qytetar\u00ebt mbi kuotat e kalimit n\u00eb pikat kufitare me Greqin\u00eb?<\/em><\/span><\/p>\n<p><span style=\"color: #000000;\"><em>Radh\u00eb ka pasur edhe n\u00eb situata normale n\u00eb k\u00ebt\u00eb koh\u00eb dhe muaji gusht mbetet i ngarkuar thuajse p\u00ebrher\u00eb, sidomos k\u00ebsaj here ne kushtet e pandemis\u00eb ku k\u00ebrkohej nj\u00eb trajtim i ve\u00e7ant\u00eb nga qeveria.<\/em><\/span><\/p>\n<p><span style=\"color: #000000;\"><em>Radh\u00ebt e gjata jan\u00eb t\u00eb pajustifikuara nga qeveria.\u201d<\/em> &#8211; tha Meta.<\/span><\/p>\n<p><span style=\"color: #000000;\">Meta shtoi m\u00eb tej se qeveria tregoi pap\u00ebrgjegjshm\u00ebri n\u00eb menaxhimin e situat\u00ebs duke mos i paraprir\u00eb asaj. <\/span><\/p>\n<p><span style=\"color: #000000;\">Nd\u00ebrsa i b\u00ebri thirrje asaj q\u00eb t\u00eb siguroj\u00eb tampon\u00eb falas p\u00ebr qytetar\u00ebt shqiptar\u00eb q\u00eb k\u00ebrkojn\u00eb t\u00eb udh\u00ebtojn\u00eb jasht\u00eb vendit si dhe t\u00eb siguroj\u00eb q\u00eb situata t\u00eb tilla t\u00eb mos p\u00ebrs\u00ebriten.<\/span><\/p>\n<p><span style=\"color: #000000;\"><em>\u201cNj\u00eb qeveri e p\u00ebrgjegjshme nuk reagon pas krijimit t\u00eb situatave t\u00eb tilla por vepron p\u00ebrpara p\u00ebr t\u2019i parandaluar. Askush nuk i njoftoi qytetar\u00ebt mbi kushtet e hyrjes n\u00eb vendin fqinj. Qeveria faj\u00ebsoi vet\u00eb qytetar\u00ebt p\u00ebr radh\u00ebt e gjata. Kjo \u00ebsht\u00eb e pafalshme dhe e papranueshme sepse \u00ebsht\u00eb pap\u00ebrgjegjshm\u00ebri. Dua t\u00eb fal\u00ebnderoj median p\u00ebr rolin e ve\u00e7ant\u00eb q\u00eb luajti p\u00ebr sensibilizimin e asaj situate t\u00eb v\u00ebshtir\u00eb. Fal\u00ebnderoj gazetar\u00ebt q\u00eb u erdh\u00ebn n\u00eb ndihm\u00eb shqiptar\u00ebve t\u00eb bllokuar.\u00a0<\/em><em>Qeria duhet t\u00eb siguroj\u00eb tampon\u00eb falas p\u00ebr qytetar\u00ebt shqiptar\u00eb dhe t\u00eb marr\u00eb masa q\u00eb ngjarje t\u00eb tilla t\u00eb mos p\u00ebrs\u00ebriten m\u00eb n\u00eb pikat kufitare t\u00eb Shqip\u00ebris\u00eb.\u00a0<\/em><em>U k\u00ebrkoj ndjes\u00eb si president qytetar\u00ebve q\u00eb kaluam ato dit\u00eb e net me sakrifica t\u00eb jasht\u00ebzakonshme.\u201d<\/em> \u2013 shtoi Meta.<\/span><\/p>\n","protected":false,"gt_translate_keys":[{"key":"rendered","format":"html"}]},"excerpt":{"rendered":"<p>Presidenti Meta ka deklaruar se p\u00ebr situat\u00ebn n\u00eb pik\u00ebn kufitare t\u00eb Kakavij\u00ebs p\u00ebrgjegj\u00ebsia \u00ebsht\u00eb e qeveris\u00eb shqiptare. N\u00eb nj\u00eb konferenc\u00eb p\u00ebr shtyp nga selia e Presidenc\u00ebs, kreu i shtetit theksoi se qytetar\u00ebve nuk u isht\u00eb dh\u00ebn\u00eb informacioni i p\u00ebrdit\u00ebsuar lidhur me kalimin n\u00eb pikat kufitare me Greqin\u00eb. \u201cSituata e krijuar n\u00eb Kakavij\u00eb ka t\u00eb b\u00ebj\u00eb [&hellip;]<\/p>\n","protected":false,"gt_translate_keys":[{"key":"rendered","format":"html"}]},"author":51,"featured_media":394545,"comment_status":"open","ping_status":"open","sticky":false,"template":"","format":"standard","meta":{"footnotes":""},"categories":[65,13],"tags":[],"class_list":["post-394544","post","type-post","status-publish","format-standard","has-post-thumbnail","hentry","category-lajme","category-te-fundit"],"gt_translate_keys":[{"key":"link","format":"url"}],"_links":{"self":[{"href":"https:\/\/www.hashtag.al\/index.php\/wp-json\/wp\/v2\/posts\/394544","targetHints":{"allow":["GET"]}}],"collection":[{"href":"https:\/\/www.hashtag.al\/index.php\/wp-json\/wp\/v2\/posts"}],"about":[{"href":"https:\/\/www.hashtag.al\/index.php\/wp-json\/wp\/v2\/types\/post"}],"author":[{"embeddable":true,"href":"https:\/\/www.hashtag.al\/index.php\/wp-json\/wp\/v2\/users\/51"}],"replies":[{"embeddable":true,"href":"https:\/\/www.hashtag.al\/index.php\/wp-json\/wp\/v2\/comments?post=394544"}],"version-history":[{"count":0,"href":"https:\/\/www.hashtag.al\/index.php\/wp-json\/wp\/v2\/posts\/394544\/revisions"}],"wp:featuredmedia":[{"embeddable":true,"href":"https:\/\/www.hashtag.al\/index.php\/wp-json\/wp\/v2\/media\/394545"}],"wp:attachment":[{"href":"https:\/\/www.hashtag.al\/index.php\/wp-json\/wp\/v2\/media?parent=394544"}],"wp:term":[{"taxonomy":"category","embeddable":true,"href":"https:\/\/www.hashtag.al\/index.php\/wp-json\/wp\/v2\/categories?post=394544"},{"taxonomy":"post_tag","embeddable":true,"href":"https:\/\/www.hashtag.al\/index.php\/wp-json\/wp\/v2\/tags?post=394544"}],"curies":[{"name":"wp","href":"https:\/\/api.w.org\/{rel}","templated":true}]}}