{"id":394137,"date":"2020-08-15T13:01:53","date_gmt":"2020-08-15T11:01:53","guid":{"rendered":"https:\/\/hashtag.al\/?p=394137"},"modified":"2020-08-15T13:01:53","modified_gmt":"2020-08-15T11:01:53","slug":"balla-pas-videos-se-pampurit-te-hetohen-kasandrat-e-opozites-qe-kane-nisur-nje-beteje-te-re-te-perhapjes-se-panikut","status":"publish","type":"post","link":"https:\/\/www.hashtag.al\/index.php\/2020\/08\/15\/balla-pas-videos-se-pampurit-te-hetohen-kasandrat-e-opozites-qe-kane-nisur-nje-beteje-te-re-te-perhapjes-se-panikut\/","title":{"rendered":"Balla pas videos s\u00eb Pampurit: T\u00eb hetohen \u201ckasandrat\u201d e opozit\u00ebs q\u00eb kan\u00eb nisur nj\u00eb betej\u00eb t\u00eb re t\u00eb p\u00ebrhapjes s\u00eb panikut","gt_translate_keys":[{"key":"rendered","format":"text"}]},"content":{"rendered":"<p><a href=\"https:\/\/hashtag.al\/wp-content\/uploads\/2020\/08\/b-2.jpg\"><img loading=\"lazy\" decoding=\"async\" class=\"aligncenter size-full wp-image-394139\" src=\"https:\/\/hashtag.al\/wp-content\/uploads\/2020\/08\/b-2.jpg\" alt=\"\" width=\"605\" height=\"379\" srcset=\"https:\/\/www.hashtag.al\/wp-content\/uploads\/2020\/08\/b-2.jpg 605w, https:\/\/www.hashtag.al\/wp-content\/uploads\/2020\/08\/b-2-300x188.jpg 300w\" sizes=\"auto, (max-width: 605px) 100vw, 605px\" \/><\/a><\/p>\n<p><span style=\"color: #000000;\">Taulant Balla, ka reaguar lidhur me videon e shp\u00ebrndar\u00eb nga ish-deputetja e PD, Oriola Pampuri, e cila thot\u00eb se n\u00eb \u201csh\u00ebndet\u00ebsin\u00eb falas\u201d t\u00eb Edi Ram\u00ebs, shqiptar\u00ebt blejn\u00eb vet\u00eb nga ushqimi deri tek respirator\u00ebt.<\/span><\/p>\n<p><span style=\"color: #000000;\">P\u00ebrmes nj\u00eb postimi n\u00eb Facebook kryetari i grupit parlametar thekson se gjat\u00eb k\u00ebtyre 6 muajve n\u00eb Shqip\u00ebri p\u00ebrve\u00e7 luft\u00ebs me armikun e paduksh\u00ebm, ka edhe nj\u00eb betej\u00eb me shpifjet, balt\u00ebn dhe panikun q\u00eb p\u00ebrhapin politikan\u00eb tipik\u00eb t\u00eb s\u00eb keqes.<\/span><\/p>\n<p><span style=\"color: #000000;\">Balla shprehet se &#8220;kasandrat e opozit\u00ebs&#8221; kan\u00eb nisur nj\u00eb betej\u00eb t\u00eb re, at\u00eb t\u00eb p\u00ebrhapjes s\u00eb panikut ekonomik dhe social duke p\u00ebrdorur at\u00eb q\u00eb njohin m\u00eb mir\u00eb balt\u00ebn dhe mashtrimin.<\/span><\/p>\n<p><span style=\"color: #000000;\"><em>\u201cKjo &#8216;kasand\u00ebr&#8217; ka publikuar sot nj\u00eb video-montazh, p\u00ebrmbajtja e s\u00eb cil\u00ebs duhet hetuar menj\u00ebher\u00eb nga organet ligjzbatuese, sepse n\u00eb t\u00eb shfaqen veprime t\u00eb paligjshme. Hetimi duhet t\u00eb jet\u00eb i shpejt\u00eb\u201d<\/em>, shkruan Balla.<\/span><\/p>\n<p><a href=\"https:\/\/hashtag.al\/wp-content\/uploads\/2020\/08\/postimi-1.jpg\"><img loading=\"lazy\" decoding=\"async\" class=\"aligncenter size-full wp-image-394140\" src=\"https:\/\/hashtag.al\/wp-content\/uploads\/2020\/08\/postimi-1.jpg\" alt=\"\" width=\"700\" height=\"389\" srcset=\"https:\/\/www.hashtag.al\/wp-content\/uploads\/2020\/08\/postimi-1.jpg 700w, https:\/\/www.hashtag.al\/wp-content\/uploads\/2020\/08\/postimi-1-300x167.jpg 300w\" sizes=\"auto, (max-width: 700px) 100vw, 700px\" \/><\/a><\/p>\n<p><strong><span style=\"color: #000000;\">Reagimi i Taulant Ball\u00ebs:<\/span><\/strong><\/p>\n<p><span style=\"color: #000000;\">Gjat\u00eb k\u00ebtyre 6 muajve n\u00eb Shqip\u00ebri p\u00ebrve\u00e7 luft\u00ebs me armikun e paduksh\u00ebm, ka edhe nj\u00eb betej\u00eb me shpifjet, balt\u00ebn dhe panikun q\u00eb p\u00ebrhapin politikan\u00eb tipik\u00eb t\u00eb s\u00eb keqes:<\/span><br \/>\n<span style=\"color: #000000;\">\u274cn\u00eb fillim kund\u00ebrshtonin p\u00ebrdorimin e mjeteve t\u00eb komunikimit n\u00eb apelin p\u00ebr t\u00eb q\u00ebndruar n\u00eb sht\u00ebpi e ruajtur higjien\u00ebn. Konferenca p\u00ebr shtyp nga divani e postime pafund pse Kryeministri u k\u00ebrkon nj\u00ebr\u00ebzve q\u00ebndroni n\u00eb sht\u00ebpi e pse u thot\u00eb lani duart;<\/span><br \/>\n<span style=\"color: #000000;\">\u274cm\u00eb pas filloi histeria e testeve masive, e q\u00eb u rr\u00ebzua nga OBSH;<\/span><br \/>\n<span style=\"color: #000000;\">\u274cvet\u00ebasgjesimi i \u00e7do norme njer\u00ebzore brenda opozit\u00ebs rrugore vijoi me akuza p\u00ebr \u201cfshehjen\u201d e vdekjeve dhe pasojave t\u00eb epidemis\u00eb;<\/span><br \/>\n<span style=\"color: #000000;\">\u274c kur Qeveria filloi leht\u00ebsimin e masave sht\u00ebrnguese por me kujdesin e domosdosh\u00ebmpak nga pak, nga opozita vinin klithmat pse vazhdon gjendja e jasht\u00ebzakonshme.<\/span><br \/>\n<span style=\"color: #000000;\">Nj\u00eb betej\u00eb e palogjikshme dhe pa asnj\u00eb argument, por vet\u00ebm si nj\u00eb politik\u00eb inati. Inat me k\u00eb? Me njer\u00ebzit, apo stafet mjek\u00ebsore?<\/span><br \/>\n<span style=\"color: #000000;\">Tani mesa duket, vet\u00eb kasandrat e opozit\u00ebs kan\u00eb nisur nj\u00eb betej\u00eb t\u00eb re, at\u00eb t\u00eb p\u00ebrhapjes s\u00eb panikut ekonomik dhe social duke p\u00ebrdorur at\u00eb q\u00eb njohin m\u00eb mir\u00eb balt\u00ebn dhe mashtrimin.<\/span><br \/>\n<span style=\"color: #000000;\">Esht\u00eb nj\u00eb ish-deputete e Partis\u00eb Demokratike q\u00eb \u00ebsht\u00eb b\u00ebr\u00eb e njohur n\u00eb pubik vet\u00ebm si \u201ckasand\u00ebr\u201d.<\/span><br \/>\n<span style=\"color: #000000;\">E ka nisur tek Unaza e Re, kur shpikte t\u00eb vdekur njer\u00ebz me sh\u00ebndet t\u00eb plot\u00eb, ka vazhduar n\u00eb Durr\u00ebs me t\u00ebrmetin dhe \u00ebsht\u00eb shfaqur rregullisht gjat\u00eb epidemis\u00eb, si lajm\u00ebtare vdekjesh dhe vuajtjesh t\u00eb m\u00ebdha.<\/span><br \/>\n<span style=\"color: #000000;\">Kjo \u201ckasand\u00ebr\u201d ka publikuar sot nj\u00eb video-montazh, p\u00ebrmbajtja e s\u00eb cil\u00ebs duhet hetuar menj\u00ebher\u00eb nga organet ligjzbatuese, sepse n\u00eb t\u00eb shfaqen veprime t\u00eb paligjshme. Hetimi duhet t\u00eb jet\u00eb i shpejt\u00eb.<\/span><br \/>\n<span style=\"color: #000000;\">Askush nuk duhet ta p\u00ebrdor\u00eb k\u00ebt\u00eb flam\u00eb t\u00eb papar\u00eb si koronavirusi, p\u00ebr t\u00eb shp\u00ebrndar\u00eb panik, nxitur ankth, k\u00ebrkuar rr\u00ebmuj\u00eb, apo demoralizuar mjek\u00ebt, infermieret dhe stafet e tjera sh\u00ebndet\u00ebsore.<\/span><\/p>\n","protected":false,"gt_translate_keys":[{"key":"rendered","format":"html"}]},"excerpt":{"rendered":"<p>Taulant Balla, ka reaguar lidhur me videon e shp\u00ebrndar\u00eb nga ish-deputetja e PD, Oriola Pampuri, e cila thot\u00eb se n\u00eb \u201csh\u00ebndet\u00ebsin\u00eb falas\u201d t\u00eb Edi Ram\u00ebs, shqiptar\u00ebt blejn\u00eb vet\u00eb nga ushqimi deri tek respirator\u00ebt. P\u00ebrmes nj\u00eb postimi n\u00eb Facebook kryetari i grupit parlametar thekson se gjat\u00eb k\u00ebtyre 6 muajve n\u00eb Shqip\u00ebri p\u00ebrve\u00e7 luft\u00ebs me armikun e [&hellip;]<\/p>\n","protected":false,"gt_translate_keys":[{"key":"rendered","format":"html"}]},"author":30,"featured_media":394139,"comment_status":"open","ping_status":"open","sticky":false,"template":"","format":"standard","meta":{"footnotes":""},"categories":[65,13],"tags":[],"class_list":["post-394137","post","type-post","status-publish","format-standard","has-post-thumbnail","hentry","category-lajme","category-te-fundit"],"gt_translate_keys":[{"key":"link","format":"url"}],"_links":{"self":[{"href":"https:\/\/www.hashtag.al\/index.php\/wp-json\/wp\/v2\/posts\/394137","targetHints":{"allow":["GET"]}}],"collection":[{"href":"https:\/\/www.hashtag.al\/index.php\/wp-json\/wp\/v2\/posts"}],"about":[{"href":"https:\/\/www.hashtag.al\/index.php\/wp-json\/wp\/v2\/types\/post"}],"author":[{"embeddable":true,"href":"https:\/\/www.hashtag.al\/index.php\/wp-json\/wp\/v2\/users\/30"}],"replies":[{"embeddable":true,"href":"https:\/\/www.hashtag.al\/index.php\/wp-json\/wp\/v2\/comments?post=394137"}],"version-history":[{"count":0,"href":"https:\/\/www.hashtag.al\/index.php\/wp-json\/wp\/v2\/posts\/394137\/revisions"}],"wp:featuredmedia":[{"embeddable":true,"href":"https:\/\/www.hashtag.al\/index.php\/wp-json\/wp\/v2\/media\/394139"}],"wp:attachment":[{"href":"https:\/\/www.hashtag.al\/index.php\/wp-json\/wp\/v2\/media?parent=394137"}],"wp:term":[{"taxonomy":"category","embeddable":true,"href":"https:\/\/www.hashtag.al\/index.php\/wp-json\/wp\/v2\/categories?post=394137"},{"taxonomy":"post_tag","embeddable":true,"href":"https:\/\/www.hashtag.al\/index.php\/wp-json\/wp\/v2\/tags?post=394137"}],"curies":[{"name":"wp","href":"https:\/\/api.w.org\/{rel}","templated":true}]}}