{"id":393524,"date":"2020-08-12T19:33:05","date_gmt":"2020-08-12T17:33:05","guid":{"rendered":"https:\/\/hashtag.al\/?p=393524"},"modified":"2020-08-12T19:33:05","modified_gmt":"2020-08-12T17:33:05","slug":"skenderbeu-humb-betejen-edhe-ne-gjykaten-federale-te-zvicres-korcaret-te-pakenaqur-me-vendimin","status":"publish","type":"post","link":"https:\/\/www.hashtag.al\/index.php\/2020\/08\/12\/skenderbeu-humb-betejen-edhe-ne-gjykaten-federale-te-zvicres-korcaret-te-pakenaqur-me-vendimin\/","title":{"rendered":"Sk\u00ebnderbeu humb betej\u00ebn edhe n\u00eb Gjykat\u00ebn Federale t\u00eb Zvicr\u00ebs, kor\u00e7ar\u00ebt t\u00eb pak\u00ebnaqur me vendimin","gt_translate_keys":[{"key":"rendered","format":"text"}]},"content":{"rendered":"<p><img loading=\"lazy\" decoding=\"async\" class=\"aligncenter size-full wp-image-280827\" src=\"https:\/\/hashtag.al\/wp-content\/uploads\/2019\/03\/kas-skenderbeu.jpg\" alt=\"\" width=\"650\" height=\"450\" srcset=\"https:\/\/www.hashtag.al\/wp-content\/uploads\/2019\/03\/kas-skenderbeu.jpg 650w, https:\/\/www.hashtag.al\/wp-content\/uploads\/2019\/03\/kas-skenderbeu-300x208.jpg 300w\" sizes=\"auto, (max-width: 650px) 100vw, 650px\" \/><\/p>\n<p><span style=\"color: #000000;\">Skuadra kor\u00e7are e Sk\u00ebnderbeut ka zbardhur e Gjykat\u00ebs Federale t\u00eb Zvicr\u00ebs mbi rekursin q\u00eb b\u00ebn\u00eb p\u00ebr vendimin e CAS p\u00ebr d\u00ebnimin prej 10 vitesh mos-pjes\u00ebmarrje n\u00eb kupat e Evrop\u00ebs.<\/span><\/p>\n<p><span style=\"color: #000000;\">Kor\u00e7ar\u00ebt p\u00ebrmes nj\u00eb postimi n\u00eb rrjetet sociale thon\u00eb se Gjykata Federale la n\u00eb fuqi vendimin e CAS.<\/span><\/p>\n<p><span style=\"color: #000000;\">Klubi shprehet i pak\u00ebnaqur dhe thot\u00eb se do ankimoj\u00eb k\u00ebt\u00eb vendim n\u00eb Gjykat\u00ebn Evropiane t\u00eb t\u00eb Drejtave t\u00eb Njeriut.<\/span><\/p>\n<p><strong><span style=\"color: #000000;\">Njoftimi i klubit Sk\u00ebnderbeu:<\/span> <\/strong><\/p>\n<p><img loading=\"lazy\" decoding=\"async\" class=\"aligncenter size-full wp-image-393525\" src=\"https:\/\/hashtag.al\/wp-content\/uploads\/2020\/08\/Skenderbeu.jpg\" alt=\"\" width=\"471\" height=\"445\" srcset=\"https:\/\/www.hashtag.al\/wp-content\/uploads\/2020\/08\/Skenderbeu.jpg 471w, https:\/\/www.hashtag.al\/wp-content\/uploads\/2020\/08\/Skenderbeu-300x283.jpg 300w\" sizes=\"auto, (max-width: 471px) 100vw, 471px\" \/><\/p>\n","protected":false,"gt_translate_keys":[{"key":"rendered","format":"html"}]},"excerpt":{"rendered":"<p>Skuadra kor\u00e7are e Sk\u00ebnderbeut ka zbardhur e Gjykat\u00ebs Federale t\u00eb Zvicr\u00ebs mbi rekursin q\u00eb b\u00ebn\u00eb p\u00ebr vendimin e CAS p\u00ebr d\u00ebnimin prej 10 vitesh mos-pjes\u00ebmarrje n\u00eb kupat e Evrop\u00ebs. Kor\u00e7ar\u00ebt p\u00ebrmes nj\u00eb postimi n\u00eb rrjetet sociale thon\u00eb se Gjykata Federale la n\u00eb fuqi vendimin e CAS. Klubi shprehet i pak\u00ebnaqur dhe thot\u00eb se do ankimoj\u00eb [&hellip;]<\/p>\n","protected":false,"gt_translate_keys":[{"key":"rendered","format":"html"}]},"author":32,"featured_media":290429,"comment_status":"open","ping_status":"open","sticky":false,"template":"","format":"standard","meta":{"footnotes":""},"categories":[134,13],"tags":[],"class_list":["post-393524","post","type-post","status-publish","format-standard","has-post-thumbnail","hentry","category-sport","category-te-fundit"],"gt_translate_keys":[{"key":"link","format":"url"}],"_links":{"self":[{"href":"https:\/\/www.hashtag.al\/index.php\/wp-json\/wp\/v2\/posts\/393524","targetHints":{"allow":["GET"]}}],"collection":[{"href":"https:\/\/www.hashtag.al\/index.php\/wp-json\/wp\/v2\/posts"}],"about":[{"href":"https:\/\/www.hashtag.al\/index.php\/wp-json\/wp\/v2\/types\/post"}],"author":[{"embeddable":true,"href":"https:\/\/www.hashtag.al\/index.php\/wp-json\/wp\/v2\/users\/32"}],"replies":[{"embeddable":true,"href":"https:\/\/www.hashtag.al\/index.php\/wp-json\/wp\/v2\/comments?post=393524"}],"version-history":[{"count":0,"href":"https:\/\/www.hashtag.al\/index.php\/wp-json\/wp\/v2\/posts\/393524\/revisions"}],"wp:featuredmedia":[{"embeddable":true,"href":"https:\/\/www.hashtag.al\/index.php\/wp-json\/wp\/v2\/media\/290429"}],"wp:attachment":[{"href":"https:\/\/www.hashtag.al\/index.php\/wp-json\/wp\/v2\/media?parent=393524"}],"wp:term":[{"taxonomy":"category","embeddable":true,"href":"https:\/\/www.hashtag.al\/index.php\/wp-json\/wp\/v2\/categories?post=393524"},{"taxonomy":"post_tag","embeddable":true,"href":"https:\/\/www.hashtag.al\/index.php\/wp-json\/wp\/v2\/tags?post=393524"}],"curies":[{"name":"wp","href":"https:\/\/api.w.org\/{rel}","templated":true}]}}