{"id":393493,"date":"2020-08-12T16:45:21","date_gmt":"2020-08-12T14:45:21","guid":{"rendered":"https:\/\/hashtag.al\/?p=393493"},"modified":"2020-08-12T16:44:02","modified_gmt":"2020-08-12T14:44:02","slug":"arberishtja-njihet-gjuhe-zyrtare-e-pakicave-ne-abruco-meta-trashegimia-e-perbashket-te-mbrohet-e-promovohet","status":"publish","type":"post","link":"https:\/\/www.hashtag.al\/index.php\/2020\/08\/12\/arberishtja-njihet-gjuhe-zyrtare-e-pakicave-ne-abruco-meta-trashegimia-e-perbashket-te-mbrohet-e-promovohet\/","title":{"rendered":"Arb\u00ebrishtja njihet gjuh\u00eb zyrtare e pakicave n\u00eb Abruco, Meta: Trash\u00ebgimia e p\u00ebrbashk\u00ebt t\u00eb mbrohet e promovohet","gt_translate_keys":[{"key":"rendered","format":"text"}]},"content":{"rendered":"<p><img loading=\"lazy\" decoding=\"async\" class=\"aligncenter size-full wp-image-393494\" src=\"https:\/\/hashtag.al\/wp-content\/uploads\/2020\/08\/metaarbereshet.jpg\" alt=\"\" width=\"960\" height=\"640\" srcset=\"https:\/\/www.hashtag.al\/wp-content\/uploads\/2020\/08\/metaarbereshet.jpg 960w, https:\/\/www.hashtag.al\/wp-content\/uploads\/2020\/08\/metaarbereshet-300x200.jpg 300w, https:\/\/www.hashtag.al\/wp-content\/uploads\/2020\/08\/metaarbereshet-768x512.jpg 768w\" sizes=\"auto, (max-width: 960px) 100vw, 960px\" \/><\/p>\n<p><span style=\"color: #000000;\">Presidenti Meta ka p\u00ebrsh\u00ebndetur vendimin e qeveris\u00eb s\u00eb Italis\u00eb p\u00ebr t\u00eb njohur arb\u00ebrishten si gjuh\u00eb t\u00eb pakicave n\u00eb rajonin e Abrucos. <\/span><\/p>\n<p><span style=\"color: #000000;\">N\u00eb postimin e tij, kreu i shtetit thekson se trash\u00ebgimia kulturore arb\u00ebreshe jo vet\u00ebm duhet mbrojtur si trash\u00ebgimi e p\u00ebrbashk\u00ebt mes dy vendeve por edhe duhet promovuar.<\/span><\/p>\n<p><span style=\"color: #000000;\"><em>\u201cMe k\u00ebnaq\u00ebsi t\u00eb madhe mora vesh lajmin se K\u00ebshilli Rajonal i Abrucos votoi sot njohjen e arb\u00ebrishtes si gjuh\u00eb zyrtare t\u00eb pakicave n\u00eb k\u00ebt\u00eb rajon t\u00eb Italis\u00eb. Mir\u00ebnjohje Kryetarit t\u00eb Bashkis\u00eb Arb\u00ebreshe t\u00eb Villa Badessa, z.Simone Ballozo q\u00eb inkurajoi dhe mb\u00ebshteti konkretizimin e k\u00ebtij vendimi tep\u00ebr t\u00eb r\u00ebnd\u00ebsish\u00ebm, q\u00eb i forcon edhe m\u00eb shum\u00eb marr\u00ebdh\u00ebniet e shk\u00eblqyera t\u00eb Shqip\u00ebris\u00eb me Italin\u00eb. \u00cbsht\u00eb me r\u00ebnd\u00ebsi q\u00eb trash\u00ebgimia e jasht\u00ebzakonshme kulturore arb\u00ebreshe, kjo pasuri e p\u00ebrbashk\u00ebt e dy vendeve dhe popujve tan\u00eb, t\u00eb mbrohet dhe promovohet. Gjuha arb\u00ebreshe q\u00eb flitet prej shekujsh duhet t\u00eb vazhdoj\u00eb t\u00eb jetoj\u00eb, ndaj ne mir\u00ebpresimin njohjen e saj si gjuh\u00eb zyrtare t\u00eb pakicave edhe n\u00eb rajonet e tjera t\u00eb Italis\u00eb ku jetojn\u00eb arb\u00ebresh\u00ebt.\u201d<\/em> &#8211; shkruan Meta.<\/span><\/p>\n","protected":false,"gt_translate_keys":[{"key":"rendered","format":"html"}]},"excerpt":{"rendered":"<p>Presidenti Meta ka p\u00ebrsh\u00ebndetur vendimin e qeveris\u00eb s\u00eb Italis\u00eb p\u00ebr t\u00eb njohur arb\u00ebrishten si gjuh\u00eb t\u00eb pakicave n\u00eb rajonin e Abrucos. N\u00eb postimin e tij, kreu i shtetit thekson se trash\u00ebgimia kulturore arb\u00ebreshe jo vet\u00ebm duhet mbrojtur si trash\u00ebgimi e p\u00ebrbashk\u00ebt mes dy vendeve por edhe duhet promovuar. \u201cMe k\u00ebnaq\u00ebsi t\u00eb madhe mora vesh lajmin [&hellip;]<\/p>\n","protected":false,"gt_translate_keys":[{"key":"rendered","format":"html"}]},"author":51,"featured_media":393494,"comment_status":"open","ping_status":"open","sticky":false,"template":"","format":"standard","meta":{"footnotes":""},"categories":[65,13],"tags":[],"class_list":["post-393493","post","type-post","status-publish","format-standard","has-post-thumbnail","hentry","category-lajme","category-te-fundit"],"gt_translate_keys":[{"key":"link","format":"url"}],"_links":{"self":[{"href":"https:\/\/www.hashtag.al\/index.php\/wp-json\/wp\/v2\/posts\/393493","targetHints":{"allow":["GET"]}}],"collection":[{"href":"https:\/\/www.hashtag.al\/index.php\/wp-json\/wp\/v2\/posts"}],"about":[{"href":"https:\/\/www.hashtag.al\/index.php\/wp-json\/wp\/v2\/types\/post"}],"author":[{"embeddable":true,"href":"https:\/\/www.hashtag.al\/index.php\/wp-json\/wp\/v2\/users\/51"}],"replies":[{"embeddable":true,"href":"https:\/\/www.hashtag.al\/index.php\/wp-json\/wp\/v2\/comments?post=393493"}],"version-history":[{"count":0,"href":"https:\/\/www.hashtag.al\/index.php\/wp-json\/wp\/v2\/posts\/393493\/revisions"}],"wp:featuredmedia":[{"embeddable":true,"href":"https:\/\/www.hashtag.al\/index.php\/wp-json\/wp\/v2\/media\/393494"}],"wp:attachment":[{"href":"https:\/\/www.hashtag.al\/index.php\/wp-json\/wp\/v2\/media?parent=393493"}],"wp:term":[{"taxonomy":"category","embeddable":true,"href":"https:\/\/www.hashtag.al\/index.php\/wp-json\/wp\/v2\/categories?post=393493"},{"taxonomy":"post_tag","embeddable":true,"href":"https:\/\/www.hashtag.al\/index.php\/wp-json\/wp\/v2\/tags?post=393493"}],"curies":[{"name":"wp","href":"https:\/\/api.w.org\/{rel}","templated":true}]}}