{"id":393344,"date":"2020-08-11T23:45:14","date_gmt":"2020-08-11T21:45:14","guid":{"rendered":"https:\/\/hashtag.al\/?p=393344"},"modified":"2020-08-11T23:45:14","modified_gmt":"2020-08-11T21:45:14","slug":"renea-mesyn-ne-peqin-rrethon-banesen-ku-dyshohet-se-fshihet-talo-cela","status":"publish","type":"post","link":"https:\/\/www.hashtag.al\/index.php\/2020\/08\/11\/renea-mesyn-ne-peqin-rrethon-banesen-ku-dyshohet-se-fshihet-talo-cela\/","title":{"rendered":"RENEA m\u00ebsyn n\u00eb Peqin, rrethon banes\u00ebn ku dyshohet se fshihet Talo \u00c7ela","gt_translate_keys":[{"key":"rendered","format":"text"}]},"content":{"rendered":"<p><img loading=\"lazy\" decoding=\"async\" class=\"aligncenter size-full wp-image-385602\" src=\"https:\/\/hashtag.al\/wp-content\/uploads\/2020\/07\/talo-cela.jpg\" alt=\"\" width=\"900\" height=\"1134\" srcset=\"https:\/\/www.hashtag.al\/wp-content\/uploads\/2020\/07\/talo-cela.jpg 900w, https:\/\/www.hashtag.al\/wp-content\/uploads\/2020\/07\/talo-cela-238x300.jpg 238w, https:\/\/www.hashtag.al\/wp-content\/uploads\/2020\/07\/talo-cela-768x968.jpg 768w, https:\/\/www.hashtag.al\/wp-content\/uploads\/2020\/07\/talo-cela-813x1024.jpg 813w\" sizes=\"auto, (max-width: 900px) 100vw, 900px\" \/><\/p>\n<p><span style=\"color: #000000;\">Forcat e policis\u00eb s\u00eb shtetit dhe RENEA kan\u00eb blinduar Peqinin.<\/span><\/p>\n<p><span style=\"color: #000000;\">Efekttiv\u00ebt kan\u00eb rrethuar nj\u00eb banes\u00eb n\u00eb af\u00ebrsi t\u00eb burgut t\u00eb Peqinit ku dyshohet se fshihet Talo \u00c7ela i akuzuar p\u00ebr vrasjen e v\u00ebllez\u00ebrve Haxhia dhe grabitjen e Rinasit.<\/span><\/p>\n<p><span style=\"color: #000000;\">Operacioni \u00ebsht\u00eb p\u00ebrqendruar n\u00eb lagjen &#8220;Teqe&#8221;, teksa dyshohet se gjat\u00eb aksionit ka pasur edhe t\u00eb sht\u00ebna me arm\u00eb, raporton Report TV.<\/span><\/p>\n","protected":false,"gt_translate_keys":[{"key":"rendered","format":"html"}]},"excerpt":{"rendered":"<p>Forcat e policis\u00eb s\u00eb shtetit dhe RENEA kan\u00eb blinduar Peqinin. Efekttiv\u00ebt kan\u00eb rrethuar nj\u00eb banes\u00eb n\u00eb af\u00ebrsi t\u00eb burgut t\u00eb Peqinit ku dyshohet se fshihet Talo \u00c7ela i akuzuar p\u00ebr vrasjen e v\u00ebllez\u00ebrve Haxhia dhe grabitjen e Rinasit. Operacioni \u00ebsht\u00eb p\u00ebrqendruar n\u00eb lagjen &#8220;Teqe&#8221;, teksa dyshohet se gjat\u00eb aksionit ka pasur edhe t\u00eb sht\u00ebna me [&hellip;]<\/p>\n","protected":false,"gt_translate_keys":[{"key":"rendered","format":"html"}]},"author":32,"featured_media":393345,"comment_status":"open","ping_status":"open","sticky":false,"template":"","format":"standard","meta":{"footnotes":""},"categories":[65,13],"tags":[],"class_list":["post-393344","post","type-post","status-publish","format-standard","has-post-thumbnail","hentry","category-lajme","category-te-fundit"],"gt_translate_keys":[{"key":"link","format":"url"}],"_links":{"self":[{"href":"https:\/\/www.hashtag.al\/index.php\/wp-json\/wp\/v2\/posts\/393344","targetHints":{"allow":["GET"]}}],"collection":[{"href":"https:\/\/www.hashtag.al\/index.php\/wp-json\/wp\/v2\/posts"}],"about":[{"href":"https:\/\/www.hashtag.al\/index.php\/wp-json\/wp\/v2\/types\/post"}],"author":[{"embeddable":true,"href":"https:\/\/www.hashtag.al\/index.php\/wp-json\/wp\/v2\/users\/32"}],"replies":[{"embeddable":true,"href":"https:\/\/www.hashtag.al\/index.php\/wp-json\/wp\/v2\/comments?post=393344"}],"version-history":[{"count":0,"href":"https:\/\/www.hashtag.al\/index.php\/wp-json\/wp\/v2\/posts\/393344\/revisions"}],"wp:featuredmedia":[{"embeddable":true,"href":"https:\/\/www.hashtag.al\/index.php\/wp-json\/wp\/v2\/media\/393345"}],"wp:attachment":[{"href":"https:\/\/www.hashtag.al\/index.php\/wp-json\/wp\/v2\/media?parent=393344"}],"wp:term":[{"taxonomy":"category","embeddable":true,"href":"https:\/\/www.hashtag.al\/index.php\/wp-json\/wp\/v2\/categories?post=393344"},{"taxonomy":"post_tag","embeddable":true,"href":"https:\/\/www.hashtag.al\/index.php\/wp-json\/wp\/v2\/tags?post=393344"}],"curies":[{"name":"wp","href":"https:\/\/api.w.org\/{rel}","templated":true}]}}