{"id":393072,"date":"2020-08-10T16:57:44","date_gmt":"2020-08-10T14:57:44","guid":{"rendered":"https:\/\/hashtag.al\/?p=393072"},"modified":"2020-08-10T16:57:44","modified_gmt":"2020-08-10T14:57:44","slug":"bale-drejt-rikthimit-ne-premierligen-angleze","status":"publish","type":"post","link":"https:\/\/www.hashtag.al\/index.php\/2020\/08\/10\/bale-drejt-rikthimit-ne-premierligen-angleze\/","title":{"rendered":"Bale drejt rikthimit n\u00eb Premierlig\u00ebn angleze","gt_translate_keys":[{"key":"rendered","format":"text"}]},"content":{"rendered":"<p><img loading=\"lazy\" decoding=\"async\" class=\"aligncenter size-full wp-image-393073\" src=\"https:\/\/hashtag.al\/wp-content\/uploads\/2020\/08\/bale.jpg\" alt=\"\" width=\"2048\" height=\"1152\" srcset=\"https:\/\/www.hashtag.al\/wp-content\/uploads\/2020\/08\/bale.jpg 2048w, https:\/\/www.hashtag.al\/wp-content\/uploads\/2020\/08\/bale-300x169.jpg 300w, https:\/\/www.hashtag.al\/wp-content\/uploads\/2020\/08\/bale-768x432.jpg 768w, https:\/\/www.hashtag.al\/wp-content\/uploads\/2020\/08\/bale-1024x576.jpg 1024w\" sizes=\"auto, (max-width: 2048px) 100vw, 2048px\" \/><\/p>\n<p><span style=\"color: #000000;\">Uellsiani Bale \u00ebsht\u00eb shum\u00eb pran\u00eb largimit nga Reali i Madridit. <\/span><\/p>\n<p><span style=\"color: #000000;\">Lojtari, tashm\u00eb 31-vje\u00e7ar, nuk ka gjetur shum\u00eb hap\u00ebsira te madrilen\u00ebt prej koh\u00ebsh tashm\u00eb dhe sipas mediave sportive britanike \u00ebsht\u00eb shum\u00eb pran\u00eb rikthimit n\u00eb Premierlig\u00eb. <\/span><\/p>\n<p><span style=\"color: #000000;\">Klubi ku uellsiani pritet t\u00eb zbarkoj\u00eb \u00ebsht\u00eb Totenhemi i drejtuar nga portugezi Murinjo. <\/span><\/p>\n<p><span style=\"color: #000000;\">Sipas t\u00eb gjitha gjasave, marr\u00ebveshja do arrihet n\u00eb fund t\u00eb merkatos s\u00eb ver\u00ebs.<\/span><\/p>\n","protected":false,"gt_translate_keys":[{"key":"rendered","format":"html"}]},"excerpt":{"rendered":"<p>Uellsiani Bale \u00ebsht\u00eb shum\u00eb pran\u00eb largimit nga Reali i Madridit. Lojtari, tashm\u00eb 31-vje\u00e7ar, nuk ka gjetur shum\u00eb hap\u00ebsira te madrilen\u00ebt prej koh\u00ebsh tashm\u00eb dhe sipas mediave sportive britanike \u00ebsht\u00eb shum\u00eb pran\u00eb rikthimit n\u00eb Premierlig\u00eb. Klubi ku uellsiani pritet t\u00eb zbarkoj\u00eb \u00ebsht\u00eb Totenhemi i drejtuar nga portugezi Murinjo. Sipas t\u00eb gjitha gjasave, marr\u00ebveshja do arrihet n\u00eb [&hellip;]<\/p>\n","protected":false,"gt_translate_keys":[{"key":"rendered","format":"html"}]},"author":51,"featured_media":393073,"comment_status":"open","ping_status":"open","sticky":false,"template":"","format":"standard","meta":{"footnotes":""},"categories":[134],"tags":[],"class_list":["post-393072","post","type-post","status-publish","format-standard","has-post-thumbnail","hentry","category-sport"],"gt_translate_keys":[{"key":"link","format":"url"}],"_links":{"self":[{"href":"https:\/\/www.hashtag.al\/index.php\/wp-json\/wp\/v2\/posts\/393072","targetHints":{"allow":["GET"]}}],"collection":[{"href":"https:\/\/www.hashtag.al\/index.php\/wp-json\/wp\/v2\/posts"}],"about":[{"href":"https:\/\/www.hashtag.al\/index.php\/wp-json\/wp\/v2\/types\/post"}],"author":[{"embeddable":true,"href":"https:\/\/www.hashtag.al\/index.php\/wp-json\/wp\/v2\/users\/51"}],"replies":[{"embeddable":true,"href":"https:\/\/www.hashtag.al\/index.php\/wp-json\/wp\/v2\/comments?post=393072"}],"version-history":[{"count":0,"href":"https:\/\/www.hashtag.al\/index.php\/wp-json\/wp\/v2\/posts\/393072\/revisions"}],"wp:featuredmedia":[{"embeddable":true,"href":"https:\/\/www.hashtag.al\/index.php\/wp-json\/wp\/v2\/media\/393073"}],"wp:attachment":[{"href":"https:\/\/www.hashtag.al\/index.php\/wp-json\/wp\/v2\/media?parent=393072"}],"wp:term":[{"taxonomy":"category","embeddable":true,"href":"https:\/\/www.hashtag.al\/index.php\/wp-json\/wp\/v2\/categories?post=393072"},{"taxonomy":"post_tag","embeddable":true,"href":"https:\/\/www.hashtag.al\/index.php\/wp-json\/wp\/v2\/tags?post=393072"}],"curies":[{"name":"wp","href":"https:\/\/api.w.org\/{rel}","templated":true}]}}