{"id":393018,"date":"2020-08-10T12:50:43","date_gmt":"2020-08-10T10:50:43","guid":{"rendered":"https:\/\/hashtag.al\/?p=393018"},"modified":"2020-08-10T12:57:25","modified_gmt":"2020-08-10T10:57:25","slug":"qytetari-i-ben-live-nje-kritike-bashes-je-me-shume-vonese-duhet-te-kishte-qene-me-para-prane-popullit","status":"publish","type":"post","link":"https:\/\/www.hashtag.al\/index.php\/2020\/08\/10\/qytetari-i-ben-live-nje-kritike-bashes-je-me-shume-vonese-duhet-te-kishte-qene-me-para-prane-popullit\/","title":{"rendered":"Qytetari i b\u00ebn live nj\u00eb kritik\u00eb Bash\u00ebs: Je me shum\u00eb vones\u00eb, duhet t\u00eb kishte qen\u00eb m\u00eb para pran\u00eb popullit","gt_translate_keys":[{"key":"rendered","format":"text"}]},"content":{"rendered":"<p><a href=\"https:\/\/hashtag.al\/wp-content\/uploads\/2020\/08\/Banori-BAsha.jpg\"><img loading=\"lazy\" decoding=\"async\" class=\"aligncenter size-full wp-image-393019\" src=\"https:\/\/hashtag.al\/wp-content\/uploads\/2020\/08\/Banori-BAsha.jpg\" alt=\"\" width=\"832\" height=\"423\" srcset=\"https:\/\/www.hashtag.al\/wp-content\/uploads\/2020\/08\/Banori-BAsha.jpg 832w, https:\/\/www.hashtag.al\/wp-content\/uploads\/2020\/08\/Banori-BAsha-300x153.jpg 300w, https:\/\/www.hashtag.al\/wp-content\/uploads\/2020\/08\/Banori-BAsha-768x390.jpg 768w\" sizes=\"auto, (max-width: 832px) 100vw, 832px\" \/><\/a><\/p>\n<p><span style=\"color: #000000;\">Mesdit\u00ebn e sotme, kryetari i PD-s\u00eb Lulzim Basha ka shkuar n\u00eb Manz\u00eb, ku \u00ebsht\u00eb takuar me banor\u00ebt t\u00eb cil\u00ebt ende ankohen se s&#8217;kan\u00eb marr\u00eb ndihma nga qeveria p\u00ebr d\u00ebmet q\u00eb kan\u00eb marr\u00eb n\u00eb banesat e tyre pas t\u00ebrmetit t\u00eb n\u00ebntorit. <\/span><\/p>\n<p><span style=\"color: #000000;\">Ata than\u00eb se po afron dimri dhe ende nuk kan\u00eb marr\u00eb nj\u00eb p\u00ebrgjigje nga qeveria, n\u00ebse do u rind\u00ebrtohen banesat.<\/span><br \/>\n<span style=\"color: #000000;\">Mir\u00ebpo pas transmetimit live, nj\u00eb nga banoret i b\u00ebri edhe nj\u00eb kritik\u00eb Bash\u00ebs, duke i th\u00ebn\u00eb se nuk ka qen\u00eb af\u00ebr popullit. <\/span><\/p>\n<p><span style=\"color: #000000;\">Basha e pranoi kritik\u00ebn e tij n\u00eb nj\u00eb moment, por m\u00eb pas tha se p\u00ebr shkak t\u00eb pandemis\u00eb nuk ka mundur t\u00eb jet\u00eb n\u00eb Manz\u00eb m\u00eb shpesh. Por u zotua se kur t\u00eb jet\u00eb n\u00eb pushtet, do t\u00eb ket\u00eb ata si prioritet dhe jo oligark\u00ebt.<\/span><\/p>\n<p><strong><span style=\"color: #000000;\">BISEDA:<\/span><\/strong><\/p>\n<p><span style=\"color: #000000;\"><strong>Banori<\/strong>: T\u00eb k\u00ebrkoj nj\u00eb falje vet\u00ebm p\u00ebr efekt moshe, vet\u00ebm se je m\u00eb i ri se nuk do ta kisha k\u00ebrku. Ke dal\u00eb me shum\u00eb vones\u00eb n\u00eb popull!<\/span><br \/>\n<span style=\"color: #000000;\"><strong>Basha<\/strong>: Kam qen\u00eb un\u00eb k\u00ebtu&#8230;<\/span><br \/>\n<span style=\"color: #000000;\"><strong>Banori<\/strong>: Ke qen\u00eb por je me vones\u00eb p\u00ebr shum\u00eb gj\u00ebra.<\/span><br \/>\n<span style=\"color: #000000;\"><strong>Basha<\/strong>: P\u00ebr her\u00eb t\u00eb fundit kam qen\u00eb n\u00eb mars, pastaj kur filloi pandemia&#8230;<\/span><br \/>\n<span style=\"color: #000000;\"><strong>Banori<\/strong>: Zoti kryetar i PD-s\u00eb dhe i opozit\u00ebs je me shum\u00eb vones\u00eb p\u00ebr shum\u00eb gj\u00ebra. Duhet t\u00eb jesh edhe m\u00eb af\u00ebr me popullin, edhe ata q\u00eb t\u00eb rrethojn\u00eb ty, edhe m\u00eb af\u00ebr me popullin.<\/span><br \/>\n<span style=\"color: #000000;\"><strong>Basha<\/strong>: E pranoj, megjithat\u00eb p\u00ebr her\u00eb t\u00eb fundit n\u00eb mars kam qen\u00eb k\u00ebtu, n\u00eb Armath\u00eb, edhe n\u00eb Kameras tek ato sht\u00ebpit\u00eb posht\u00eb. Por me ardhjen e pandemis\u00eb Kadri, u b\u00eb pak m\u00eb e v\u00ebshtir\u00eb n\u00eb ato muaj. Por ngjarjet i kam ndjek dhe vazhdoj i ndjek.<\/span><br \/>\n<span style=\"color: #000000;\"><strong>Banori<\/strong>: Kuptoj, por ta kesh parasysh k\u00ebt\u00eb q\u00eb po t\u00eb them. Edhe ata shok\u00ebt e tu q\u00eb t\u00eb rrethojn\u00eb t\u00eb jen\u00eb m\u00eb af\u00ebr me popullin.<\/span><\/p>\n<p><span style=\"color: #000000;\">N\u00eb fund Basha u zotua: <em>&#8220;P\u00ebr v\u00ebrejtjen q\u00eb m\u00eb b\u00ebre, absolutisht kam qen\u00eb pran\u00eb jush. 36 her\u00eb thot\u00eb Xhaferri kemi qen\u00eb k\u00ebtu, e prap pran\u00eb jush do jem. Sigurisht sot un\u00eb vij p\u00ebr t\u00eb par\u00eb dhe p\u00ebr t&#8217;i dh\u00ebn\u00eb forc\u00eb z\u00ebrit tuaj. Nes\u00ebr me mund\u00ebsit\u00eb q\u00eb do kemi n\u00eb drejtim t\u00eb vendit, t\u00eb jesh i sigurt se prioriteti im nuk do jen\u00eb oligark\u00ebt, do jeni ju dhe familja juaj dhe qindra familjet e tjera q\u00eb jan\u00eb goditur k\u00ebshtu.&#8221;<\/em><\/span><\/p>\n","protected":false,"gt_translate_keys":[{"key":"rendered","format":"html"}]},"excerpt":{"rendered":"<p>Mesdit\u00ebn e sotme, kryetari i PD-s\u00eb Lulzim Basha ka shkuar n\u00eb Manz\u00eb, ku \u00ebsht\u00eb takuar me banor\u00ebt t\u00eb cil\u00ebt ende ankohen se s&#8217;kan\u00eb marr\u00eb ndihma nga qeveria p\u00ebr d\u00ebmet q\u00eb kan\u00eb marr\u00eb n\u00eb banesat e tyre pas t\u00ebrmetit t\u00eb n\u00ebntorit. Ata than\u00eb se po afron dimri dhe ende nuk kan\u00eb marr\u00eb nj\u00eb p\u00ebrgjigje nga qeveria, [&hellip;]<\/p>\n","protected":false,"gt_translate_keys":[{"key":"rendered","format":"html"}]},"author":30,"featured_media":393019,"comment_status":"open","ping_status":"open","sticky":false,"template":"","format":"standard","meta":{"footnotes":""},"categories":[65,13],"tags":[],"class_list":["post-393018","post","type-post","status-publish","format-standard","has-post-thumbnail","hentry","category-lajme","category-te-fundit"],"gt_translate_keys":[{"key":"link","format":"url"}],"_links":{"self":[{"href":"https:\/\/www.hashtag.al\/index.php\/wp-json\/wp\/v2\/posts\/393018","targetHints":{"allow":["GET"]}}],"collection":[{"href":"https:\/\/www.hashtag.al\/index.php\/wp-json\/wp\/v2\/posts"}],"about":[{"href":"https:\/\/www.hashtag.al\/index.php\/wp-json\/wp\/v2\/types\/post"}],"author":[{"embeddable":true,"href":"https:\/\/www.hashtag.al\/index.php\/wp-json\/wp\/v2\/users\/30"}],"replies":[{"embeddable":true,"href":"https:\/\/www.hashtag.al\/index.php\/wp-json\/wp\/v2\/comments?post=393018"}],"version-history":[{"count":0,"href":"https:\/\/www.hashtag.al\/index.php\/wp-json\/wp\/v2\/posts\/393018\/revisions"}],"wp:featuredmedia":[{"embeddable":true,"href":"https:\/\/www.hashtag.al\/index.php\/wp-json\/wp\/v2\/media\/393019"}],"wp:attachment":[{"href":"https:\/\/www.hashtag.al\/index.php\/wp-json\/wp\/v2\/media?parent=393018"}],"wp:term":[{"taxonomy":"category","embeddable":true,"href":"https:\/\/www.hashtag.al\/index.php\/wp-json\/wp\/v2\/categories?post=393018"},{"taxonomy":"post_tag","embeddable":true,"href":"https:\/\/www.hashtag.al\/index.php\/wp-json\/wp\/v2\/tags?post=393018"}],"curies":[{"name":"wp","href":"https:\/\/api.w.org\/{rel}","templated":true}]}}