{"id":392816,"date":"2020-08-09T13:14:28","date_gmt":"2020-08-09T11:14:28","guid":{"rendered":"https:\/\/hashtag.al\/?p=392816"},"modified":"2020-08-09T13:14:28","modified_gmt":"2020-08-09T11:14:28","slug":"franca-ben-me-detyrim-maskat-ne-disa-rruge-te-mbipopulluara-te-parisit","status":"publish","type":"post","link":"https:\/\/www.hashtag.al\/index.php\/2020\/08\/09\/franca-ben-me-detyrim-maskat-ne-disa-rruge-te-mbipopulluara-te-parisit\/","title":{"rendered":"Franca b\u00ebn me detyrim maskat n\u00eb disa rrug\u00eb t\u00eb mbipopulluara t\u00eb Parisit","gt_translate_keys":[{"key":"rendered","format":"text"}]},"content":{"rendered":"<p><img loading=\"lazy\" decoding=\"async\" class=\"aligncenter size-full wp-image-392817\" src=\"https:\/\/hashtag.al\/wp-content\/uploads\/2020\/08\/paris-maska.jpg\" alt=\"\" width=\"602\" height=\"338\" srcset=\"https:\/\/www.hashtag.al\/wp-content\/uploads\/2020\/08\/paris-maska.jpg 602w, https:\/\/www.hashtag.al\/wp-content\/uploads\/2020\/08\/paris-maska-300x168.jpg 300w\" sizes=\"auto, (max-width: 602px) 100vw, 602px\" \/><\/p>\n<p><span style=\"color: #000000;\">Paris do t&#8217;i b\u00ebj\u00eb maskat t\u00eb detyrueshme n\u00eb rrug\u00eb t\u00eb caktuara t\u00eb mbushura me njer\u00ebz dhe hap\u00ebsira publike n\u00eb natyr\u00eb nga e h\u00ebna pas nj\u00eb rritje t\u00eb rasteve t\u00eb reja me COVID-19.<\/span><\/p>\n<p><span style=\"color: #000000;\">Zonat ku nj\u00eb mask\u00eb do t\u00eb jet\u00eb e detyrueshme p\u00ebrfshin disa bulevarde t\u00eb m\u00ebdha, si dhe brigjet e lumit Seine. Disa zona t\u00eb tjera t\u00eb Ile-de-France, rajoni ku ndodhet Paris, jan\u00eb zbatuar t\u00eb nj\u00ebjtat rregullore.<\/span><\/p>\n<p><span style=\"color: #000000;\">Njoftimi, nga prefektura e Parisit, erdhi nd\u00ebrsa Franca regjistroi m\u00eb shum\u00eb se 2,000 raste t\u00eb reja t\u00eb koronavirusit n\u00eb nj\u00eb dit\u00eb t\u00eb vetme.<\/span><\/p>\n<p><span style=\"color: #000000;\">&#8220;Treguesit po p\u00ebrkeq\u00ebsohen, duke konfirmuar nj\u00eb qarkullim m\u00eb aktiv t\u00eb virusit n\u00eb t\u00eb gjith\u00eb vendin, ve\u00e7an\u00ebrisht n\u00eb mesin e t\u00eb rriturve&#8221;, tha drejtoria e sh\u00ebndet\u00ebsis\u00eb n\u00eb Franc\u00eb n\u00eb nj\u00eb deklarat\u00eb.<\/span><\/p>\n<p><span style=\"color: #000000;\">Disa qytete n\u00eb t\u00eb gjith\u00eb vendin kan\u00eb b\u00ebr\u00eb q\u00eb maskat e fytyr\u00ebs t\u00eb jen\u00eb t\u00eb detyrueshme n\u00eb tregjet e jashtme dhe n\u00eb rrug\u00eb t\u00eb mbushura me njer\u00ebz. Veshja e nj\u00eb mbules\u00eb t\u00eb fytyr\u00ebs \u00ebsht\u00eb tashm\u00eb e detyrueshme n\u00eb ambiente t\u00eb mbyllura.<\/span><\/p>\n","protected":false,"gt_translate_keys":[{"key":"rendered","format":"html"}]},"excerpt":{"rendered":"<p>Paris do t&#8217;i b\u00ebj\u00eb maskat t\u00eb detyrueshme n\u00eb rrug\u00eb t\u00eb caktuara t\u00eb mbushura me njer\u00ebz dhe hap\u00ebsira publike n\u00eb natyr\u00eb nga e h\u00ebna pas nj\u00eb rritje t\u00eb rasteve t\u00eb reja me COVID-19. Zonat ku nj\u00eb mask\u00eb do t\u00eb jet\u00eb e detyrueshme p\u00ebrfshin disa bulevarde t\u00eb m\u00ebdha, si dhe brigjet e lumit Seine. Disa zona t\u00eb [&hellip;]<\/p>\n","protected":false,"gt_translate_keys":[{"key":"rendered","format":"html"}]},"author":32,"featured_media":392817,"comment_status":"open","ping_status":"open","sticky":false,"template":"","format":"standard","meta":{"footnotes":""},"categories":[6,13],"tags":[],"class_list":["post-392816","post","type-post","status-publish","format-standard","has-post-thumbnail","hentry","category-nderkombetare","category-te-fundit"],"gt_translate_keys":[{"key":"link","format":"url"}],"_links":{"self":[{"href":"https:\/\/www.hashtag.al\/index.php\/wp-json\/wp\/v2\/posts\/392816","targetHints":{"allow":["GET"]}}],"collection":[{"href":"https:\/\/www.hashtag.al\/index.php\/wp-json\/wp\/v2\/posts"}],"about":[{"href":"https:\/\/www.hashtag.al\/index.php\/wp-json\/wp\/v2\/types\/post"}],"author":[{"embeddable":true,"href":"https:\/\/www.hashtag.al\/index.php\/wp-json\/wp\/v2\/users\/32"}],"replies":[{"embeddable":true,"href":"https:\/\/www.hashtag.al\/index.php\/wp-json\/wp\/v2\/comments?post=392816"}],"version-history":[{"count":0,"href":"https:\/\/www.hashtag.al\/index.php\/wp-json\/wp\/v2\/posts\/392816\/revisions"}],"wp:featuredmedia":[{"embeddable":true,"href":"https:\/\/www.hashtag.al\/index.php\/wp-json\/wp\/v2\/media\/392817"}],"wp:attachment":[{"href":"https:\/\/www.hashtag.al\/index.php\/wp-json\/wp\/v2\/media?parent=392816"}],"wp:term":[{"taxonomy":"category","embeddable":true,"href":"https:\/\/www.hashtag.al\/index.php\/wp-json\/wp\/v2\/categories?post=392816"},{"taxonomy":"post_tag","embeddable":true,"href":"https:\/\/www.hashtag.al\/index.php\/wp-json\/wp\/v2\/tags?post=392816"}],"curies":[{"name":"wp","href":"https:\/\/api.w.org\/{rel}","templated":true}]}}