{"id":392643,"date":"2020-08-08T13:32:16","date_gmt":"2020-08-08T11:32:16","guid":{"rendered":"https:\/\/hashtag.al\/?p=392643"},"modified":"2020-08-08T14:33:48","modified_gmt":"2020-08-08T12:33:48","slug":"policia-zbardh-dy-vrasjet-qe-tronditen-elbasanin-u-kryen-nga-vrases-me-pagese","status":"publish","type":"post","link":"https:\/\/www.hashtag.al\/index.php\/2020\/08\/08\/policia-zbardh-dy-vrasjet-qe-tronditen-elbasanin-u-kryen-nga-vrases-me-pagese\/","title":{"rendered":"Policia zbardh dy vrasjet q\u00eb trondit\u00ebn Elbasanin, u kryen nga vras\u00ebs me pages\u00eb","gt_translate_keys":[{"key":"rendered","format":"text"}]},"content":{"rendered":"<p><a href=\"https:\/\/hashtag.al\/wp-content\/uploads\/2020\/08\/Ramazani-Runaj.jpg\"><img loading=\"lazy\" decoding=\"async\" class=\"aligncenter size-full wp-image-392644\" src=\"https:\/\/hashtag.al\/wp-content\/uploads\/2020\/08\/Ramazani-Runaj.jpg\" alt=\"\" width=\"3264\" height=\"1335\" srcset=\"https:\/\/www.hashtag.al\/wp-content\/uploads\/2020\/08\/Ramazani-Runaj.jpg 3264w, https:\/\/www.hashtag.al\/wp-content\/uploads\/2020\/08\/Ramazani-Runaj-300x123.jpg 300w, https:\/\/www.hashtag.al\/wp-content\/uploads\/2020\/08\/Ramazani-Runaj-768x314.jpg 768w, https:\/\/www.hashtag.al\/wp-content\/uploads\/2020\/08\/Ramazani-Runaj-1024x419.jpg 1024w\" sizes=\"auto, (max-width: 3264px) 100vw, 3264px\" \/><\/a><\/p>\n<p><span style=\"color: #000000;\">Policia e Shtetit thot\u00eb se ka zbardhur dy vrasjet e fundit, q\u00eb trondit\u00ebn qytetin e Elbasanit. <\/span><\/p>\n<p><span style=\"color: #000000;\">B\u00ebhet fjal\u00eb p\u00ebr vrasjen e Emiljano Ramazanit dhe Regis Runajt.<\/span><\/p>\n<p><span style=\"color: #000000;\">Dy persona jan\u00eb arrestuar p\u00ebr krimin, t\u00eb cil\u00ebt mendohet se jan\u00eb vras\u00ebs me pages\u00eb. <\/span><span style=\"color: #000000;\">Ata jan\u00eb shtetasit Xhuljano Hoxha dhe Euglen Halili, t\u00eb cil\u00ebt jan\u00eb t\u00eb p\u00ebrshir\u00eb edhe n\u00eb ngjarje t\u00eb tjera kriminale t\u00eb ndodhura n\u00eb qytetin e Elbasanit.<\/span><\/p>\n<p><span style=\"color: #000000;\">Policia thot\u00eb se Runaj ka qen\u00eb n\u00ebn shoq\u00ebrin\u00eb e autor\u00ebve mbr\u00ebmjen e ngjarjes , t\u00eb cil\u00ebt pasi kan\u00eb pir\u00eb, e kan\u00eb q\u00eblluar nj\u00eb her\u00eb me thik\u00eb pas shpine dhe m\u00eb pas edhe 26 her\u00eb t\u00eb tjera.<\/span><\/p>\n<p><span style=\"color: #000000;\">Nd\u00ebrkoh\u00eb jan\u00eb publikuar dhe pamjet kur forcat RENEA k\u00ebrkojn\u00eb thik\u00ebn n\u00eb lumin Shkumbin.<\/span><\/p>\n<div style=\"width: 640px;\" class=\"wp-video\"><video class=\"wp-video-shortcode\" id=\"video-392643-1\" width=\"640\" height=\"352\" preload=\"metadata\" controls=\"controls\"><source type=\"video\/mp4\" src=\"https:\/\/hashtag.al\/wp-content\/uploads\/2020\/08\/videoplayback-1.mp4?_=1\" \/><a href=\"https:\/\/hashtag.al\/wp-content\/uploads\/2020\/08\/videoplayback-1.mp4\">https:\/\/hashtag.al\/wp-content\/uploads\/2020\/08\/videoplayback-1.mp4<\/a><\/video><\/div>\n<p><strong><span style=\"color: #000000;\">DETAJET E POLICIS\u00cb:<\/span><\/strong><\/p>\n<p><span style=\"color: #000000;\">Finalizohet operacioni policor i koduar \u201cShkumbini\u201d.<\/span><br \/>\n<span style=\"color: #000000;\">Zbardhet dhe dokumentohet ngjarja e ndodhur m\u00eb dat\u00eb 29.07.2020, ku mbeti i vrar\u00eb shtetasi R. R.<\/span><br \/>\n<span style=\"color: #000000;\">Vihen n\u00eb pranga 2 autor\u00ebt e dyshuar.<\/span><br \/>\n<span style=\"color: #000000;\">Autor\u00ebt e dyshuar, t\u00eb p\u00ebrshir\u00eb edhe n\u00eb ngjarje t\u00eb tjera kriminale t\u00eb ndodhura n\u00eb qytetin e Elbasanit.<\/span><\/p>\n<p><span style=\"color: #000000;\">Strukturat hetimore t\u00eb Drejtoris\u00eb Vendore t\u00eb Policis\u00eb Elbasan dhe Departamenti i Policis\u00eb Krimnale n\u00eb Drejtorin\u00eb e P\u00ebrgjithshme t\u00eb Policis\u00eb s\u00eb Shtetit, n\u00ebn drejtimin e Prokuroris\u00eb s\u00eb Rrethit Gjyq\u00ebsor Elbasan, pas nj\u00eb pune intensive hetimore 10-ditore, zbuluan dhe dokumentuan me prova ligjore ngjarjen e ndodhur n\u00eb dat\u00ebn 29 korrik 2020, n\u00eb af\u00ebrsi t\u00eb varrezave t\u00eb qytetit Elbasan, ku mbeti i vrar\u00eb me arm\u00eb t\u00eb ftoht\u00eb shtetasi R. R.<\/span><\/p>\n<p><span style=\"color: #000000;\">Si rezultat, gjat\u00eb or\u00ebve t\u00eb para t\u00eb m\u00ebngjesit t\u00eb sot\u00ebm, strukturat e DVP Elbasan, n\u00eb bashk\u00ebpunim me FNSH dhe RENEA-n, n\u00eb kuad\u00ebr t\u00eb operacionit policor t\u00eb koduar \u201cShkumbini\u201d, b\u00ebn\u00eb t\u00eb mundur kapjen dhe prangosjen e dy shtetasve, si autor\u00eb t\u00eb dyshuar t\u00eb k\u00ebsaj ngjarjeje, konkretisht:<\/span><br \/>\n<span style=\"color: #000000;\">Xh. H., 29 vje\u00e7 dhe E. H., 23 vje\u00e7, t\u00eb dy banues n\u00eb Elbasan.<\/span><\/p>\n<p><span style=\"color: #000000;\">Nga veprimet hetimore dhe profesionale t\u00eb kryera ka rezultuar se viktima R. R., mbr\u00ebmjen e ngjarjes ka qen\u00eb n\u00eb shoq\u00ebrin\u00eb e dy autor\u00ebve t\u00eb dyshuar dhe pasi kan\u00eb konsumuar l\u00ebnd\u00eb narkoitke, n\u00eb nj\u00eb park n\u00eb af\u00ebrsi t\u00eb varrezave t\u00eb qytetit, jan\u00eb drejtuar p\u00ebr n\u00eb qytetin e Elbasanit.<\/span><\/p>\n<p><span style=\"color: #000000;\">N\u00eb af\u00ebrsi t\u00eb varrezave, shtetasi E. H. e ka goditur shtetasin R. R., nj\u00eb her\u00eb me thik\u00eb nga mbrapa shpin\u00ebs dhe m\u00eb pas e ka goditur edhe 26 her\u00eb t\u00eb tjera duke i shkaktuar vdekjen e menj\u00ebhershme.<\/span><\/p>\n<p><span style=\"color: #000000;\">Gjat\u00eb periudh\u00ebs hetimore, nga grupi hetimor jan\u00eb gjetur dhe sekuestruar prova shkencore q\u00eb provojn\u00eb autor\u00ebsin\u00eb e k\u00ebsaj ngjarjeje.<\/span><\/p>\n<p><span style=\"color: #000000;\">N\u00eb cil\u00ebsin\u00eb e prov\u00ebs materiale jan\u00eb sekuestruar nj\u00eb motomjet, n\u00eb t\u00eb cilin u gjet\u00ebn njolla gjaku, t\u00eb cilat pas egzaminimit n\u00eb laboratorin shkencor rezultuan se i p\u00ebrkasin viktim\u00ebs, si dhe nj\u00eb shum\u00eb eurosh dhe prova t\u00eb tjera ligjore.<\/span><\/p>\n<p><span style=\"color: #000000;\">Nga hetimet intensive ka rezultar se k\u00ebta dy shtetas jan\u00eb t\u00eb p\u00ebrfshir\u00eb edhe n\u00eb vrasjen e shtetasit E. R., ndodhur m\u00eb dat\u00eb 20 korrik 2020 n\u00eb qytetin e Elbasanit, pasi nga provat e grumbulluara rezulton se t\u00eb dy k\u00ebta shtetas kan\u00eb ndjekur dhe kontrolluar l\u00ebvizjet e viktim\u00ebs.<\/span><\/p>\n<p><span style=\"color: #000000;\">Po nga hetimet rezulton se k\u00ebta shtetas, k\u00ebto ngjarje i kan\u00eb kryer kundrejt pages\u00ebs nga persona t\u00eb tjer\u00eb, p\u00ebr t\u00eb cil\u00ebt vijon puna intensive p\u00ebr dokumentimin me prova ligjore, kapjen dhe arrestimin e tyre.<\/span><\/p>\n<p><span style=\"color: #000000;\">Vijon puna intensive, n\u00ebn drejtimin e Prokuroris\u00eb s\u00eb Rrethit Gjyq\u00ebsor Elbasan, p\u00ebr sqarimin e m\u00ebtejsh\u00ebm, si dhe p\u00ebr kapjen e arrestimin e personave t\u00eb tjer\u00eb t\u00eb implikuar n\u00eb k\u00ebto ngjarje.<\/span><\/p>\n<p><span style=\"color: #000000;\">Materialet i kaluan Prokuroris\u00eb s\u00eb Rrethit Gjyq\u00ebsor Elbasan, p\u00ebr vepr\u00ebn penale \u201cVrasja me paramendim\u201d e kryer n\u00eb bashk\u00ebpunim.<\/span><\/p>\n<p><span style=\"color: #000000;\">Drejtoria Vendore e Policis\u00eb Elbasan \u00ebsht\u00eb e vendosur p\u00ebr t\u00eb garantuar rendin dhe sigurin\u00eb publike n\u00eb t\u00eb gjith\u00eb territorin e qarkut. Me grupe hetimore t\u00eb dedikuara, n\u00ebn drejtimin e Prokuroris\u00eb s\u00eb Rrethit Gjyq\u00ebsor Elbasan, po punon p\u00ebr zbardhjen edhe t\u00eb ngjarjeve t\u00eb tjera t\u00eb ndodhura.<\/span><\/p>\n<p><span style=\"color: #000000;\">Policia e Shtetit fton qytetar\u00ebt q\u00eb t\u00eb informojn\u00eb n\u00eb numrin 1122 dhe Komsiariatin Dixhital p\u00ebr \u00e7do paligjshm\u00ebri dhe informacion n\u00eb lidhje me autor\u00ebt e p\u00ebrfshir\u00eb n\u00eb ngjarje kriminale, duke iu garantuar anonimatin dhe reagim t\u00eb shpejt\u00eb e t\u00eb paanash\u00ebm.<\/span><\/p>\n","protected":false,"gt_translate_keys":[{"key":"rendered","format":"html"}]},"excerpt":{"rendered":"<p>Policia e Shtetit thot\u00eb se ka zbardhur dy vrasjet e fundit, q\u00eb trondit\u00ebn qytetin e Elbasanit. B\u00ebhet fjal\u00eb p\u00ebr vrasjen e Emiljano Ramazanit dhe Regis Runajt. Dy persona jan\u00eb arrestuar p\u00ebr krimin, t\u00eb cil\u00ebt mendohet se jan\u00eb vras\u00ebs me pages\u00eb. Ata jan\u00eb shtetasit Xhuljano Hoxha dhe Euglen Halili, t\u00eb cil\u00ebt jan\u00eb t\u00eb p\u00ebrshir\u00eb edhe n\u00eb [&hellip;]<\/p>\n","protected":false,"gt_translate_keys":[{"key":"rendered","format":"html"}]},"author":30,"featured_media":392644,"comment_status":"open","ping_status":"open","sticky":false,"template":"","format":"standard","meta":{"footnotes":""},"categories":[65,13],"tags":[],"class_list":["post-392643","post","type-post","status-publish","format-standard","has-post-thumbnail","hentry","category-lajme","category-te-fundit"],"gt_translate_keys":[{"key":"link","format":"url"}],"_links":{"self":[{"href":"https:\/\/www.hashtag.al\/index.php\/wp-json\/wp\/v2\/posts\/392643","targetHints":{"allow":["GET"]}}],"collection":[{"href":"https:\/\/www.hashtag.al\/index.php\/wp-json\/wp\/v2\/posts"}],"about":[{"href":"https:\/\/www.hashtag.al\/index.php\/wp-json\/wp\/v2\/types\/post"}],"author":[{"embeddable":true,"href":"https:\/\/www.hashtag.al\/index.php\/wp-json\/wp\/v2\/users\/30"}],"replies":[{"embeddable":true,"href":"https:\/\/www.hashtag.al\/index.php\/wp-json\/wp\/v2\/comments?post=392643"}],"version-history":[{"count":0,"href":"https:\/\/www.hashtag.al\/index.php\/wp-json\/wp\/v2\/posts\/392643\/revisions"}],"wp:featuredmedia":[{"embeddable":true,"href":"https:\/\/www.hashtag.al\/index.php\/wp-json\/wp\/v2\/media\/392644"}],"wp:attachment":[{"href":"https:\/\/www.hashtag.al\/index.php\/wp-json\/wp\/v2\/media?parent=392643"}],"wp:term":[{"taxonomy":"category","embeddable":true,"href":"https:\/\/www.hashtag.al\/index.php\/wp-json\/wp\/v2\/categories?post=392643"},{"taxonomy":"post_tag","embeddable":true,"href":"https:\/\/www.hashtag.al\/index.php\/wp-json\/wp\/v2\/tags?post=392643"}],"curies":[{"name":"wp","href":"https:\/\/api.w.org\/{rel}","templated":true}]}}