{"id":392517,"date":"2020-08-07T17:22:13","date_gmt":"2020-08-07T15:22:13","guid":{"rendered":"https:\/\/hashtag.al\/?p=392517"},"modified":"2020-08-07T17:22:13","modified_gmt":"2020-08-07T15:22:13","slug":"ambasada-e-shba-se-ne-tirane-mbeshtet-punen-e-policise-dhe-spak-ut-te-lejohen-te-bejne-punen-pavaresisht-kush-eshte-i-pandehur","status":"publish","type":"post","link":"https:\/\/www.hashtag.al\/index.php\/2020\/08\/07\/ambasada-e-shba-se-ne-tirane-mbeshtet-punen-e-policise-dhe-spak-ut-te-lejohen-te-bejne-punen-pavaresisht-kush-eshte-i-pandehur\/","title":{"rendered":"Ambasada e SHBA-s\u00eb n\u00eb Tiran\u00eb mb\u00ebshtet pun\u00ebn e Policis\u00eb dhe SPAK-ut: T\u00eb lejohen t\u00eb b\u00ebjn\u00eb pun\u00ebn pavar\u00ebsisht kush \u00ebsht\u00eb i pandehur","gt_translate_keys":[{"key":"rendered","format":"text"}]},"content":{"rendered":"<p><img loading=\"lazy\" decoding=\"async\" class=\"aligncenter size-full wp-image-359406\" src=\"https:\/\/hashtag.al\/wp-content\/uploads\/2020\/03\/yuri-kim-2-770x422.png\" alt=\"\" width=\"770\" height=\"422\" srcset=\"https:\/\/www.hashtag.al\/wp-content\/uploads\/2020\/03\/yuri-kim-2-770x422.png 770w, https:\/\/www.hashtag.al\/wp-content\/uploads\/2020\/03\/yuri-kim-2-770x422-300x164.png 300w, https:\/\/www.hashtag.al\/wp-content\/uploads\/2020\/03\/yuri-kim-2-770x422-768x421.png 768w\" sizes=\"auto, (max-width: 770px) 100vw, 770px\" \/><\/p>\n<p><span style=\"color: #000000;\">Ambasada e SHBA-s\u00eb n\u00eb Tiran\u00eb, ka reaguar lidhur me aksionin e fundit t\u00eb SPAK p\u00ebr sekuestrimin e pasurive t\u00eb pronarit t\u00eb medias Ora, Ylli Ndroqi.<\/span><\/p>\n<p><span style=\"color: #000000;\">Ambasada i ka dal\u00eb n\u00eb mbrojtje SPAK-ut dhe Policis\u00eb s\u00eb Shtetit duke th\u00ebn\u00eb se duhet t\u00eb lejohen t\u00eb b\u00ebjn\u00eb pun\u00ebn e tyre pa k\u00ebrc\u00ebnime dhe kanosje pavar\u00ebsisht kush \u00ebsht\u00eb i pandehur.<\/span><\/p>\n<p><span style=\"color: #000000;\">\u201c<em>Ambasada e SHBA-s\u00eb mb\u00ebshtet me forc\u00eb pun\u00ebn e pavarur dhe profesionale t\u00eb Policis\u00eb s\u00eb Shtetit dhe SPAK-ut. Profesionist\u00ebt e sistemit t\u00eb drejt\u00ebsis\u00eb &#8211; oficer\u00ebt e policis\u00eb, prokuror\u00ebt dhe gjykat\u00ebsit &#8211; duhet t\u00eb lejohen t\u00eb b\u00ebjn\u00eb pun\u00ebn e tyre pa k\u00ebrc\u00ebnime dhe kanosje, pavar\u00ebsisht kush \u00ebsht\u00eb i pandehur. Ka ardhur koha q\u00eb t\u00eb lejohen t\u00eb kryejn\u00eb detyrat e tyre dhe t\u00eb mb\u00ebshteten p\u00ebrpjekjet e tyre p\u00ebr t\u00eb luftuar krimin e organizuar. Kjo \u00ebsht\u00eb e vetmja m\u00ebnyr\u00eb q\u00eb shqiptar\u00ebt t\u00eb ken\u00eb sistemin profesional dhe t\u00eb paansh\u00ebm t\u00eb drejt\u00ebsis\u00eb q\u00eb meritojn\u00eb, dhe t\u00eb ecin p\u00ebrpara drejt integrimit n\u00eb BE\u201d-<\/em>thuhet n\u00eb postimin e Ambasad\u00ebs.<\/span><\/p>\n","protected":false,"gt_translate_keys":[{"key":"rendered","format":"html"}]},"excerpt":{"rendered":"<p>Ambasada e SHBA-s\u00eb n\u00eb Tiran\u00eb, ka reaguar lidhur me aksionin e fundit t\u00eb SPAK p\u00ebr sekuestrimin e pasurive t\u00eb pronarit t\u00eb medias Ora, Ylli Ndroqi. Ambasada i ka dal\u00eb n\u00eb mbrojtje SPAK-ut dhe Policis\u00eb s\u00eb Shtetit duke th\u00ebn\u00eb se duhet t\u00eb lejohen t\u00eb b\u00ebjn\u00eb pun\u00ebn e tyre pa k\u00ebrc\u00ebnime dhe kanosje pavar\u00ebsisht kush \u00ebsht\u00eb i [&hellip;]<\/p>\n","protected":false,"gt_translate_keys":[{"key":"rendered","format":"html"}]},"author":32,"featured_media":359406,"comment_status":"open","ping_status":"open","sticky":false,"template":"","format":"standard","meta":{"footnotes":""},"categories":[65,13],"tags":[],"class_list":["post-392517","post","type-post","status-publish","format-standard","has-post-thumbnail","hentry","category-lajme","category-te-fundit"],"gt_translate_keys":[{"key":"link","format":"url"}],"_links":{"self":[{"href":"https:\/\/www.hashtag.al\/index.php\/wp-json\/wp\/v2\/posts\/392517","targetHints":{"allow":["GET"]}}],"collection":[{"href":"https:\/\/www.hashtag.al\/index.php\/wp-json\/wp\/v2\/posts"}],"about":[{"href":"https:\/\/www.hashtag.al\/index.php\/wp-json\/wp\/v2\/types\/post"}],"author":[{"embeddable":true,"href":"https:\/\/www.hashtag.al\/index.php\/wp-json\/wp\/v2\/users\/32"}],"replies":[{"embeddable":true,"href":"https:\/\/www.hashtag.al\/index.php\/wp-json\/wp\/v2\/comments?post=392517"}],"version-history":[{"count":0,"href":"https:\/\/www.hashtag.al\/index.php\/wp-json\/wp\/v2\/posts\/392517\/revisions"}],"wp:featuredmedia":[{"embeddable":true,"href":"https:\/\/www.hashtag.al\/index.php\/wp-json\/wp\/v2\/media\/359406"}],"wp:attachment":[{"href":"https:\/\/www.hashtag.al\/index.php\/wp-json\/wp\/v2\/media?parent=392517"}],"wp:term":[{"taxonomy":"category","embeddable":true,"href":"https:\/\/www.hashtag.al\/index.php\/wp-json\/wp\/v2\/categories?post=392517"},{"taxonomy":"post_tag","embeddable":true,"href":"https:\/\/www.hashtag.al\/index.php\/wp-json\/wp\/v2\/tags?post=392517"}],"curies":[{"name":"wp","href":"https:\/\/api.w.org\/{rel}","templated":true}]}}