{"id":392494,"date":"2020-08-07T15:56:23","date_gmt":"2020-08-07T13:56:23","guid":{"rendered":"https:\/\/hashtag.al\/?p=392494"},"modified":"2020-08-07T16:00:34","modified_gmt":"2020-08-07T14:00:34","slug":"presidenti-i-libanit-ekziston-mundesia-qe-shkak-i-shperthimit-te-kete-qene-nje-bombe-ose-rakete","status":"publish","type":"post","link":"https:\/\/www.hashtag.al\/index.php\/2020\/08\/07\/presidenti-i-libanit-ekziston-mundesia-qe-shkak-i-shperthimit-te-kete-qene-nje-bombe-ose-rakete\/","title":{"rendered":"Presidenti i Libanit: Ekziston mund\u00ebsia q\u00eb shkak i shp\u00ebrthimit t\u00eb ket\u00eb qen\u00eb nj\u00eb bomb\u00eb ose raket\u00eb","gt_translate_keys":[{"key":"rendered","format":"text"}]},"content":{"rendered":"<p><a href=\"https:\/\/hashtag.al\/wp-content\/uploads\/2020\/08\/B.jpg\"><img loading=\"lazy\" decoding=\"async\" class=\"aligncenter size-full wp-image-392495\" src=\"https:\/\/hashtag.al\/wp-content\/uploads\/2020\/08\/B.jpg\" alt=\"\" width=\"1400\" height=\"930\" srcset=\"https:\/\/www.hashtag.al\/wp-content\/uploads\/2020\/08\/B.jpg 1400w, https:\/\/www.hashtag.al\/wp-content\/uploads\/2020\/08\/B-300x199.jpg 300w, https:\/\/www.hashtag.al\/wp-content\/uploads\/2020\/08\/B-768x510.jpg 768w, https:\/\/www.hashtag.al\/wp-content\/uploads\/2020\/08\/B-1024x680.jpg 1024w\" sizes=\"auto, (max-width: 1400px) 100vw, 1400px\" \/><\/a><\/p>\n<p><span style=\"color: #000000;\">Presidenti libanez Michel Aoun ka deklaruar k\u00ebt\u00eb t\u00eb premte se nuk e p\u00ebrjashton mund\u00ebsin\u00eb q\u00eb nj\u00eb sulm i jasht\u00ebm mund t\u00eb ket\u00eb qen\u00eb shkaku i shp\u00ebrthimit masiv t\u00eb mart\u00ebn q\u00eb i mori jet\u00ebn e 154 personave dhe u plagos\u00ebn mij\u00ebra t\u00eb tjer\u00eb.<\/span><\/p>\n<p><span style=\"color: #000000;\">Komentet e tij kund\u00ebrshtojn\u00eb at\u00eb t\u00eb zyrtar\u00ebve t\u00eb tjer\u00eb, t\u00eb cil\u00ebt kan\u00eb th\u00ebn\u00eb se shp\u00ebrthimi ka nisur pas nj\u00eb zjarri aksidental q\u00eb ka nisur n\u00eb nj\u00eb depo t\u00eb ngarkuar me nitrat amoniumi.<\/span><\/p>\n<p><span style=\"color: #000000;\"><em>&#8220;Shkaku nuk \u00ebsht\u00eb p\u00ebrcaktuar ende&#8221;<\/em>&#8211; tha presidenti Aoun p\u00ebr mediat lokale, citon <span style=\"color: #0000ff;\"><a style=\"color: #0000ff;\" href=\"https:\/\/m.washingtontimes.com\/news\/2020\/aug\/7\/lebanese-president-michel-aoun-possibility-externa\/\">WT<\/a><\/span>. &#8220;<em>Ekziston mund\u00ebsia e nd\u00ebrhyrjes s\u00eb jashtme p\u00ebrmes nj\u00eb rakete apo bombe ose akti tjet\u00ebr.&#8221;<\/em><\/span><\/p>\n<p><a href=\"https:\/\/hashtag.al\/wp-content\/uploads\/2020\/08\/Michel-Aoun.jpg\"><img loading=\"lazy\" decoding=\"async\" class=\"aligncenter size-full wp-image-392497\" src=\"https:\/\/hashtag.al\/wp-content\/uploads\/2020\/08\/Michel-Aoun.jpg\" alt=\"\" width=\"1200\" height=\"667\" srcset=\"https:\/\/www.hashtag.al\/wp-content\/uploads\/2020\/08\/Michel-Aoun.jpg 1200w, https:\/\/www.hashtag.al\/wp-content\/uploads\/2020\/08\/Michel-Aoun-300x167.jpg 300w, https:\/\/www.hashtag.al\/wp-content\/uploads\/2020\/08\/Michel-Aoun-768x427.jpg 768w, https:\/\/www.hashtag.al\/wp-content\/uploads\/2020\/08\/Michel-Aoun-1024x569.jpg 1024w\" sizes=\"auto, (max-width: 1200px) 100vw, 1200px\" \/><\/a><\/p>\n<p><span style=\"color: #000000;\">Hetuesit po shqyrtojn\u00eb mund\u00ebsin\u00eb se kimikati toksik nuk ishte ruajtur si\u00e7 duhet n\u00eb depon n\u00eb port, duke u b\u00ebr\u00eb shkak p\u00ebr shp\u00ebrthimin tragjik.<\/span><\/p>\n<p><span style=\"color: #000000;\">Kujtojm\u00eb se presidenti amerikan Donald Trump, pati deklaruar se shp\u00ebrthimi n\u00eb Bejrut sipas gjeneral\u00ebve t\u00eb tij nuk ishte nj\u00eb aksident, por nj\u00eb sulm me bomb\u00eb.<\/span><\/p>\n","protected":false,"gt_translate_keys":[{"key":"rendered","format":"html"}]},"excerpt":{"rendered":"<p>Presidenti libanez Michel Aoun ka deklaruar k\u00ebt\u00eb t\u00eb premte se nuk e p\u00ebrjashton mund\u00ebsin\u00eb q\u00eb nj\u00eb sulm i jasht\u00ebm mund t\u00eb ket\u00eb qen\u00eb shkaku i shp\u00ebrthimit masiv t\u00eb mart\u00ebn q\u00eb i mori jet\u00ebn e 154 personave dhe u plagos\u00ebn mij\u00ebra t\u00eb tjer\u00eb. Komentet e tij kund\u00ebrshtojn\u00eb at\u00eb t\u00eb zyrtar\u00ebve t\u00eb tjer\u00eb, t\u00eb cil\u00ebt kan\u00eb th\u00ebn\u00eb [&hellip;]<\/p>\n","protected":false,"gt_translate_keys":[{"key":"rendered","format":"html"}]},"author":30,"featured_media":392495,"comment_status":"open","ping_status":"open","sticky":false,"template":"","format":"standard","meta":{"footnotes":""},"categories":[6,13],"tags":[],"class_list":["post-392494","post","type-post","status-publish","format-standard","has-post-thumbnail","hentry","category-nderkombetare","category-te-fundit"],"gt_translate_keys":[{"key":"link","format":"url"}],"_links":{"self":[{"href":"https:\/\/www.hashtag.al\/index.php\/wp-json\/wp\/v2\/posts\/392494","targetHints":{"allow":["GET"]}}],"collection":[{"href":"https:\/\/www.hashtag.al\/index.php\/wp-json\/wp\/v2\/posts"}],"about":[{"href":"https:\/\/www.hashtag.al\/index.php\/wp-json\/wp\/v2\/types\/post"}],"author":[{"embeddable":true,"href":"https:\/\/www.hashtag.al\/index.php\/wp-json\/wp\/v2\/users\/30"}],"replies":[{"embeddable":true,"href":"https:\/\/www.hashtag.al\/index.php\/wp-json\/wp\/v2\/comments?post=392494"}],"version-history":[{"count":0,"href":"https:\/\/www.hashtag.al\/index.php\/wp-json\/wp\/v2\/posts\/392494\/revisions"}],"wp:featuredmedia":[{"embeddable":true,"href":"https:\/\/www.hashtag.al\/index.php\/wp-json\/wp\/v2\/media\/392495"}],"wp:attachment":[{"href":"https:\/\/www.hashtag.al\/index.php\/wp-json\/wp\/v2\/media?parent=392494"}],"wp:term":[{"taxonomy":"category","embeddable":true,"href":"https:\/\/www.hashtag.al\/index.php\/wp-json\/wp\/v2\/categories?post=392494"},{"taxonomy":"post_tag","embeddable":true,"href":"https:\/\/www.hashtag.al\/index.php\/wp-json\/wp\/v2\/tags?post=392494"}],"curies":[{"name":"wp","href":"https:\/\/api.w.org\/{rel}","templated":true}]}}