{"id":392087,"date":"2020-08-05T14:53:00","date_gmt":"2020-08-05T12:53:00","guid":{"rendered":"https:\/\/hashtag.al\/?p=392087"},"modified":"2020-08-05T14:53:00","modified_gmt":"2020-08-05T12:53:00","slug":"mediat-raportojne-se-dy-vellezer-nderruan-jete-nga-covid-19-autoritetet-i-pergenjeshtrojne-sjane-testuar-per-koronavirus","status":"publish","type":"post","link":"https:\/\/www.hashtag.al\/index.php\/2020\/08\/05\/mediat-raportojne-se-dy-vellezer-nderruan-jete-nga-covid-19-autoritetet-i-pergenjeshtrojne-sjane-testuar-per-koronavirus\/","title":{"rendered":"Mediat raportojn\u00eb se dy v\u00ebllez\u00ebr nd\u00ebrruan jet\u00eb nga Covid-19, autoritetet i p\u00ebrg\u00ebnjeshtrojn\u00eb: S&#8217;jan\u00eb testuar p\u00ebr koronavirus","gt_translate_keys":[{"key":"rendered","format":"text"}]},"content":{"rendered":"<p><img loading=\"lazy\" decoding=\"async\" class=\"aligncenter size-full wp-image-392088\" src=\"https:\/\/hashtag.al\/wp-content\/uploads\/2020\/08\/autoritetet.png\" alt=\"\" width=\"536\" height=\"450\" srcset=\"https:\/\/www.hashtag.al\/wp-content\/uploads\/2020\/08\/autoritetet.png 536w, https:\/\/www.hashtag.al\/wp-content\/uploads\/2020\/08\/autoritetet-300x252.png 300w\" sizes=\"auto, (max-width: 536px) 100vw, 536px\" \/><\/p>\n<p><span style=\"color: #000000;\">Dit\u00ebn e sotme n\u00eb media t\u00eb ndryshme u raportua se dy v\u00ebllez\u00ebr nga Peja kishin nd\u00ebrruar jet\u00eb n\u00eb t\u00eb nj\u00ebjt\u00ebn dit\u00eb p\u00ebr shkak t\u00eb Covid-19. <\/span><\/p>\n<p><span style=\"color: #000000;\">B\u00ebhet fjal\u00eb p\u00ebr dy v\u00ebllez\u00ebr, 78 dhe 85-vje\u00e7ar\u00eb nga fshati Novosell\u00eb i Pej\u00ebs. <\/span><\/p>\n<p><span style=\"color: #000000;\">Sipas drejtorit t\u00eb Sh\u00ebndet\u00ebsis\u00eb n\u00eb Pej\u00eb, Petrit Loci, \u00ebsht\u00eb e v\u00ebrtet\u00eb q\u00eb dy v\u00ebllez\u00ebrit kan\u00eb nd\u00ebrruar jet\u00eb por nuk ka asnj\u00eb asnj\u00eb konfirmim nga Instituti Komb\u00ebtar i Sh\u00ebndet\u00ebsis\u00eb Publike se dy v\u00ebllez\u00ebrit jan\u00eb testuar apo jan\u00eb konfirmuar si t\u00eb infektuar me koronavirus, raporton Lajmi.net.<\/span><\/p>\n<p><span style=\"color: #000000;\"><em>\u201cPo \u00ebsht\u00eb e v\u00ebrtet\u00eb q\u00eb kan\u00eb vdekur dy v\u00ebllez\u00ebr. Mir\u00ebpo nuk kan\u00eb qen\u00eb t\u00eb testuar nga ana e institutit e as nuk jan\u00eb t\u00eb konfirmuar se kan\u00eb qen\u00eb me COVID-19. Ky \u00ebsht\u00eb njoftimi zyrtar q\u00eb kemi nga Instituti Rajonal n\u00eb Pej\u00eb.\u201d<\/em> \u2013 ka th\u00ebn\u00eb Loci.<\/span><\/p>\n","protected":false,"gt_translate_keys":[{"key":"rendered","format":"html"}]},"excerpt":{"rendered":"<p>Dit\u00ebn e sotme n\u00eb media t\u00eb ndryshme u raportua se dy v\u00ebllez\u00ebr nga Peja kishin nd\u00ebrruar jet\u00eb n\u00eb t\u00eb nj\u00ebjt\u00ebn dit\u00eb p\u00ebr shkak t\u00eb Covid-19. B\u00ebhet fjal\u00eb p\u00ebr dy v\u00ebllez\u00ebr, 78 dhe 85-vje\u00e7ar\u00eb nga fshati Novosell\u00eb i Pej\u00ebs. Sipas drejtorit t\u00eb Sh\u00ebndet\u00ebsis\u00eb n\u00eb Pej\u00eb, Petrit Loci, \u00ebsht\u00eb e v\u00ebrtet\u00eb q\u00eb dy v\u00ebllez\u00ebrit kan\u00eb nd\u00ebrruar jet\u00eb [&hellip;]<\/p>\n","protected":false,"gt_translate_keys":[{"key":"rendered","format":"html"}]},"author":51,"featured_media":392088,"comment_status":"open","ping_status":"open","sticky":false,"template":"","format":"standard","meta":{"footnotes":""},"categories":[149],"tags":[],"class_list":["post-392087","post","type-post","status-publish","format-standard","has-post-thumbnail","hentry","category-kosoverajon"],"gt_translate_keys":[{"key":"link","format":"url"}],"_links":{"self":[{"href":"https:\/\/www.hashtag.al\/index.php\/wp-json\/wp\/v2\/posts\/392087","targetHints":{"allow":["GET"]}}],"collection":[{"href":"https:\/\/www.hashtag.al\/index.php\/wp-json\/wp\/v2\/posts"}],"about":[{"href":"https:\/\/www.hashtag.al\/index.php\/wp-json\/wp\/v2\/types\/post"}],"author":[{"embeddable":true,"href":"https:\/\/www.hashtag.al\/index.php\/wp-json\/wp\/v2\/users\/51"}],"replies":[{"embeddable":true,"href":"https:\/\/www.hashtag.al\/index.php\/wp-json\/wp\/v2\/comments?post=392087"}],"version-history":[{"count":0,"href":"https:\/\/www.hashtag.al\/index.php\/wp-json\/wp\/v2\/posts\/392087\/revisions"}],"wp:featuredmedia":[{"embeddable":true,"href":"https:\/\/www.hashtag.al\/index.php\/wp-json\/wp\/v2\/media\/392088"}],"wp:attachment":[{"href":"https:\/\/www.hashtag.al\/index.php\/wp-json\/wp\/v2\/media?parent=392087"}],"wp:term":[{"taxonomy":"category","embeddable":true,"href":"https:\/\/www.hashtag.al\/index.php\/wp-json\/wp\/v2\/categories?post=392087"},{"taxonomy":"post_tag","embeddable":true,"href":"https:\/\/www.hashtag.al\/index.php\/wp-json\/wp\/v2\/tags?post=392087"}],"curies":[{"name":"wp","href":"https:\/\/api.w.org\/{rel}","templated":true}]}}