{"id":392066,"date":"2020-08-05T12:54:09","date_gmt":"2020-08-05T10:54:09","guid":{"rendered":"https:\/\/hashtag.al\/?p=392066"},"modified":"2020-08-05T13:01:13","modified_gmt":"2020-08-05T11:01:13","slug":"terror-gjuhesor-kryebashkiaku-gjerman-nen-kritika-pasi-kerkon-zhduken-e-fjaleve-mashkull-e-femer","status":"publish","type":"post","link":"https:\/\/www.hashtag.al\/index.php\/2020\/08\/05\/terror-gjuhesor-kryebashkiaku-gjerman-nen-kritika-pasi-kerkon-zhduken-e-fjaleve-mashkull-e-femer\/","title":{"rendered":"&#8220;Terror gjuh\u00ebsor&#8221; &#8211; Kryebashkiaku gjerman n\u00ebn kritika pasi k\u00ebrkon zhdukjen e fjal\u00ebve &#8220;mashkull&#8221; e &#8220;fem\u00ebr&#8221;","gt_translate_keys":[{"key":"rendered","format":"text"}]},"content":{"rendered":"<p><span style=\"color: #000000;\"><img loading=\"lazy\" decoding=\"async\" class=\"aligncenter size-full wp-image-392067\" src=\"https:\/\/hashtag.al\/wp-content\/uploads\/2020\/08\/gjermani-1.jpg\" alt=\"\" width=\"980\" height=\"551\" srcset=\"https:\/\/www.hashtag.al\/wp-content\/uploads\/2020\/08\/gjermani-1.jpg 980w, https:\/\/www.hashtag.al\/wp-content\/uploads\/2020\/08\/gjermani-1-300x169.jpg 300w, https:\/\/www.hashtag.al\/wp-content\/uploads\/2020\/08\/gjermani-1-768x432.jpg 768w\" sizes=\"auto, (max-width: 980px) 100vw, 980px\" \/><\/span><\/p>\n<p><span style=\"color: #000000;\">Kryebashkiaku i Shtutgartit, Fritz Kuhn, \u00ebsht\u00eb kund\u00ebrshtuar nga ministrat e shtetit t\u00eb tij, pasi nxori protokollet gjuh\u00ebsore neutrale gjinore p\u00ebr punonj\u00ebsit e qytetit, sipas raporteve t\u00eb mediave gjermane.<\/span><\/p>\n<p><span style=\"color: #000000;\">Udh\u00ebzimet e reja do t&#8217;i nxisnin ata q\u00eb punojn\u00eb n\u00eb bashkin\u00eb e Stuttgartit t\u00eb heqin dor\u00eb nga titujt e identifikimit t\u00eb gjinis\u00eb, si\u00e7 \u00ebsht\u00eb \u2018z.\u2019 Apo \u2018znj.\u2019 kur iu drejtohen koleg\u00ebve. Rregullat e reja p\u00ebrcaktojn\u00eb gjithashtu se n\u00eb komunikimet me shkrim, \u2018i nderuar zot\u00ebri ose zonj\u00eb\u2019 duhet t\u00eb z\u00ebvend\u00ebsohet me \u2018njer\u00ebz t\u00eb dashur\u2019.<\/span><\/p>\n<p><span style=\"color: #000000;\">Si rregull i p\u00ebrgjithsh\u00ebm, termat q\u00eb p\u00ebrdorin \u2018klishet\u2019 gjinore duhet t\u00eb shmangen, dekretoi Kuhn, nj\u00eb an\u00ebtar i partis\u00eb s\u00eb majt\u00eb gjermane, T\u00eb Gjelb\u00ebrit.<\/span><\/p>\n<p><span style=\"color: #000000;\">Dekreti i tij vjen n\u00eb mes t\u00eb nj\u00eb val\u00eb q\u00ebndrimesh politikisht korrekte n\u00eb Shtetet e Bashkuara dhe Evrop\u00eb, por duket se politikan\u00eb t\u00eb tjer\u00eb n\u00eb shtetin e Baden-Wurttemberg menduan se kryetari i bashkis\u00eb kishte shkuar shum\u00eb larg.<\/span><\/p>\n<p><span style=\"color: #000000;\">Kryeministri i shtetit, Winfried Kretschmann, nj\u00eb an\u00ebtar tjet\u00ebt i T\u00eb Gjelb\u00ebrve, shprehu shqet\u00ebsimin p\u00ebr \u2018oficer\u00ebt q\u00eb do kontrollojn\u00eb fjalorin\u2019. Ai tha se nd\u00ebrsa njer\u00ebzit duhet t\u00eb jen\u00eb t\u00eb v\u00ebmendsh\u00ebm ndaj nj\u00ebri-tjetrit, masa t\u00eb tilla ekstreme mund t\u00eb \u00e7ojn\u00eb n\u00eb \u2018terror gjuh\u00ebsor\u2019.<\/span><\/p>\n<p><span style=\"color: #000000;\">Duke pasqyruar q\u00ebndrimin e Kretschmann, ministrja e Kultur\u00ebs e Baden-Wurttemberg, Susanne Eisenmann, vuri n\u00eb pik\u00ebpyetje p\u00ebrpar\u00ebsit\u00eb e kryetarit t\u00eb Stuttgartit.<\/span><\/p>\n<p><span style=\"color: #000000;\"><em>\u201cJu duhet t\u00eb pyesni veten n\u00ebse nuk kemi \u00e7\u00ebshtje t\u00eb tjera p\u00ebr t\u00eb zgjidhur\u201d<\/em> i tha ajo Agjencis\u00eb Gjermane t\u00eb Shtypit.<\/span><\/p>\n","protected":false,"gt_translate_keys":[{"key":"rendered","format":"html"}]},"excerpt":{"rendered":"<p>Kryebashkiaku i Shtutgartit, Fritz Kuhn, \u00ebsht\u00eb kund\u00ebrshtuar nga ministrat e shtetit t\u00eb tij, pasi nxori protokollet gjuh\u00ebsore neutrale gjinore p\u00ebr punonj\u00ebsit e qytetit, sipas raporteve t\u00eb mediave gjermane. Udh\u00ebzimet e reja do t&#8217;i nxisnin ata q\u00eb punojn\u00eb n\u00eb bashkin\u00eb e Stuttgartit t\u00eb heqin dor\u00eb nga titujt e identifikimit t\u00eb gjinis\u00eb, si\u00e7 \u00ebsht\u00eb \u2018z.\u2019 Apo \u2018znj.\u2019 [&hellip;]<\/p>\n","protected":false,"gt_translate_keys":[{"key":"rendered","format":"html"}]},"author":51,"featured_media":392067,"comment_status":"open","ping_status":"open","sticky":false,"template":"","format":"standard","meta":{"footnotes":""},"categories":[53],"tags":[],"class_list":["post-392066","post","type-post","status-publish","format-standard","has-post-thumbnail","hentry","category-fast-foodi"],"gt_translate_keys":[{"key":"link","format":"url"}],"_links":{"self":[{"href":"https:\/\/www.hashtag.al\/index.php\/wp-json\/wp\/v2\/posts\/392066","targetHints":{"allow":["GET"]}}],"collection":[{"href":"https:\/\/www.hashtag.al\/index.php\/wp-json\/wp\/v2\/posts"}],"about":[{"href":"https:\/\/www.hashtag.al\/index.php\/wp-json\/wp\/v2\/types\/post"}],"author":[{"embeddable":true,"href":"https:\/\/www.hashtag.al\/index.php\/wp-json\/wp\/v2\/users\/51"}],"replies":[{"embeddable":true,"href":"https:\/\/www.hashtag.al\/index.php\/wp-json\/wp\/v2\/comments?post=392066"}],"version-history":[{"count":0,"href":"https:\/\/www.hashtag.al\/index.php\/wp-json\/wp\/v2\/posts\/392066\/revisions"}],"wp:featuredmedia":[{"embeddable":true,"href":"https:\/\/www.hashtag.al\/index.php\/wp-json\/wp\/v2\/media\/392067"}],"wp:attachment":[{"href":"https:\/\/www.hashtag.al\/index.php\/wp-json\/wp\/v2\/media?parent=392066"}],"wp:term":[{"taxonomy":"category","embeddable":true,"href":"https:\/\/www.hashtag.al\/index.php\/wp-json\/wp\/v2\/categories?post=392066"},{"taxonomy":"post_tag","embeddable":true,"href":"https:\/\/www.hashtag.al\/index.php\/wp-json\/wp\/v2\/tags?post=392066"}],"curies":[{"name":"wp","href":"https:\/\/api.w.org\/{rel}","templated":true}]}}