{"id":392038,"date":"2020-08-05T11:46:54","date_gmt":"2020-08-05T09:46:54","guid":{"rendered":"https:\/\/hashtag.al\/?p=392038"},"modified":"2020-08-05T11:48:14","modified_gmt":"2020-08-05T09:48:14","slug":"sherohet-nga-koronavirusi-deputeti-eljo-hysko","status":"publish","type":"post","link":"https:\/\/www.hashtag.al\/index.php\/2020\/08\/05\/sherohet-nga-koronavirusi-deputeti-eljo-hysko\/","title":{"rendered":"Sh\u00ebrohet nga koronavirusi deputeti Eljo Hysko","gt_translate_keys":[{"key":"rendered","format":"text"}]},"content":{"rendered":"<p><span style=\"color: #000000;\"><a href=\"https:\/\/hashtag.al\/wp-content\/uploads\/2020\/07\/hysko.jpg\"><img loading=\"lazy\" decoding=\"async\" class=\"aligncenter size-full wp-image-390767\" src=\"https:\/\/hashtag.al\/wp-content\/uploads\/2020\/07\/hysko.jpg\" alt=\"\" width=\"633\" height=\"507\" srcset=\"https:\/\/www.hashtag.al\/wp-content\/uploads\/2020\/07\/hysko.jpg 633w, https:\/\/www.hashtag.al\/wp-content\/uploads\/2020\/07\/hysko-300x240.jpg 300w\" sizes=\"auto, (max-width: 633px) 100vw, 633px\" \/><\/a><\/span><\/p>\n<p><span style=\"color: #000000;\">Sh\u00ebrohet nga koronavirusi, deputeti socialist Eljo Hysko. Lajmi \u00ebsht\u00eb b\u00ebr\u00eb i ditur nga v\u00ebllai i tij, moderatori Turjan Hysko p\u00ebrmes nj\u00eb postimi n\u00eb Instagram.<\/span><br \/>\n<span style=\"color: #000000;\">Ai ka shkruar:<em> \u201cNuk ma merrte mendja q\u00eb do g\u00ebzohesha kaq shum\u00eb kur t\u00eb m\u00eb etiketonin v\u00ebllain si \u2018Negativ&#8217;.&#8221;<\/em><\/span><\/p>\n<p><span style=\"color: #000000;\"><a href=\"https:\/\/hashtag.al\/wp-content\/uploads\/2020\/08\/Hysko.jpg\"><img loading=\"lazy\" decoding=\"async\" class=\"aligncenter size-full wp-image-392039\" src=\"https:\/\/hashtag.al\/wp-content\/uploads\/2020\/08\/Hysko.jpg\" alt=\"\" width=\"589\" height=\"1053\" srcset=\"https:\/\/www.hashtag.al\/wp-content\/uploads\/2020\/08\/Hysko.jpg 589w, https:\/\/www.hashtag.al\/wp-content\/uploads\/2020\/08\/Hysko-168x300.jpg 168w, https:\/\/www.hashtag.al\/wp-content\/uploads\/2020\/08\/Hysko-573x1024.jpg 573w\" sizes=\"auto, (max-width: 589px) 100vw, 589px\" \/><\/a><\/span><\/p>\n<p><span style=\"color: #000000;\">Eljo Hysko ishte nj\u00eb nga deputet\u00ebt e Kuvendit t\u00eb Shqip\u00ebris\u00eb t\u00eb cil\u00ebt u prek\u00ebn nga COVID-19, dhe q\u00ebndronte i izoluar prej disa jav\u00ebsh.<\/span><\/p>\n<p><span style=\"color: #000000;\">Deputet\u00ebt e tjer\u00eb q\u00eb kan\u00eb rezultuar me koronavirus jan\u00eb Ralf Gjoni dhe Enver Roshi. <\/span><span style=\"color: #000000;\">Ky i fundit e ka p\u00ebrballuar m\u00eb keq virusin dhe p\u00ebr shkak t\u00eb problemeve t\u00eb r\u00ebnduara sh\u00ebndet\u00ebsore, \u00ebsht\u00eb d\u00ebrguar n\u00eb Turqi p\u00ebr mjekim m\u00eb t\u00eb specializuar.<\/span><\/p>\n<p><span style=\"color: #000000;\">Kujtojm\u00eb se p\u00ebrve\u00e7 k\u00ebtyre tre deputet\u00ebve, n\u00eb muajt e par\u00eb t\u00eb pandemis\u00eb ka qen\u00eb infektuar vet\u00ebm deputeti Adriatik Alimadhi.<\/span><\/p>\n","protected":false,"gt_translate_keys":[{"key":"rendered","format":"html"}]},"excerpt":{"rendered":"<p>Sh\u00ebrohet nga koronavirusi, deputeti socialist Eljo Hysko. Lajmi \u00ebsht\u00eb b\u00ebr\u00eb i ditur nga v\u00ebllai i tij, moderatori Turjan Hysko p\u00ebrmes nj\u00eb postimi n\u00eb Instagram. Ai ka shkruar: \u201cNuk ma merrte mendja q\u00eb do g\u00ebzohesha kaq shum\u00eb kur t\u00eb m\u00eb etiketonin v\u00ebllain si \u2018Negativ&#8217;.&#8221; Eljo Hysko ishte nj\u00eb nga deputet\u00ebt e Kuvendit t\u00eb Shqip\u00ebris\u00eb t\u00eb cil\u00ebt [&hellip;]<\/p>\n","protected":false,"gt_translate_keys":[{"key":"rendered","format":"html"}]},"author":30,"featured_media":390767,"comment_status":"open","ping_status":"open","sticky":false,"template":"","format":"standard","meta":{"footnotes":""},"categories":[65,13],"tags":[],"class_list":["post-392038","post","type-post","status-publish","format-standard","has-post-thumbnail","hentry","category-lajme","category-te-fundit"],"gt_translate_keys":[{"key":"link","format":"url"}],"_links":{"self":[{"href":"https:\/\/www.hashtag.al\/index.php\/wp-json\/wp\/v2\/posts\/392038","targetHints":{"allow":["GET"]}}],"collection":[{"href":"https:\/\/www.hashtag.al\/index.php\/wp-json\/wp\/v2\/posts"}],"about":[{"href":"https:\/\/www.hashtag.al\/index.php\/wp-json\/wp\/v2\/types\/post"}],"author":[{"embeddable":true,"href":"https:\/\/www.hashtag.al\/index.php\/wp-json\/wp\/v2\/users\/30"}],"replies":[{"embeddable":true,"href":"https:\/\/www.hashtag.al\/index.php\/wp-json\/wp\/v2\/comments?post=392038"}],"version-history":[{"count":0,"href":"https:\/\/www.hashtag.al\/index.php\/wp-json\/wp\/v2\/posts\/392038\/revisions"}],"wp:featuredmedia":[{"embeddable":true,"href":"https:\/\/www.hashtag.al\/index.php\/wp-json\/wp\/v2\/media\/390767"}],"wp:attachment":[{"href":"https:\/\/www.hashtag.al\/index.php\/wp-json\/wp\/v2\/media?parent=392038"}],"wp:term":[{"taxonomy":"category","embeddable":true,"href":"https:\/\/www.hashtag.al\/index.php\/wp-json\/wp\/v2\/categories?post=392038"},{"taxonomy":"post_tag","embeddable":true,"href":"https:\/\/www.hashtag.al\/index.php\/wp-json\/wp\/v2\/tags?post=392038"}],"curies":[{"name":"wp","href":"https:\/\/api.w.org\/{rel}","templated":true}]}}