{"id":391924,"date":"2020-08-04T21:32:14","date_gmt":"2020-08-04T19:32:14","guid":{"rendered":"https:\/\/hashtag.al\/?p=391924"},"modified":"2020-08-04T21:32:14","modified_gmt":"2020-08-04T19:32:14","slug":"25-viktima-dhe-rreth-2500-te-plagosur-nga-shperthimi-ne-beirut-raportet-paraprake","status":"publish","type":"post","link":"https:\/\/www.hashtag.al\/index.php\/2020\/08\/04\/25-viktima-dhe-rreth-2500-te-plagosur-nga-shperthimi-ne-beirut-raportet-paraprake\/","title":{"rendered":"\u201c25 viktima dhe rreth 2500 t\u00eb plagosur nga shp\u00ebrthimi n\u00eb Beirut\u201d-Raportet paraprake","gt_translate_keys":[{"key":"rendered","format":"text"}]},"content":{"rendered":"<p><img loading=\"lazy\" decoding=\"async\" class=\"aligncenter size-full wp-image-391903\" src=\"https:\/\/hashtag.al\/wp-content\/uploads\/2020\/08\/31560318-8592549-image-a-25_1596561673353.jpg\" alt=\"\" width=\"962\" height=\"595\" srcset=\"https:\/\/www.hashtag.al\/wp-content\/uploads\/2020\/08\/31560318-8592549-image-a-25_1596561673353.jpg 962w, https:\/\/www.hashtag.al\/wp-content\/uploads\/2020\/08\/31560318-8592549-image-a-25_1596561673353-300x186.jpg 300w, https:\/\/www.hashtag.al\/wp-content\/uploads\/2020\/08\/31560318-8592549-image-a-25_1596561673353-768x475.jpg 768w\" sizes=\"auto, (max-width: 962px) 100vw, 962px\" \/><\/p>\n<p><span style=\"color: #000000;\">Ministri i sh\u00ebndet\u00ebsis\u00eb n\u00eb Liban ka konfirmuar 25 viktima pas shp\u00ebrthimeve n\u00eb kryeqytetin e vendit, dhe mij\u00ebra t\u00eb tjer\u00eb t\u00eb plagosur. Shkaku i shp\u00ebrthimit \u00ebsht\u00eb ende n\u00ebn hetim, me raportet e paraprake q\u00eb e lidhin at\u00eb me nj\u00eb magazin\u00eb fishekzjarr\u00ebsh dhe kimikate.<\/span><\/p>\n<p><span style=\"color: #000000;\">Dy shp\u00ebrthime godit\u00ebn zon\u00ebn e portit n\u00eb Bejrut, me goditjen e par\u00eb n\u00eb or\u00ebn 6 pasdite me koh\u00ebn lokale. E dyta u duk shum\u00eb m\u00eb e fort\u00eb, duke d\u00ebrguar nj\u00eb sht\u00ebllung\u00eb gjigande tymi.<\/span><\/p>\n<p><span style=\"color: #000000;\">Duke folur p\u00ebr median lokale, Ministri i Sh\u00ebndet\u00ebsis\u00eb Hamad Hassan fillimisht tha se m\u00eb shum\u00eb se 30 njer\u00ebz u vran\u00eb dhe mbi 3,000 t\u00eb plagosur, dhe m\u00eb von\u00eb komentoi se mbi 25 u vran\u00eb dhe 2.500 u plagos\u00ebn.<\/span><\/p>\n<p><span style=\"color: #000000;\">Kreu i Kryqit t\u00eb Kuq t\u00eb vendit paralajm\u00ebroi se numri i viktimave ka t\u00eb ngjar\u00eb t\u00eb rritet.<\/span><\/p>\n<p><span style=\"color: #000000;\">Pamjet grafike nga vendi i ngjarjes treguan se vendasit nxitonin t\u00eb l\u00ebnduarin drejt spitalit, nd\u00ebrsa shum\u00eb t\u00eb plagosur n\u00eb k\u00ebmb\u00eb raportohej se ishin larguar p\u00ebr t\u00eb lejuar trajtimin m\u00eb serioz.<\/span><\/p>\n<p><span style=\"color: #000000;\">Disa video t\u00eb shp\u00ebrndara n\u00eb internet t\u00eb af\u00ebrta me vendin e shp\u00ebrthimit treguan ato q\u00eb dukeshin se ishin trupa t\u00eb shtrir\u00eb n\u00eb tok\u00eb mes automjeteve t\u00eb karburantit dhe mbeturinave.<\/span><\/p>\n<div style=\"width: 480px;\" class=\"wp-video\"><video class=\"wp-video-shortcode\" id=\"video-391924-1\" width=\"480\" height=\"848\" preload=\"metadata\" controls=\"controls\"><source type=\"video\/mp4\" src=\"https:\/\/hashtag.al\/wp-content\/uploads\/2020\/08\/WhatsApp-Video-2020-08-04-at-20.10.01.mp4?_=1\" \/><a href=\"https:\/\/hashtag.al\/wp-content\/uploads\/2020\/08\/WhatsApp-Video-2020-08-04-at-20.10.01.mp4\">https:\/\/hashtag.al\/wp-content\/uploads\/2020\/08\/WhatsApp-Video-2020-08-04-at-20.10.01.mp4<\/a><\/video><\/div>\n","protected":false,"gt_translate_keys":[{"key":"rendered","format":"html"}]},"excerpt":{"rendered":"<p>Ministri i sh\u00ebndet\u00ebsis\u00eb n\u00eb Liban ka konfirmuar 25 viktima pas shp\u00ebrthimeve n\u00eb kryeqytetin e vendit, dhe mij\u00ebra t\u00eb tjer\u00eb t\u00eb plagosur. Shkaku i shp\u00ebrthimit \u00ebsht\u00eb ende n\u00ebn hetim, me raportet e paraprake q\u00eb e lidhin at\u00eb me nj\u00eb magazin\u00eb fishekzjarr\u00ebsh dhe kimikate. Dy shp\u00ebrthime godit\u00ebn zon\u00ebn e portit n\u00eb Bejrut, me goditjen e par\u00eb n\u00eb [&hellip;]<\/p>\n","protected":false,"gt_translate_keys":[{"key":"rendered","format":"html"}]},"author":32,"featured_media":391902,"comment_status":"open","ping_status":"open","sticky":false,"template":"","format":"standard","meta":{"footnotes":""},"categories":[6,13],"tags":[],"class_list":["post-391924","post","type-post","status-publish","format-standard","has-post-thumbnail","hentry","category-nderkombetare","category-te-fundit"],"gt_translate_keys":[{"key":"link","format":"url"}],"_links":{"self":[{"href":"https:\/\/www.hashtag.al\/index.php\/wp-json\/wp\/v2\/posts\/391924","targetHints":{"allow":["GET"]}}],"collection":[{"href":"https:\/\/www.hashtag.al\/index.php\/wp-json\/wp\/v2\/posts"}],"about":[{"href":"https:\/\/www.hashtag.al\/index.php\/wp-json\/wp\/v2\/types\/post"}],"author":[{"embeddable":true,"href":"https:\/\/www.hashtag.al\/index.php\/wp-json\/wp\/v2\/users\/32"}],"replies":[{"embeddable":true,"href":"https:\/\/www.hashtag.al\/index.php\/wp-json\/wp\/v2\/comments?post=391924"}],"version-history":[{"count":0,"href":"https:\/\/www.hashtag.al\/index.php\/wp-json\/wp\/v2\/posts\/391924\/revisions"}],"wp:featuredmedia":[{"embeddable":true,"href":"https:\/\/www.hashtag.al\/index.php\/wp-json\/wp\/v2\/media\/391902"}],"wp:attachment":[{"href":"https:\/\/www.hashtag.al\/index.php\/wp-json\/wp\/v2\/media?parent=391924"}],"wp:term":[{"taxonomy":"category","embeddable":true,"href":"https:\/\/www.hashtag.al\/index.php\/wp-json\/wp\/v2\/categories?post=391924"},{"taxonomy":"post_tag","embeddable":true,"href":"https:\/\/www.hashtag.al\/index.php\/wp-json\/wp\/v2\/tags?post=391924"}],"curies":[{"name":"wp","href":"https:\/\/api.w.org\/{rel}","templated":true}]}}