{"id":391922,"date":"2020-08-04T21:12:52","date_gmt":"2020-08-04T19:12:52","guid":{"rendered":"https:\/\/hashtag.al\/?p=391922"},"modified":"2020-08-04T21:12:52","modified_gmt":"2020-08-04T19:12:52","slug":"nuk-jam-bere-pale-me-te-majten-apo-te-djathten-ylli-ndroqi-e-ka-inatin-me-veliaj-e-quan-sekuestron-sulm-politik","status":"publish","type":"post","link":"https:\/\/www.hashtag.al\/index.php\/2020\/08\/04\/nuk-jam-bere-pale-me-te-majten-apo-te-djathten-ylli-ndroqi-e-ka-inatin-me-veliaj-e-quan-sekuestron-sulm-politik\/","title":{"rendered":"\u201cNuk jam b\u00ebr\u00eb pal\u00eb me t\u00eb majt\u00ebn apo t\u00eb djatht\u00ebn\u201d\/ Ylli Ndroqi e ka inatin me Veliaj, e quan sekuestron sulm politik","gt_translate_keys":[{"key":"rendered","format":"text"}]},"content":{"rendered":"<p><img loading=\"lazy\" decoding=\"async\" class=\"aligncenter size-full wp-image-391589\" src=\"https:\/\/hashtag.al\/wp-content\/uploads\/2020\/08\/ndroqiylli-e1596458644501.jpg\" alt=\"\" width=\"2048\" height=\"1459\" srcset=\"https:\/\/www.hashtag.al\/wp-content\/uploads\/2020\/08\/ndroqiylli-e1596458644501.jpg 2048w, https:\/\/www.hashtag.al\/wp-content\/uploads\/2020\/08\/ndroqiylli-e1596458644501-300x214.jpg 300w, https:\/\/www.hashtag.al\/wp-content\/uploads\/2020\/08\/ndroqiylli-e1596458644501-768x547.jpg 768w, https:\/\/www.hashtag.al\/wp-content\/uploads\/2020\/08\/ndroqiylli-e1596458644501-1024x730.jpg 1024w\" sizes=\"auto, (max-width: 2048px) 100vw, 2048px\" \/><\/p>\n<p><span style=\"color: #000000;\">Presidenti i Ora News, Ylli Ndroqi dit\u00ebn e sotme ka takuar gazetar\u00ebt e televeizionit t\u00eb tij pas 24 or\u00ebsh kur bizneset e tij u vendos\u00ebn n\u00ebn sekuestro me vendim t\u00eb SPAK-ut p\u00ebr origjin\u00ebn e dyshimt\u00eb t\u00eb burimit t\u00eb pasurive t\u00eb tij.<\/span><\/p>\n<p><span style=\"color: #000000;\">N\u00eb fjal\u00ebn e tij drejtuar gazetar\u00ebve Ndroqi thot\u00eb se nuk di t\u00eb ket\u00eb b\u00ebr\u00eb pakt me t\u00eb djatht\u00ebn apo t\u00eb majt\u00ebn por duket se inatin e ka me kryebashkiakun Veliaj.<\/span><\/p>\n<p><span style=\"color: #000000;\">Ai p\u00ebrmendi se ka pasur probleme edhe me Ram\u00ebn dhe Bash\u00ebn por p\u00ebr Veliajn thot\u00eb se ka frik\u00eb t\u00eb p\u00ebrballet me t\u00eb v\u00ebrtet\u00ebn duke e lidhur vendimin e SPAK-ut t\u00eb cilin e quajti sulm politik.<\/span><\/p>\n<p><span style=\"color: #000000;\">\u201c<em>Me qet\u00ebsi se \u00e7do gj\u00eb do t\u00eb shkoj\u00eb n\u00eb vendin e duhur, po nuk pat\u00ebm furtuna t\u00eb tilla normalisht nuk do t\u00eb ekzistojm\u00eb m\u00eb dhe nuk do t\u00eb b\u00ebnim pun\u00ebn q\u00eb kemi marr\u00eb p\u00ebrsip\u00ebr ta b\u00ebjm\u00eb. P\u00ebr gati 13 vite un\u00eb nuk di t\u00eb jem b\u00ebr\u00eb pal\u00eb me t\u00eb majt\u00ebn a t\u00eb djatht\u00ebn. Ka pasur problem edhe n\u00eb koh\u00ebn e PD-s\u00eb, n\u00eb koh\u00ebn e PS-s\u00eb, n\u00eb koh\u00ebn kur Rama ka qen\u00eb kryebashkiak, n\u00eb koh\u00ebn e Bash\u00ebs, por edhe me Erion Veliajn. Por m\u00eb interesanti dhe njeriu q\u00eb nuk p\u00ebrballet dot me t\u00eb v\u00ebrtet\u00ebn \u00ebsht\u00eb Erion Veliaj dhe ky \u00ebsht\u00eb sulm politik<\/em>\u201d-i tha Ndroqi gazetar\u00ebve.<\/span><\/p>\n<p><iframe loading=\"lazy\" src=\"https:\/\/www.youtube.com\/embed\/dxnYjPlGMwU\" width=\"830\" height=\"466\" frameborder=\"0\" allowfullscreen=\"allowfullscreen\"><\/iframe><\/p>\n","protected":false,"gt_translate_keys":[{"key":"rendered","format":"html"}]},"excerpt":{"rendered":"<p>Presidenti i Ora News, Ylli Ndroqi dit\u00ebn e sotme ka takuar gazetar\u00ebt e televeizionit t\u00eb tij pas 24 or\u00ebsh kur bizneset e tij u vendos\u00ebn n\u00ebn sekuestro me vendim t\u00eb SPAK-ut p\u00ebr origjin\u00ebn e dyshimt\u00eb t\u00eb burimit t\u00eb pasurive t\u00eb tij. N\u00eb fjal\u00ebn e tij drejtuar gazetar\u00ebve Ndroqi thot\u00eb se nuk di t\u00eb ket\u00eb b\u00ebr\u00eb [&hellip;]<\/p>\n","protected":false,"gt_translate_keys":[{"key":"rendered","format":"html"}]},"author":32,"featured_media":391589,"comment_status":"open","ping_status":"open","sticky":false,"template":"","format":"standard","meta":{"footnotes":""},"categories":[65,13],"tags":[],"class_list":["post-391922","post","type-post","status-publish","format-standard","has-post-thumbnail","hentry","category-lajme","category-te-fundit"],"gt_translate_keys":[{"key":"link","format":"url"}],"_links":{"self":[{"href":"https:\/\/www.hashtag.al\/index.php\/wp-json\/wp\/v2\/posts\/391922","targetHints":{"allow":["GET"]}}],"collection":[{"href":"https:\/\/www.hashtag.al\/index.php\/wp-json\/wp\/v2\/posts"}],"about":[{"href":"https:\/\/www.hashtag.al\/index.php\/wp-json\/wp\/v2\/types\/post"}],"author":[{"embeddable":true,"href":"https:\/\/www.hashtag.al\/index.php\/wp-json\/wp\/v2\/users\/32"}],"replies":[{"embeddable":true,"href":"https:\/\/www.hashtag.al\/index.php\/wp-json\/wp\/v2\/comments?post=391922"}],"version-history":[{"count":0,"href":"https:\/\/www.hashtag.al\/index.php\/wp-json\/wp\/v2\/posts\/391922\/revisions"}],"wp:featuredmedia":[{"embeddable":true,"href":"https:\/\/www.hashtag.al\/index.php\/wp-json\/wp\/v2\/media\/391589"}],"wp:attachment":[{"href":"https:\/\/www.hashtag.al\/index.php\/wp-json\/wp\/v2\/media?parent=391922"}],"wp:term":[{"taxonomy":"category","embeddable":true,"href":"https:\/\/www.hashtag.al\/index.php\/wp-json\/wp\/v2\/categories?post=391922"},{"taxonomy":"post_tag","embeddable":true,"href":"https:\/\/www.hashtag.al\/index.php\/wp-json\/wp\/v2\/tags?post=391922"}],"curies":[{"name":"wp","href":"https:\/\/api.w.org\/{rel}","templated":true}]}}