{"id":391908,"date":"2020-08-04T20:06:27","date_gmt":"2020-08-04T18:06:27","guid":{"rendered":"https:\/\/hashtag.al\/?p=391908"},"modified":"2020-08-04T20:06:27","modified_gmt":"2020-08-04T18:06:27","slug":"greqia-me-pakete-te-re-masash-ndaj-koronavirusit-vendos-karantine-per-7-dite-per-udhetaret-nga-shqiperia","status":"publish","type":"post","link":"https:\/\/www.hashtag.al\/index.php\/2020\/08\/04\/greqia-me-pakete-te-re-masash-ndaj-koronavirusit-vendos-karantine-per-7-dite-per-udhetaret-nga-shqiperia\/","title":{"rendered":"Greqia me paket\u00eb t\u00eb re masash ndaj koronavirusit, vendos karantin\u00eb p\u00ebr 7 dit\u00eb p\u00ebr udh\u00ebtar\u00ebt nga Shqip\u00ebria","gt_translate_keys":[{"key":"rendered","format":"text"}]},"content":{"rendered":"<p><img loading=\"lazy\" decoding=\"async\" class=\"aligncenter size-full wp-image-360536\" src=\"https:\/\/hashtag.al\/wp-content\/uploads\/2020\/03\/Kakavijegreqi.jpeg\" alt=\"\" width=\"1280\" height=\"622\" srcset=\"https:\/\/www.hashtag.al\/wp-content\/uploads\/2020\/03\/Kakavijegreqi.jpeg 1280w, https:\/\/www.hashtag.al\/wp-content\/uploads\/2020\/03\/Kakavijegreqi-300x146.jpeg 300w, https:\/\/www.hashtag.al\/wp-content\/uploads\/2020\/03\/Kakavijegreqi-768x373.jpeg 768w, https:\/\/www.hashtag.al\/wp-content\/uploads\/2020\/03\/Kakavijegreqi-1024x498.jpeg 1024w\" sizes=\"auto, (max-width: 1280px) 100vw, 1280px\" \/><\/p>\n<p><span style=\"color: #000000;\">Autoritetet sh\u00ebndet\u00ebsore n\u00eb Greqi kan\u00eb shpalosur nj\u00eb paket\u00eb t\u00eb re masash p\u00ebr parandalimin e p\u00ebrhapjes s\u00eb koronavirusin.<\/span><\/p>\n<p><span style=\"color: #000000;\">Nga kjo paket\u00eb t\u00eb miratuar nga Ministria e Mbrojtjes Sociale dhe Trajtimit t\u00eb Krizave preken edhe udh\u00ebtar\u00ebt q\u00eb kalojn\u00eb nga Shqip\u00ebria p\u00ebr n\u00eb Greqi.<\/span><\/p>\n<p><span style=\"color: #000000;\">Kufiri tok\u00ebsor me Kakavij\u00ebn do t\u00eb mbyllet gjat\u00eb nat\u00ebs me q\u00ebllim kontrollin m\u00eb t\u00eb imt\u00ebsish\u00ebm dit\u00ebn.<\/span><\/p>\n<p><span style=\"color: #000000;\">T\u00eb gjith\u00eb udh\u00ebtar\u00ebt q\u00eb hyjn\u00eb n\u00eb Greqi nga Shqip\u00ebria q\u00eb nga 16 gushti p\u00ebrmes pik\u00ebs s\u00eb kalimit t\u00eb Kakavij\u00ebs duhet t\u00eb karantinohen p\u00ebr 7 dit\u00eb.<\/span><\/p>\n<p><span style=\"color: #000000;\">N\u00eb pal\u00ebn greke do vendoset edhe nj\u00eb ekip kontrolli epidemiolog\u00ebsh p\u00ebr t\u00eb kontrolluar plot\u00ebsisht udh\u00ebtar\u00ebt.<\/span><\/p>\n<p>&nbsp;<\/p>\n","protected":false,"gt_translate_keys":[{"key":"rendered","format":"html"}]},"excerpt":{"rendered":"<p>Autoritetet sh\u00ebndet\u00ebsore n\u00eb Greqi kan\u00eb shpalosur nj\u00eb paket\u00eb t\u00eb re masash p\u00ebr parandalimin e p\u00ebrhapjes s\u00eb koronavirusin. Nga kjo paket\u00eb t\u00eb miratuar nga Ministria e Mbrojtjes Sociale dhe Trajtimit t\u00eb Krizave preken edhe udh\u00ebtar\u00ebt q\u00eb kalojn\u00eb nga Shqip\u00ebria p\u00ebr n\u00eb Greqi. Kufiri tok\u00ebsor me Kakavij\u00ebn do t\u00eb mbyllet gjat\u00eb nat\u00ebs me q\u00ebllim kontrollin m\u00eb t\u00eb [&hellip;]<\/p>\n","protected":false,"gt_translate_keys":[{"key":"rendered","format":"html"}]},"author":32,"featured_media":364402,"comment_status":"open","ping_status":"open","sticky":false,"template":"","format":"standard","meta":{"footnotes":""},"categories":[65,13],"tags":[],"class_list":["post-391908","post","type-post","status-publish","format-standard","has-post-thumbnail","hentry","category-lajme","category-te-fundit"],"gt_translate_keys":[{"key":"link","format":"url"}],"_links":{"self":[{"href":"https:\/\/www.hashtag.al\/index.php\/wp-json\/wp\/v2\/posts\/391908","targetHints":{"allow":["GET"]}}],"collection":[{"href":"https:\/\/www.hashtag.al\/index.php\/wp-json\/wp\/v2\/posts"}],"about":[{"href":"https:\/\/www.hashtag.al\/index.php\/wp-json\/wp\/v2\/types\/post"}],"author":[{"embeddable":true,"href":"https:\/\/www.hashtag.al\/index.php\/wp-json\/wp\/v2\/users\/32"}],"replies":[{"embeddable":true,"href":"https:\/\/www.hashtag.al\/index.php\/wp-json\/wp\/v2\/comments?post=391908"}],"version-history":[{"count":0,"href":"https:\/\/www.hashtag.al\/index.php\/wp-json\/wp\/v2\/posts\/391908\/revisions"}],"wp:featuredmedia":[{"embeddable":true,"href":"https:\/\/www.hashtag.al\/index.php\/wp-json\/wp\/v2\/media\/364402"}],"wp:attachment":[{"href":"https:\/\/www.hashtag.al\/index.php\/wp-json\/wp\/v2\/media?parent=391908"}],"wp:term":[{"taxonomy":"category","embeddable":true,"href":"https:\/\/www.hashtag.al\/index.php\/wp-json\/wp\/v2\/categories?post=391908"},{"taxonomy":"post_tag","embeddable":true,"href":"https:\/\/www.hashtag.al\/index.php\/wp-json\/wp\/v2\/tags?post=391908"}],"curies":[{"name":"wp","href":"https:\/\/api.w.org\/{rel}","templated":true}]}}