{"id":391874,"date":"2020-08-04T17:33:07","date_gmt":"2020-08-04T15:33:07","guid":{"rendered":"https:\/\/hashtag.al\/?p=391874"},"modified":"2020-08-04T17:25:52","modified_gmt":"2020-08-04T15:25:52","slug":"humbin-jeten-4-paciente-lidhur-me-covid-19-130-raste-te-reja","status":"publish","type":"post","link":"https:\/\/www.hashtag.al\/index.php\/2020\/08\/04\/humbin-jeten-4-paciente-lidhur-me-covid-19-130-raste-te-reja\/","title":{"rendered":"Humbin jet\u00ebn 4 pacient\u00eb lidhur me Covid-19, 130 raste t\u00eb reja","gt_translate_keys":[{"key":"rendered","format":"text"}]},"content":{"rendered":"<p><img loading=\"lazy\" decoding=\"async\" class=\"aligncenter size-full wp-image-361335\" src=\"https:\/\/hashtag.al\/wp-content\/uploads\/2020\/03\/infektivi-koronavirusi.jpg\" alt=\"\" width=\"1280\" height=\"801\" srcset=\"https:\/\/www.hashtag.al\/wp-content\/uploads\/2020\/03\/infektivi-koronavirusi.jpg 1280w, https:\/\/www.hashtag.al\/wp-content\/uploads\/2020\/03\/infektivi-koronavirusi-300x188.jpg 300w, https:\/\/www.hashtag.al\/wp-content\/uploads\/2020\/03\/infektivi-koronavirusi-768x481.jpg 768w, https:\/\/www.hashtag.al\/wp-content\/uploads\/2020\/03\/infektivi-koronavirusi-1024x641.jpg 1024w\" sizes=\"auto, (max-width: 1280px) 100vw, 1280px\" \/><\/p>\n<p><span style=\"color: #000000;\">Kat\u00ebr persona kan\u00eb nd\u00ebrruar jet\u00eb n\u00eb 24 or\u00ebt e fundit n\u00eb vend lidhur me Covid-19. Sipas Ministris\u00eb s\u00eb Sh\u00ebndet\u00ebsis\u00eb, jan\u00eb zbuluar 130 raste t\u00eb reja. <\/span><\/p>\n<p><span style=\"color: #000000;\">N\u00eb deklarat\u00ebn p\u00ebr mediat, p\u00ebrfaq\u00ebsuesja e ISHP-s\u00eb, Tomini, u ka b\u00ebr\u00eb thirrje qytetar\u00ebve q\u00eb t\u00eb zbatojn\u00eb masta e vendosura. <\/span><\/p>\n<p><span style=\"color: #000000;\">Po k\u00ebshtu ajo b\u00ebri me dije se viktimat jan\u00eb dy qytetar\u00eb nga Tirana, t\u00eb dy 85 vje\u00e7 si dhe dy qytetare, nj\u00eb 79 vje\u00e7are nga Mirdita dhe nj\u00eb 81 vje\u00e7are nga Shkodra, me s\u00ebmundj\u00eb bashk\u00ebshoq\u00ebruese.<\/span><\/p>\n<p><span style=\"color: #000000;\">Nga 116 pacient\u00eb q\u00eb po trajtohen n\u00eb spitalet Covid n\u00eb Tiran\u00eb, 23 jan\u00eb n\u00eb terapi intensive e 7 prej tyre jan\u00eb t\u00eb intubuar<\/span><\/p>\n<p><span style=\"color: #000000;\"><strong>Deklarata<\/strong><\/span><\/p>\n<p><span style=\"color: #000000;\">Ministria e Sh\u00ebndet\u00ebsis\u00eb dhe Mbrojtjes Sociale ju informon p\u00ebr situat\u00ebn epidemiologjike t\u00eb Covid19 gjat\u00eb 24 or\u00ebve t\u00eb fundit n\u00eb vendin ton\u00eb.<\/span><\/p>\n<p><span style=\"color: #000000;\">Situata paraqitet serioze ku vijon t\u00eb ket\u00eb raste t\u00eb reja t\u00eb idenfikuara nga gjurmimi dhe hetimi epidemiologjik, si dhe qytetar\u00eb q\u00eb kan\u00eb nevoj\u00eb p\u00ebr trajtim mjek\u00ebsor n\u00eb dy spitalet Covid.<\/span><\/p>\n<p><span style=\"color: #000000;\">Ndaj u k\u00ebrkojm\u00eb qytetar\u00ebve t\u00eb respektojn\u00eb masat e vendosura, p\u00ebr t\u00eb mbajtur mask\u00ebn detyrimisht n\u00eb ambientet e mbyllura, p\u00ebr t\u00eb ruajtur distancimin fizik dhe higjien\u00ebn personale. N\u00eb k\u00ebt\u00eb normalitet t\u00eb ri, bashk\u00ebpunimi juaj \u00ebsht\u00eb shum\u00eb i r\u00ebnd\u00ebsish\u00ebm p\u00ebr t\u00eb parandaluar p\u00ebrhapjen e infeksionit, p\u00ebr t\u00eb mbrojtur veten dhe t\u00eb af\u00ebrmit tuaj.<\/span><\/p>\n<p><span style=\"color: #000000;\">Gjat\u00eb 24 or\u00ebve t\u00eb fundit jan\u00eb kryer 546 testime p\u00ebr t\u00eb dyshuar t\u00eb prekur nga Covid 19, ku 130 persona jan\u00eb konfirmuar t\u00eb prekur nga virusi Covid 19.<\/span><\/p>\n<p><span style=\"color: #000000;\">Shp\u00ebrndarja gjeografike e rasteve pozitive ditore \u00ebsht\u00eb si vijon: 72 raste n\u00eb Tiran\u00eb, 13 n\u00eb Shkod\u00ebr, 6 n\u00eb Fier, nga 5 raste n\u00eb Kuk\u00ebs, Lezh\u00eb, 4 n\u00eb Kor\u00e7\u00eb, nga 3 raste n\u00eb Mat, Roskovec, nga 2 raste n\u00eb Kruj\u00eb, Kavaj\u00eb, Lushnje, Berat, Sarand\u00eb, nga 1 rast n\u00eb Durr\u00ebs, Elbasan, Has, Vlor\u00eb, Gjirokast\u00ebr, Mal\u00ebsi e Madhe, Gramsh, Ku\u00e7ov\u00eb, Skrapar.<\/span><\/p>\n<p><span style=\"color: #000000;\">Gjat\u00eb 24 or\u00ebve t\u00eb fundit jan\u00eb sh\u00ebruar 23 qytetar\u00eb, duke e \u00e7uar numrin e t\u00eb sh\u00ebruarve n\u00eb 3054, q\u00eb nga fillimi i epidemis\u00eb.<\/span><\/p>\n<p><span style=\"color: #000000;\">Aktualisht ne spitalin Infektiv dhe \u201cShefqet Ndroqi\u201d po trajtohen 116 pacient\u00eb te konfirmuar pozitiv ku 23 paciente jan\u00eb n\u00eb terapi intensive, 7 prej t\u00eb cil\u00ebve pacient\u00eb t\u00eb intubuar.<\/span><\/p>\n<p><span style=\"color: #000000;\">Fatkeq\u00ebsisht nuk e kan\u00eb fituar dot betej\u00ebn me s\u00ebmundjen n\u00eb spitalin infektiv, me gjith\u00eb p\u00ebrpjekjet e stafit mjek\u00ebsor, dy qytetar\u00eb nga Tirana, t\u00eb dy 85 vje\u00e7. Nuk kan\u00eb mundur t\u00eb mbijetojn\u00eb n\u00eb spitalin Covid2 \u201cShefqet Ndroqi edhe 2 qytetare: Nj\u00eb 79 vje\u00e7are nga Mirdita dhe nj\u00eb 81 vje\u00e7are nga Shkodra, me s\u00ebmundj\u00eb bashk\u00ebshoq\u00ebruese.<\/span><\/p>\n<p><span style=\"color: #000000;\">Ministria e Sh\u00ebndet\u00ebsis\u00eb dhe Mbrojtjes Sociale i shpreh ngush\u00ebllimet familjar\u00ebve.<\/span><\/p>\n<p><span style=\"color: #000000;\">Ju lutemi, tregoni kujdes n\u00eb ambientet e pun\u00ebs, aty ku ofrohen sh\u00ebrbime dhe n\u00eb \u00e7do ambient publik, p\u00ebr t\u00eb respektuar masat e higjien\u00ebs, distanc\u00ebs fizike.<\/span><\/p>\n<p><span style=\"color: #000000;\">Respektimi i distanc\u00ebs, vendosja e mask\u00ebs, higjiena vetjake dhe kolektive jan\u00eb m\u00ebnyrat e vetme p\u00ebr t\u00eb frenuar p\u00ebrhapjen e COVID19.<\/span><\/p>\n<p><span style=\"color: #000000;\">N\u00eb rast se dyshoni se jeni t\u00eb prekur nga Covid19 dhe keni shenja t\u00eb s\u00ebmundjes, t\u00eb telefononi menj\u00ebher\u00eb Urgjenc\u00ebn Komb\u00ebtare n\u00eb numrin 127 ose n\u00eb linj\u00ebn e gjelb\u00ebr falas 0800 40 40 p\u00ebr t\u2019u lidhur me mjekun tuaj t\u00eb familjes.<\/span><\/p>\n<p><span style=\"color: #000000;\">COVID-19 \u2013 Statistika (4 Gusht 2020)<\/span><\/p>\n<p><span style=\"color: #000000;\">Testime totale 43203<\/span><\/p>\n<p><span style=\"color: #000000;\">Raste pozitive 5750<\/span><\/p>\n<p><span style=\"color: #000000;\">Raste t\u00eb sh\u00ebruara 3054<\/span><\/p>\n<p><span style=\"color: #000000;\">Raste Aktive 2520<\/span><\/p>\n<p><span style=\"color: #000000;\">Humbje jete 176 (Qarku Tiran\u00eb 89, Shkod\u00ebr 30, Durr\u00ebs 22, Fier 9, Elbasan 6, Lezh\u00eb 5, Kuk\u00ebs 4, Vlor\u00eb 4, Kor\u00e7\u00eb 4, Dib\u00ebr 2, Berat 1)<\/span><\/p>\n<p><span style=\"color: #000000;\">Shp\u00ebrndarja gjeografike e rasteve aktive sipas qarqeve:<\/span><\/p>\n<p><span style=\"color: #000000;\">Tiran\u00eb 1404<\/span><\/p>\n<p><span style=\"color: #000000;\">Durr\u00ebs 302<\/span><\/p>\n<p><span style=\"color: #000000;\">Shkod\u00ebr 231<\/span><\/p>\n<p><span style=\"color: #000000;\">Fier 103<\/span><\/p>\n<p><span style=\"color: #000000;\">Vlor\u00eb 94<\/span><\/p>\n<p><span style=\"color: #000000;\">Lezh\u00eb 87<\/span><\/p>\n<p><span style=\"color: #000000;\">Kor\u00e7\u00eb 82<\/span><\/p>\n<p><span style=\"color: #000000;\">Kuk\u00ebs 74<\/span><\/p>\n<p><span style=\"color: #000000;\">Elbasan 54<\/span><\/p>\n<p><span style=\"color: #000000;\">Berat 33<\/span><\/p>\n<p><span style=\"color: #000000;\">Dib\u00ebr 31<\/span><\/p>\n<p><span style=\"color: #000000;\">Gjirokast\u00ebr 25<\/span><\/p>\n","protected":false,"gt_translate_keys":[{"key":"rendered","format":"html"}]},"excerpt":{"rendered":"<p>Kat\u00ebr persona kan\u00eb nd\u00ebrruar jet\u00eb n\u00eb 24 or\u00ebt e fundit n\u00eb vend lidhur me Covid-19. Sipas Ministris\u00eb s\u00eb Sh\u00ebndet\u00ebsis\u00eb, jan\u00eb zbuluar 130 raste t\u00eb reja. N\u00eb deklarat\u00ebn p\u00ebr mediat, p\u00ebrfaq\u00ebsuesja e ISHP-s\u00eb, Tomini, u ka b\u00ebr\u00eb thirrje qytetar\u00ebve q\u00eb t\u00eb zbatojn\u00eb masta e vendosura. Po k\u00ebshtu ajo b\u00ebri me dije se viktimat jan\u00eb dy qytetar\u00eb [&hellip;]<\/p>\n","protected":false,"gt_translate_keys":[{"key":"rendered","format":"html"}]},"author":51,"featured_media":361335,"comment_status":"open","ping_status":"open","sticky":false,"template":"","format":"standard","meta":{"footnotes":""},"categories":[65,13],"tags":[],"class_list":["post-391874","post","type-post","status-publish","format-standard","has-post-thumbnail","hentry","category-lajme","category-te-fundit"],"gt_translate_keys":[{"key":"link","format":"url"}],"_links":{"self":[{"href":"https:\/\/www.hashtag.al\/index.php\/wp-json\/wp\/v2\/posts\/391874","targetHints":{"allow":["GET"]}}],"collection":[{"href":"https:\/\/www.hashtag.al\/index.php\/wp-json\/wp\/v2\/posts"}],"about":[{"href":"https:\/\/www.hashtag.al\/index.php\/wp-json\/wp\/v2\/types\/post"}],"author":[{"embeddable":true,"href":"https:\/\/www.hashtag.al\/index.php\/wp-json\/wp\/v2\/users\/51"}],"replies":[{"embeddable":true,"href":"https:\/\/www.hashtag.al\/index.php\/wp-json\/wp\/v2\/comments?post=391874"}],"version-history":[{"count":0,"href":"https:\/\/www.hashtag.al\/index.php\/wp-json\/wp\/v2\/posts\/391874\/revisions"}],"wp:featuredmedia":[{"embeddable":true,"href":"https:\/\/www.hashtag.al\/index.php\/wp-json\/wp\/v2\/media\/361335"}],"wp:attachment":[{"href":"https:\/\/www.hashtag.al\/index.php\/wp-json\/wp\/v2\/media?parent=391874"}],"wp:term":[{"taxonomy":"category","embeddable":true,"href":"https:\/\/www.hashtag.al\/index.php\/wp-json\/wp\/v2\/categories?post=391874"},{"taxonomy":"post_tag","embeddable":true,"href":"https:\/\/www.hashtag.al\/index.php\/wp-json\/wp\/v2\/tags?post=391874"}],"curies":[{"name":"wp","href":"https:\/\/api.w.org\/{rel}","templated":true}]}}