{"id":391802,"date":"2020-08-04T12:51:04","date_gmt":"2020-08-04T10:51:04","guid":{"rendered":"https:\/\/hashtag.al\/?p=391802"},"modified":"2020-08-04T13:01:08","modified_gmt":"2020-08-04T11:01:08","slug":"u-kthye-per-te-bere-perzgjedhjet-e-kandidateve-per-deputete-genc-ruli-hapja-do-na-jape-fitoren","status":"publish","type":"post","link":"https:\/\/www.hashtag.al\/index.php\/2020\/08\/04\/u-kthye-per-te-bere-perzgjedhjet-e-kandidateve-per-deputete-genc-ruli-hapja-do-na-jape-fitoren\/","title":{"rendered":"U kthye p\u00ebr t\u00eb b\u00ebr\u00eb p\u00ebrzgjedhjet e kandidat\u00ebve p\u00ebr deputet\u00eb, Genc Ruli: Hapja do na jap\u00eb fitoren","gt_translate_keys":[{"key":"rendered","format":"text"}]},"content":{"rendered":"<p><span style=\"color: #000000;\"><a style=\"color: #000000;\" href=\"https:\/\/hashtag.al\/wp-content\/uploads\/2020\/08\/Genc-Ruli.png\"><img loading=\"lazy\" decoding=\"async\" class=\"aligncenter size-full wp-image-391803\" src=\"https:\/\/hashtag.al\/wp-content\/uploads\/2020\/08\/Genc-Ruli.png\" alt=\"\" width=\"727\" height=\"356\" srcset=\"https:\/\/www.hashtag.al\/wp-content\/uploads\/2020\/08\/Genc-Ruli.png 727w, https:\/\/www.hashtag.al\/wp-content\/uploads\/2020\/08\/Genc-Ruli-300x147.png 300w\" sizes=\"auto, (max-width: 727px) 100vw, 727px\" \/><\/a><\/span><br \/>\n<span style=\"color: #000000;\">Pas u zgjodh si an\u00ebtar i Komisionit t\u00eb Vler\u00ebsimit n\u00eb PD, Genc Ruli ka dal\u00eb sot n\u00eb nj\u00eb deklarat\u00eb p\u00ebr mediat p\u00ebr t\u00eb folur lidhur me k\u00ebt\u00eb proces.<\/span><\/p>\n<p><span style=\"color: #000000;\">Ruli e konsideroi k\u00ebt\u00eb nj\u00eb proces t\u00eb r\u00ebnd\u00ebsish\u00ebm.<\/span><\/p>\n<p><span style=\"color: #000000;\">Ruli theksoi se tashm\u00eb n\u00eb PD kemi t\u00eb b\u00ebjm\u00eb me nj\u00eb gjenerat\u00eb t\u00eb re, nd\u00ebrsa shtoi se ky \u00ebsht\u00eb procesi i hapjes s\u00eb Partis\u00eb Demokratike. Ai kujtoi kritikat q\u00eb ka patur ndaj kryedemokratit Lulzim Basha dhe p\u00ebrzgjedhjen e tij si an\u00ebtar i k\u00ebtij komisioni, e konsideron si shenj\u00eb t\u00eb pjekuris\u00eb.<\/span><\/p>\n<p><em><span style=\"color: #000000;\">\u201cTakimi ishte i domosdosh\u00ebm sepse vet\u00eb an\u00ebtar\u00ebt e Komisionit shk\u00ebmbyen mendimet e tyre t\u00eb para mbi k\u00ebt\u00eb komision. \u00cbsht\u00eb nj\u00eb Komision q\u00eb vepron s\u00eb pari mbi elementin e besimit. Po t&#8217;i shoh\u00ebsh jan\u00eb gjenerata t\u00eb ndryshme t\u00eb historis\u00eb politike t\u00eb PD-s\u00eb, q\u00eb nga ata q\u00eb jan\u00eb themelues, ata q\u00eb kan\u00eb aktivizim t\u00eb m\u00ebvonsh\u00ebm deri n\u00eb nivelet m\u00eb t\u00eb larta t\u00eb partis\u00eb apo shtetit dhe prurje m\u00eb t\u00eb reja n\u00eb politik\u00eb.<\/span><\/em><\/p>\n<p><span style=\"color: #000000;\"><em>Ky proces \u00ebsht\u00eb nj\u00eb politik\u00eb e hapjes, un\u00eb jam njeri q\u00eb kam pasur q\u00ebndrime kritike ndaj lidershipit p\u00ebr shkak se i gjykoja ndryshe si duheshin zhvilluar proceset n\u00eb at\u00eb koh\u00eb. Kjo \u00ebsht\u00eb nj\u00eb shenj\u00eb e pjekuris\u00eb dhe mendje-hapjes s\u00eb partis\u00eb sot. Un\u00eb kam qen\u00eb disa her\u00eb kritik ndaj lidershipit t\u00eb PD, vler\u00ebsimi yn\u00eb kur ka qen\u00eb i ndrysh\u00ebm e kam th\u00ebn\u00eb dhe i kam q\u00ebndruar mendimit tim.<br \/>\nNdihem i vler\u00ebsuar q\u00eb mund t\u00eb jap kontribut sot, n\u00eb at\u00eb q\u00eb do t\u00eb jet\u00eb p\u00ebrplasje e madhe elektorale, por padyshim edhe fitorja e madhe\u201d<\/em>, tha Ruli.<\/span><\/p>\n<p><span style=\"color: #000000;\">K\u00ebt\u00eb deklarat\u00eb Ruli e b\u00ebn pas takimit q\u00eb zhvilloi me kreun e PD-s\u00eb Lulzim Bash\u00ebn.<\/span><br \/>\n<span style=\"color: #000000;\">N\u00eb takim kan\u00eb marr\u00eb pjes\u00eb edhe an\u00ebtar\u00ebt e tjer\u00eb t\u00eb zgjedhur t\u00eb Komisionit, ish-presidenti Bujar Nishani, Besnik Mustafaj, Enriketa Papa dhe Mark Marku. Takimi ka zgjatur p\u00ebr rreth 90 minuta, dhe ka pasur n\u00eb fokus pun\u00ebn e k\u00ebtij komisioni dhe kriteret e vler\u00ebsimit t\u00eb emrave t\u00eb propozuara p\u00ebr kandidat\u00eb, ku do t\u00eb p\u00ebrcaktojn\u00eb dhe list\u00ebn e kandidat\u00ebve p\u00ebr deputet\u00eb q\u00eb do t\u00eb garojn\u00eb n\u00eb zgjedhjet e ardhshme.<\/span><\/p>\n","protected":false,"gt_translate_keys":[{"key":"rendered","format":"html"}]},"excerpt":{"rendered":"<p>Pas u zgjodh si an\u00ebtar i Komisionit t\u00eb Vler\u00ebsimit n\u00eb PD, Genc Ruli ka dal\u00eb sot n\u00eb nj\u00eb deklarat\u00eb p\u00ebr mediat p\u00ebr t\u00eb folur lidhur me k\u00ebt\u00eb proces. Ruli e konsideroi k\u00ebt\u00eb nj\u00eb proces t\u00eb r\u00ebnd\u00ebsish\u00ebm. Ruli theksoi se tashm\u00eb n\u00eb PD kemi t\u00eb b\u00ebjm\u00eb me nj\u00eb gjenerat\u00eb t\u00eb re, nd\u00ebrsa shtoi se ky \u00ebsht\u00eb [&hellip;]<\/p>\n","protected":false,"gt_translate_keys":[{"key":"rendered","format":"html"}]},"author":30,"featured_media":391803,"comment_status":"open","ping_status":"open","sticky":false,"template":"","format":"standard","meta":{"footnotes":""},"categories":[65,13],"tags":[],"class_list":["post-391802","post","type-post","status-publish","format-standard","has-post-thumbnail","hentry","category-lajme","category-te-fundit"],"gt_translate_keys":[{"key":"link","format":"url"}],"_links":{"self":[{"href":"https:\/\/www.hashtag.al\/index.php\/wp-json\/wp\/v2\/posts\/391802","targetHints":{"allow":["GET"]}}],"collection":[{"href":"https:\/\/www.hashtag.al\/index.php\/wp-json\/wp\/v2\/posts"}],"about":[{"href":"https:\/\/www.hashtag.al\/index.php\/wp-json\/wp\/v2\/types\/post"}],"author":[{"embeddable":true,"href":"https:\/\/www.hashtag.al\/index.php\/wp-json\/wp\/v2\/users\/30"}],"replies":[{"embeddable":true,"href":"https:\/\/www.hashtag.al\/index.php\/wp-json\/wp\/v2\/comments?post=391802"}],"version-history":[{"count":0,"href":"https:\/\/www.hashtag.al\/index.php\/wp-json\/wp\/v2\/posts\/391802\/revisions"}],"wp:featuredmedia":[{"embeddable":true,"href":"https:\/\/www.hashtag.al\/index.php\/wp-json\/wp\/v2\/media\/391803"}],"wp:attachment":[{"href":"https:\/\/www.hashtag.al\/index.php\/wp-json\/wp\/v2\/media?parent=391802"}],"wp:term":[{"taxonomy":"category","embeddable":true,"href":"https:\/\/www.hashtag.al\/index.php\/wp-json\/wp\/v2\/categories?post=391802"},{"taxonomy":"post_tag","embeddable":true,"href":"https:\/\/www.hashtag.al\/index.php\/wp-json\/wp\/v2\/tags?post=391802"}],"curies":[{"name":"wp","href":"https:\/\/api.w.org\/{rel}","templated":true}]}}