{"id":391579,"date":"2020-08-03T14:06:36","date_gmt":"2020-08-03T12:06:36","guid":{"rendered":"https:\/\/hashtag.al\/?p=391579"},"modified":"2020-08-03T14:03:42","modified_gmt":"2020-08-03T12:03:42","slug":"flet-avokati-i-ndroqit-pasurite-e-tij-te-ligjshme-sulm-politik-per-gjyqin-ndaj-erion-veliajt-video","status":"publish","type":"post","link":"https:\/\/www.hashtag.al\/index.php\/2020\/08\/03\/flet-avokati-i-ndroqit-pasurite-e-tij-te-ligjshme-sulm-politik-per-gjyqin-ndaj-erion-veliajt-video\/","title":{"rendered":"Flet avokati i Ndroqit: Pasurit\u00eb e tij t\u00eb ligjshme, sulm politik p\u00ebr gjyqin ndaj Erion Veliajt (Video)","gt_translate_keys":[{"key":"rendered","format":"text"}]},"content":{"rendered":"<p><img loading=\"lazy\" decoding=\"async\" class=\"aligncenter size-full wp-image-391580\" src=\"https:\/\/hashtag.al\/wp-content\/uploads\/2020\/08\/albanqafa.png\" alt=\"\" width=\"684\" height=\"359\" srcset=\"https:\/\/www.hashtag.al\/wp-content\/uploads\/2020\/08\/albanqafa.png 684w, https:\/\/www.hashtag.al\/wp-content\/uploads\/2020\/08\/albanqafa-300x157.png 300w\" sizes=\"auto, (max-width: 684px) 100vw, 684px\" \/><\/p>\n<p><span style=\"color: #000000;\">Avokati i Ndroqit, Alban Qafa, tha p\u00ebr mediat se klienti i tij nuk \u00ebsht\u00eb ndaluar dhe as shoq\u00ebruar, por ka b\u00ebr\u00eb shoq\u00ebrimin e mjetit t\u00eb tij \u2018Mercedes-Benz, modeli S600\u2019, pasi \u00ebsht\u00eb ndaluar nga forcat operacionale p\u00ebr sekuestrimin e makin\u00ebs si pjes\u00eb e vendimit t\u00eb SPAK.<\/span><\/p>\n<p><span style=\"color: #000000;\">Avokati i tij tha se vendimi p\u00ebr sekuestrimin e pasurive t\u00eb tij do t\u00eb apelohet n\u00eb Apelin e GJKKO, pasi pasurit\u00eb e tij jan\u00eb t\u00eb ligjshme. <\/span><\/p>\n<p><span style=\"color: #000000;\">Avokati tha gjithashtu se ky \u00ebsht\u00eb nj\u00eb sulm politik q\u00eb po i b\u00ebhet atij, pas gjyqit q\u00eb ka t\u00eb hapur me kreun e Bashkis\u00eb Tiran\u00eb Erion Veliaj. <\/span><\/p>\n<p><span style=\"color: #000000;\"><em>&#8220;\u00cbsht\u00eb vendosur sekuestro e pasurive t\u00eb tij. Ka qen\u00eb duke udh\u00ebtar me makin\u00eb e tij Merces-Benz, modeli S600&#8243; dhe \u00ebsht\u00eb ndaluar nga forcat operacionale p\u00ebr t&#8217;i marr\u00eb makin\u00ebn si pjes\u00eb e sekuestros. Ylli Ndroqi nuk \u00ebsht\u00eb ndaluar dhe as shoq\u00ebruar, por ka shoq\u00ebruar makin\u00ebn e tij dhe t\u00eb k\u00ebrkoj\u00eb sqarime. Pasuria e tij \u00ebsht\u00eb nga burime t\u00eb ligjshme dhe se Ylli Ndroqi mendon se ky \u00ebsht\u00eb nj\u00eb sulm politik dhe p\u00ebr shkak t\u00eb gjyqit q\u00eb po zhvillohet nj\u00ebkoh\u00ebsisht ndaj tij dhe Kryebashkiakut Erion Veliaj&#8221;<\/em>, tha avokati Qafa.<\/span><\/p>\n<div style=\"width: 1170px;\" class=\"wp-video\"><video class=\"wp-video-shortcode\" id=\"video-391579-1\" width=\"1170\" height=\"658\" preload=\"metadata\" controls=\"controls\"><source type=\"video\/mp4\" src=\"https:\/\/hashtag.al\/wp-content\/uploads\/2020\/08\/Avokati-i-Ylli-Ndroqit-Ky-\u00ebsht\u00eb-nj\u00eb-sulm-politik-pas-gjyqit-q\u00eb-ka-hapur-me-Erion-Veliajn.mp4?_=1\" \/><a href=\"https:\/\/hashtag.al\/wp-content\/uploads\/2020\/08\/Avokati-i-Ylli-Ndroqit-Ky-\u00ebsht\u00eb-nj\u00eb-sulm-politik-pas-gjyqit-q\u00eb-ka-hapur-me-Erion-Veliajn.mp4\">https:\/\/hashtag.al\/wp-content\/uploads\/2020\/08\/Avokati-i-Ylli-Ndroqit-Ky-\u00ebsht\u00eb-nj\u00eb-sulm-politik-pas-gjyqit-q\u00eb-ka-hapur-me-Erion-Veliajn.mp4<\/a><\/video><\/div>\n","protected":false,"gt_translate_keys":[{"key":"rendered","format":"html"}]},"excerpt":{"rendered":"<p>Avokati i Ndroqit, Alban Qafa, tha p\u00ebr mediat se klienti i tij nuk \u00ebsht\u00eb ndaluar dhe as shoq\u00ebruar, por ka b\u00ebr\u00eb shoq\u00ebrimin e mjetit t\u00eb tij \u2018Mercedes-Benz, modeli S600\u2019, pasi \u00ebsht\u00eb ndaluar nga forcat operacionale p\u00ebr sekuestrimin e makin\u00ebs si pjes\u00eb e vendimit t\u00eb SPAK. Avokati i tij tha se vendimi p\u00ebr sekuestrimin e pasurive [&hellip;]<\/p>\n","protected":false,"gt_translate_keys":[{"key":"rendered","format":"html"}]},"author":51,"featured_media":391580,"comment_status":"open","ping_status":"open","sticky":false,"template":"","format":"standard","meta":{"footnotes":""},"categories":[65,13],"tags":[],"class_list":["post-391579","post","type-post","status-publish","format-standard","has-post-thumbnail","hentry","category-lajme","category-te-fundit"],"gt_translate_keys":[{"key":"link","format":"url"}],"_links":{"self":[{"href":"https:\/\/www.hashtag.al\/index.php\/wp-json\/wp\/v2\/posts\/391579","targetHints":{"allow":["GET"]}}],"collection":[{"href":"https:\/\/www.hashtag.al\/index.php\/wp-json\/wp\/v2\/posts"}],"about":[{"href":"https:\/\/www.hashtag.al\/index.php\/wp-json\/wp\/v2\/types\/post"}],"author":[{"embeddable":true,"href":"https:\/\/www.hashtag.al\/index.php\/wp-json\/wp\/v2\/users\/51"}],"replies":[{"embeddable":true,"href":"https:\/\/www.hashtag.al\/index.php\/wp-json\/wp\/v2\/comments?post=391579"}],"version-history":[{"count":0,"href":"https:\/\/www.hashtag.al\/index.php\/wp-json\/wp\/v2\/posts\/391579\/revisions"}],"wp:featuredmedia":[{"embeddable":true,"href":"https:\/\/www.hashtag.al\/index.php\/wp-json\/wp\/v2\/media\/391580"}],"wp:attachment":[{"href":"https:\/\/www.hashtag.al\/index.php\/wp-json\/wp\/v2\/media?parent=391579"}],"wp:term":[{"taxonomy":"category","embeddable":true,"href":"https:\/\/www.hashtag.al\/index.php\/wp-json\/wp\/v2\/categories?post=391579"},{"taxonomy":"post_tag","embeddable":true,"href":"https:\/\/www.hashtag.al\/index.php\/wp-json\/wp\/v2\/tags?post=391579"}],"curies":[{"name":"wp","href":"https:\/\/api.w.org\/{rel}","templated":true}]}}