{"id":391527,"date":"2020-08-03T11:31:28","date_gmt":"2020-08-03T09:31:28","guid":{"rendered":"https:\/\/hashtag.al\/?p=391527"},"modified":"2020-08-03T11:32:39","modified_gmt":"2020-08-03T09:32:39","slug":"studimi-ne-gjermani-renia-e-ekonomise-dhe-stresi-nga-pandemia-ka-prekur-me-shume-grate-dhe-te-rinjte","status":"publish","type":"post","link":"https:\/\/www.hashtag.al\/index.php\/2020\/08\/03\/studimi-ne-gjermani-renia-e-ekonomise-dhe-stresi-nga-pandemia-ka-prekur-me-shume-grate-dhe-te-rinjte\/","title":{"rendered":"Studimi n\u00eb Gjermani &#8211; R\u00ebnia e ekonomis\u00eb dhe stresi nga pandemia ka prekur m\u00eb shum\u00eb grat\u00eb dhe t\u00eb rinjt\u00eb","gt_translate_keys":[{"key":"rendered","format":"text"}]},"content":{"rendered":"<p><a href=\"https:\/\/hashtag.al\/wp-content\/uploads\/2020\/08\/gjermane.jpg\"><img loading=\"lazy\" decoding=\"async\" class=\"aligncenter size-full wp-image-391529\" src=\"https:\/\/hashtag.al\/wp-content\/uploads\/2020\/08\/gjermane.jpg\" alt=\"\" width=\"700\" height=\"394\" srcset=\"https:\/\/www.hashtag.al\/wp-content\/uploads\/2020\/08\/gjermane.jpg 700w, https:\/\/www.hashtag.al\/wp-content\/uploads\/2020\/08\/gjermane-300x169.jpg 300w\" sizes=\"auto, (max-width: 700px) 100vw, 700px\" \/><\/a><\/p>\n<p><span style=\"color: #000000;\">Pandemia e Covid-19 ka sjell\u00eb nj\u00eb ndikim mjaft t\u00eb madh n\u00eb xhepat e gjerman\u00ebve n\u00ebn mosh\u00ebn 30-vje\u00e7. Gjithashtu sipas nj\u00eb studimi, rezultoi se grat\u00eb ishin ato q\u00eb e kan\u00eb vuajtur m\u00eb shum\u00eb psikologjikisht situat\u00ebn e koronavirusit sesa burrat.<\/span><\/p>\n<p><span style=\"color: #000000;\">Studimi i publikuar t\u00eb diel\u00ebn nga Shoqata Gjermane e Prodhuesve t\u00eb Barnave, thot\u00eb se t\u00eb rinjt\u00eb u godit\u00ebn m\u00eb shum\u00eb nga ndikimi ekonomik i koronavirusit.<\/span><\/p>\n<p><span style=\"color: #000000;\">Ata t\u00eb mosh\u00ebs 18-29 vje\u00e7 ishin m\u00eb t\u00eb prekurit, ku 50% t\u00eb t\u00eb anketuarve t\u00eb k\u00ebsaj moshe thoshin se kishin p\u00ebsuar humbje t\u00eb t\u00eb ardhurave si rezultat i pandemis\u00eb.<\/span><\/p>\n<p><span style=\"color: #000000;\">Problemet me parat\u00eb ishin akoma t\u00eb theksuara p\u00ebr ata n\u00eb t\u00eb 30-tat e tyre, me 38% t\u00eb t\u00eb anketuarve q\u00eb kishin ndjer\u00eb vler\u00ebn financiare.<\/span><\/p>\n<p>Vet\u00ebm nj\u00eb pakic\u00eb e vog\u00ebl e t\u00eb anketuarve n\u00eb mosh\u00eb m\u00eb t\u00eb vjet\u00ebr than\u00eb se ata kishin vuajtur ekonomikisht, zbuloi studimi.\u00a0 <span style=\"color: #000000;\">Vet\u00ebm 15% e mbi 60-vje\u00e7ar\u00ebve than\u00eb se ishin ndikuar negativisht, nd\u00ebrsa pjesa tjet\u00ebr raportuan se nuk kishte asnj\u00eb ndryshim.<\/span><\/p>\n<p><span style=\"color: #000000;\">N\u00eb p\u00ebrgjith\u00ebsi, pothuajse nj\u00eb e treta e t\u00eb anketuarve t\u00eb t\u00eb gjitha moshave than\u00eb se kishin pasur nj\u00eb efekt t\u00eb duksh\u00ebm n\u00eb t\u00eb ardhurat e tyre ose t\u00eb partnerit t\u00eb tyre. Pothuajse gjith\u00eb pjesa tjet\u00ebr than\u00eb se nuk ka pasoja negative p\u00ebr ta.<\/span><\/p>\n<p><span style=\"color: #000000;\">Nd\u00ebrsa beqar\u00eb dhe ata q\u00eb jetojn\u00eb si \u00e7ift kishin m\u00eb pak gjasa t\u00eb v\u00ebrenin nj\u00eb r\u00ebnie t\u00eb t\u00eb ardhurave, sondazhi zbuloi se familjet me tre ose m\u00eb shum\u00eb njer\u00ebz e kishin ndjer\u00eb m\u00eb shum\u00eb efektin n\u00eb kuletat e tyre.<\/span><\/p>\n<p><span style=\"color: #000000;\"><strong>Problemet me sh\u00ebndetin mendor<\/strong><\/span><\/p>\n<p><span style=\"color: #000000;\">Sondazhi zbuloi gjithashtu se grat\u00eb kishin ndjer\u00eb nj\u00eb efekt m\u00eb t\u00eb madh negativ n\u00eb sh\u00ebndetin e tyre mendor si rezultat i pandemis\u00eb.<\/span><\/p>\n<p><span style=\"color: #000000;\">Gjasht\u00eb nga 10 gra n\u00eb t\u00eb gjitha grupmoshat than\u00eb se kishin ndjer\u00eb stres psikologjik n\u00eb krahasim me vet\u00ebm 38% t\u00eb burrave n\u00eb sondazh.<\/span><\/p>\n<p><span style=\"color: #000000;\">Grupi i k\u00ebrkimit t\u00eb tregut Nielsen, i cili kreu hulumtimin tha q\u00eb p\u00ebr sondazhin kishin marr\u00eb nj\u00eb kampion p\u00ebrfaq\u00ebsues prej 1.000 t\u00eb rriturish midis datave 9 dhe 16 qershor.<\/span><\/p>\n<p><strong><span style=\"color: #000000;\"><span style=\"color: #ff0000;\">VINI RE:<\/span> Ky artikull \u00ebsht\u00eb pron\u00eb intelektuale e <span style=\"color: #0000ff;\"><a style=\"color: #0000ff;\" href=\"https:\/\/www.dw.com\/en\/coronavirus-study-young-germans-hit-hardest-in-pocket\/a-54405705\">DW<\/a><\/span><\/span><\/strong><\/p>\n","protected":false,"gt_translate_keys":[{"key":"rendered","format":"html"}]},"excerpt":{"rendered":"<p>Pandemia e Covid-19 ka sjell\u00eb nj\u00eb ndikim mjaft t\u00eb madh n\u00eb xhepat e gjerman\u00ebve n\u00ebn mosh\u00ebn 30-vje\u00e7. Gjithashtu sipas nj\u00eb studimi, rezultoi se grat\u00eb ishin ato q\u00eb e kan\u00eb vuajtur m\u00eb shum\u00eb psikologjikisht situat\u00ebn e koronavirusit sesa burrat. Studimi i publikuar t\u00eb diel\u00ebn nga Shoqata Gjermane e Prodhuesve t\u00eb Barnave, thot\u00eb se t\u00eb rinjt\u00eb u [&hellip;]<\/p>\n","protected":false,"gt_translate_keys":[{"key":"rendered","format":"html"}]},"author":30,"featured_media":391529,"comment_status":"open","ping_status":"open","sticky":false,"template":"","format":"standard","meta":{"footnotes":""},"categories":[65,6],"tags":[],"class_list":["post-391527","post","type-post","status-publish","format-standard","has-post-thumbnail","hentry","category-lajme","category-nderkombetare"],"gt_translate_keys":[{"key":"link","format":"url"}],"_links":{"self":[{"href":"https:\/\/www.hashtag.al\/index.php\/wp-json\/wp\/v2\/posts\/391527","targetHints":{"allow":["GET"]}}],"collection":[{"href":"https:\/\/www.hashtag.al\/index.php\/wp-json\/wp\/v2\/posts"}],"about":[{"href":"https:\/\/www.hashtag.al\/index.php\/wp-json\/wp\/v2\/types\/post"}],"author":[{"embeddable":true,"href":"https:\/\/www.hashtag.al\/index.php\/wp-json\/wp\/v2\/users\/30"}],"replies":[{"embeddable":true,"href":"https:\/\/www.hashtag.al\/index.php\/wp-json\/wp\/v2\/comments?post=391527"}],"version-history":[{"count":0,"href":"https:\/\/www.hashtag.al\/index.php\/wp-json\/wp\/v2\/posts\/391527\/revisions"}],"wp:featuredmedia":[{"embeddable":true,"href":"https:\/\/www.hashtag.al\/index.php\/wp-json\/wp\/v2\/media\/391529"}],"wp:attachment":[{"href":"https:\/\/www.hashtag.al\/index.php\/wp-json\/wp\/v2\/media?parent=391527"}],"wp:term":[{"taxonomy":"category","embeddable":true,"href":"https:\/\/www.hashtag.al\/index.php\/wp-json\/wp\/v2\/categories?post=391527"},{"taxonomy":"post_tag","embeddable":true,"href":"https:\/\/www.hashtag.al\/index.php\/wp-json\/wp\/v2\/tags?post=391527"}],"curies":[{"name":"wp","href":"https:\/\/api.w.org\/{rel}","templated":true}]}}