{"id":391502,"date":"2020-08-03T10:26:08","date_gmt":"2020-08-03T08:26:08","guid":{"rendered":"https:\/\/hashtag.al\/?p=391502"},"modified":"2020-08-03T10:31:37","modified_gmt":"2020-08-03T08:31:37","slug":"nderron-jete-nje-tjeter-mjek-si-pasoje-e-covid-19-ne-vendin-tone","status":"publish","type":"post","link":"https:\/\/www.hashtag.al\/index.php\/2020\/08\/03\/nderron-jete-nje-tjeter-mjek-si-pasoje-e-covid-19-ne-vendin-tone\/","title":{"rendered":"Nd\u00ebrron jet\u00eb nj\u00eb tjet\u00ebr mjek si pasoj\u00eb e Covid-19 n\u00eb vendin ton\u00eb","gt_translate_keys":[{"key":"rendered","format":"text"}]},"content":{"rendered":"<p><a href=\"https:\/\/hashtag.al\/wp-content\/uploads\/2020\/08\/Byberi.jpg\"><img loading=\"lazy\" decoding=\"async\" class=\"aligncenter size-full wp-image-391503\" src=\"https:\/\/hashtag.al\/wp-content\/uploads\/2020\/08\/Byberi.jpg\" alt=\"\" width=\"770\" height=\"435\" srcset=\"https:\/\/www.hashtag.al\/wp-content\/uploads\/2020\/08\/Byberi.jpg 770w, https:\/\/www.hashtag.al\/wp-content\/uploads\/2020\/08\/Byberi-300x169.jpg 300w, https:\/\/www.hashtag.al\/wp-content\/uploads\/2020\/08\/Byberi-768x434.jpg 768w\" sizes=\"auto, (max-width: 770px) 100vw, 770px\" \/><\/a><\/p>\n<p><span style=\"color: #000000;\">Ka nd\u00ebrruar jet\u00eb nga koronabirusi nj\u00eb tjet\u00ebr mjek, pneumologu Anibal Byberi. <\/span><\/p>\n<p><span style=\"color: #000000;\">Ministria e Sh\u00ebndet\u00ebsis\u00eb dhe Mbrojtjes Sociale ka konfirmuar lajmin duke th\u00ebn\u00eb se mjeku ishte i shtruar n\u00eb spitalin \u201cShefqet Ndroqi\u201d, pasi ishte i infektuar nga Covid-19.<\/span><\/p>\n<p><em><span style=\"color: #000000;\">&#8220;Mjeku pneumolog 53-vje\u00e7ar, me origjin\u00eb nga Tropoja \u00ebsht\u00eb konfirmuar pozitiv me virusin e rreziksh\u00ebm pak dit\u00eb m\u00eb par\u00eb dhe vijonte trajtimin n\u00eb banes\u00eb.<\/span><\/em><\/p>\n<p><span style=\"color: #000000;\"><em>Pas r\u00ebndimit t\u00eb gjendjes sh\u00ebndet\u00ebsore, mjeku Byberi \u00ebsht\u00eb paraqitur n\u00eb Urgjenc\u00ebn e Spitalit Universitar \u201cShefqet Ndroqi\u201d, ku pavar\u00ebsisht ndihm\u00ebs s\u00eb menj\u00ebhershme t\u00eb ofruar nga stafi mjek\u00ebsor, fatkeq\u00ebsisht nuk ka mundur t\u00eb mbijetoj\u00eb si pasoj\u00eb e insuficenc\u00ebs s\u00eb r\u00ebnd\u00eb respiratore.&#8221;<\/em>&#8211; thuhet n\u00eb njoftimin e ministris\u00eb.<\/span><\/p>\n<p><span style=\"color: #000000;\">Ministria gjithashtu thot\u00eb se mjeku Byberi vuante nga psoriasis, nj\u00eb s\u00ebmundje l\u00ebkure dhe obeziteti. <\/span><\/p>\n<p><span style=\"color: #000000;\">Byberi ka punuar p\u00ebr shum\u00eb vite n\u00eb vendlindjen e tij n\u00eb Tropoj\u00eb e p\u00ebr disa koh\u00eb ka punuar dhe si mjek n\u00eb burgun 302. Edhe pse p\u00ebr momentin nuk ishte n\u00eb pun\u00eb, k\u00ebto dit\u00eb ai do t\u00eb konkuronte n\u00eb portalin \u201cMjek\u00eb p\u00ebr Shqip\u00ebrin\u00eb\u201d.<\/span><\/p>\n","protected":false,"gt_translate_keys":[{"key":"rendered","format":"html"}]},"excerpt":{"rendered":"<p>Ka nd\u00ebrruar jet\u00eb nga koronabirusi nj\u00eb tjet\u00ebr mjek, pneumologu Anibal Byberi. Ministria e Sh\u00ebndet\u00ebsis\u00eb dhe Mbrojtjes Sociale ka konfirmuar lajmin duke th\u00ebn\u00eb se mjeku ishte i shtruar n\u00eb spitalin \u201cShefqet Ndroqi\u201d, pasi ishte i infektuar nga Covid-19. &#8220;Mjeku pneumolog 53-vje\u00e7ar, me origjin\u00eb nga Tropoja \u00ebsht\u00eb konfirmuar pozitiv me virusin e rreziksh\u00ebm pak dit\u00eb m\u00eb par\u00eb [&hellip;]<\/p>\n","protected":false,"gt_translate_keys":[{"key":"rendered","format":"html"}]},"author":30,"featured_media":391503,"comment_status":"open","ping_status":"open","sticky":false,"template":"","format":"standard","meta":{"footnotes":""},"categories":[65,13],"tags":[],"class_list":["post-391502","post","type-post","status-publish","format-standard","has-post-thumbnail","hentry","category-lajme","category-te-fundit"],"gt_translate_keys":[{"key":"link","format":"url"}],"_links":{"self":[{"href":"https:\/\/www.hashtag.al\/index.php\/wp-json\/wp\/v2\/posts\/391502","targetHints":{"allow":["GET"]}}],"collection":[{"href":"https:\/\/www.hashtag.al\/index.php\/wp-json\/wp\/v2\/posts"}],"about":[{"href":"https:\/\/www.hashtag.al\/index.php\/wp-json\/wp\/v2\/types\/post"}],"author":[{"embeddable":true,"href":"https:\/\/www.hashtag.al\/index.php\/wp-json\/wp\/v2\/users\/30"}],"replies":[{"embeddable":true,"href":"https:\/\/www.hashtag.al\/index.php\/wp-json\/wp\/v2\/comments?post=391502"}],"version-history":[{"count":0,"href":"https:\/\/www.hashtag.al\/index.php\/wp-json\/wp\/v2\/posts\/391502\/revisions"}],"wp:featuredmedia":[{"embeddable":true,"href":"https:\/\/www.hashtag.al\/index.php\/wp-json\/wp\/v2\/media\/391503"}],"wp:attachment":[{"href":"https:\/\/www.hashtag.al\/index.php\/wp-json\/wp\/v2\/media?parent=391502"}],"wp:term":[{"taxonomy":"category","embeddable":true,"href":"https:\/\/www.hashtag.al\/index.php\/wp-json\/wp\/v2\/categories?post=391502"},{"taxonomy":"post_tag","embeddable":true,"href":"https:\/\/www.hashtag.al\/index.php\/wp-json\/wp\/v2\/tags?post=391502"}],"curies":[{"name":"wp","href":"https:\/\/api.w.org\/{rel}","templated":true}]}}