{"id":391366,"date":"2020-08-02T15:51:33","date_gmt":"2020-08-02T13:51:33","guid":{"rendered":"https:\/\/hashtag.al\/?p=391366"},"modified":"2020-08-02T15:54:36","modified_gmt":"2020-08-02T13:54:36","slug":"denoncoi-arrestimin-e-veteranit-te-uck-se-hysni-gucati-e-verteta-del-gjithmone","status":"publish","type":"post","link":"https:\/\/www.hashtag.al\/index.php\/2020\/08\/02\/denoncoi-arrestimin-e-veteranit-te-uck-se-hysni-gucati-e-verteta-del-gjithmone\/","title":{"rendered":"Denoncoi arrestimin e veteranit t\u00eb U\u00c7K-s\u00eb, Hysni Gucati: E v\u00ebrteta del gjithmon\u00eb","gt_translate_keys":[{"key":"rendered","format":"text"}]},"content":{"rendered":"<p><span style=\"color: #000000;\"><a style=\"color: #000000;\" href=\"https:\/\/hashtag.al\/wp-content\/uploads\/2020\/08\/Gucati-2.jpg\"><img loading=\"lazy\" decoding=\"async\" class=\"aligncenter size-full wp-image-391367\" src=\"https:\/\/hashtag.al\/wp-content\/uploads\/2020\/08\/Gucati-2.jpg\" alt=\"\" width=\"1530\" height=\"892\" srcset=\"https:\/\/www.hashtag.al\/wp-content\/uploads\/2020\/08\/Gucati-2.jpg 1530w, https:\/\/www.hashtag.al\/wp-content\/uploads\/2020\/08\/Gucati-2-300x175.jpg 300w, https:\/\/www.hashtag.al\/wp-content\/uploads\/2020\/08\/Gucati-2-768x448.jpg 768w, https:\/\/www.hashtag.al\/wp-content\/uploads\/2020\/08\/Gucati-2-1024x597.jpg 1024w\" sizes=\"auto, (max-width: 1530px) 100vw, 1530px\" \/><\/a><\/span><br \/>\n<span style=\"color: #000000;\">Kreu i Organizat\u00ebs s\u00eb Veteran\u00ebve t\u00eb Luft\u00ebs s\u00eb U\u00c7K-s\u00eb, Hysni Gucati, ka reaguar p\u00ebrs\u00ebri lidhur me ndalimin e ish-luft\u00ebtarit t\u00eb U\u00c7K-s\u00eb Murtez Kastratit, nga policia shqiptare p\u00ebr llogari t\u00eb Serbis\u00eb.<\/span><\/p>\n<p><span style=\"color: #000000;\">Ai falenderon ministrat e jasht\u00ebm t\u00eb Kosov\u00ebs dhe Shqip\u00ebris\u00eb, p\u00ebr bashk\u00ebpunimin e tyre p\u00ebr lirimin e veteranit t\u00eb U\u00c7K-s\u00eb.<\/span><\/p>\n<p><span style=\"color: #000000;\">Gucati thot\u00eb se e v\u00ebrteta del gjithmon\u00eb n\u00eb shesh.<\/span><\/p>\n<p><em><span style=\"color: #000000;\">&#8220;I falenderoj Ministrin\u00eb e Pun\u00ebve t\u00eb Jashtme dhe Diaspor\u00ebs t\u00eb Kosov\u00ebs t\u00eb udh\u00ebhequr nga Meliza Haradinaj-Stublla dhe Ministrin\u00eb e Pun\u00ebve t\u00eb Jashtme t\u00eb Shqip\u00ebris\u00eb n\u00eb krye me Gent Cakaj p\u00ebr bashk\u00ebpunimin dhe angazhimin e tyre q\u00eb b\u00ebn\u00eb n\u00eb lirimin e veteranit t\u00eb U\u00c7K-s\u00eb Murtez Kastratit.<\/span><\/em><br \/>\n<span style=\"color: #000000;\"><em>Ata t\u00eb cil\u00ebt me gabimet dhe g\u00ebnjeshtrat e tyre jan\u00eb duke u munduar t\u00eb demantojne por e v\u00ebrteta del n\u00eb shesh gjithmon\u00eb!&#8221;<\/em>&#8211; shkruan kreu i organizat\u00ebs s\u00eb veteran\u00ebve t\u00eb U\u00c7K-s\u00eb.<\/span><\/p>\n<p><span style=\"color: #000000;\">Gucati ishte i pari q\u00eb dha lajmin p\u00ebr arrestimin e ish-luft\u00ebtarit t\u00eb U\u00c7K-s\u00eb, duke th\u00ebn\u00eb se \u00ebsht\u00eb b\u00ebr\u00eb p\u00ebr shkak t\u00eb flet\u00ebarrestit nga Interpol Serbia.<\/span><\/p>\n<p><span style=\"color: #000000;\">Sipas tij, Serbia k\u00ebto dit\u00eb ka formuluar nj\u00eb list\u00eb t\u00eb re me emrat e ish-pjes\u00ebtar\u00ebve t\u00eb U\u00c7K-s\u00eb.<\/span><\/p>\n","protected":false,"gt_translate_keys":[{"key":"rendered","format":"html"}]},"excerpt":{"rendered":"<p>Kreu i Organizat\u00ebs s\u00eb Veteran\u00ebve t\u00eb Luft\u00ebs s\u00eb U\u00c7K-s\u00eb, Hysni Gucati, ka reaguar p\u00ebrs\u00ebri lidhur me ndalimin e ish-luft\u00ebtarit t\u00eb U\u00c7K-s\u00eb Murtez Kastratit, nga policia shqiptare p\u00ebr llogari t\u00eb Serbis\u00eb. Ai falenderon ministrat e jasht\u00ebm t\u00eb Kosov\u00ebs dhe Shqip\u00ebris\u00eb, p\u00ebr bashk\u00ebpunimin e tyre p\u00ebr lirimin e veteranit t\u00eb U\u00c7K-s\u00eb. Gucati thot\u00eb se e v\u00ebrteta del [&hellip;]<\/p>\n","protected":false,"gt_translate_keys":[{"key":"rendered","format":"html"}]},"author":30,"featured_media":391367,"comment_status":"open","ping_status":"open","sticky":false,"template":"","format":"standard","meta":{"footnotes":""},"categories":[149],"tags":[],"class_list":["post-391366","post","type-post","status-publish","format-standard","has-post-thumbnail","hentry","category-kosoverajon"],"gt_translate_keys":[{"key":"link","format":"url"}],"_links":{"self":[{"href":"https:\/\/www.hashtag.al\/index.php\/wp-json\/wp\/v2\/posts\/391366","targetHints":{"allow":["GET"]}}],"collection":[{"href":"https:\/\/www.hashtag.al\/index.php\/wp-json\/wp\/v2\/posts"}],"about":[{"href":"https:\/\/www.hashtag.al\/index.php\/wp-json\/wp\/v2\/types\/post"}],"author":[{"embeddable":true,"href":"https:\/\/www.hashtag.al\/index.php\/wp-json\/wp\/v2\/users\/30"}],"replies":[{"embeddable":true,"href":"https:\/\/www.hashtag.al\/index.php\/wp-json\/wp\/v2\/comments?post=391366"}],"version-history":[{"count":0,"href":"https:\/\/www.hashtag.al\/index.php\/wp-json\/wp\/v2\/posts\/391366\/revisions"}],"wp:featuredmedia":[{"embeddable":true,"href":"https:\/\/www.hashtag.al\/index.php\/wp-json\/wp\/v2\/media\/391367"}],"wp:attachment":[{"href":"https:\/\/www.hashtag.al\/index.php\/wp-json\/wp\/v2\/media?parent=391366"}],"wp:term":[{"taxonomy":"category","embeddable":true,"href":"https:\/\/www.hashtag.al\/index.php\/wp-json\/wp\/v2\/categories?post=391366"},{"taxonomy":"post_tag","embeddable":true,"href":"https:\/\/www.hashtag.al\/index.php\/wp-json\/wp\/v2\/tags?post=391366"}],"curies":[{"name":"wp","href":"https:\/\/api.w.org\/{rel}","templated":true}]}}