{"id":391194,"date":"2020-08-01T17:26:16","date_gmt":"2020-08-01T15:26:16","guid":{"rendered":"https:\/\/hashtag.al\/?p=391194"},"modified":"2020-08-01T17:26:16","modified_gmt":"2020-08-01T15:26:16","slug":"spitali-shefqet-ndroqi-pa-uje-prej-48-oresh-problem-per-pacientet-me-covid-19","status":"publish","type":"post","link":"https:\/\/www.hashtag.al\/index.php\/2020\/08\/01\/spitali-shefqet-ndroqi-pa-uje-prej-48-oresh-problem-per-pacientet-me-covid-19\/","title":{"rendered":"Spitali &#8220;Shefqet Ndroqi&#8221; pa uj\u00eb prej 48 or\u00ebsh, problem p\u00ebr pacient\u00ebt me Covid-19","gt_translate_keys":[{"key":"rendered","format":"text"}]},"content":{"rendered":"<p>&nbsp;<\/p>\n<p><img loading=\"lazy\" decoding=\"async\" class=\"aligncenter size-full wp-image-391197\" src=\"https:\/\/hashtag.al\/wp-content\/uploads\/2020\/08\/shefqetndroqi.jpg2_.jpg\" alt=\"\" width=\"3323\" height=\"1814\" srcset=\"https:\/\/www.hashtag.al\/wp-content\/uploads\/2020\/08\/shefqetndroqi.jpg2_.jpg 3323w, https:\/\/www.hashtag.al\/wp-content\/uploads\/2020\/08\/shefqetndroqi.jpg2_-300x164.jpg 300w, https:\/\/www.hashtag.al\/wp-content\/uploads\/2020\/08\/shefqetndroqi.jpg2_-768x419.jpg 768w, https:\/\/www.hashtag.al\/wp-content\/uploads\/2020\/08\/shefqetndroqi.jpg2_-1024x559.jpg 1024w\" sizes=\"auto, (max-width: 3323px) 100vw, 3323px\" \/><\/p>\n<p><span style=\"color: #000000;\">Spitali &#8220;Shefqet Ndroqi&#8221; n\u00eb Sauk, i kthyer prej koh\u00ebsh n\u00eb spital kund\u00ebr Covid-19, ka 48 or\u00eb pa uj\u00eb. <\/span><\/p>\n<p><span style=\"color: #000000;\">Syri citon burime t\u00eb pakonfirmuara sipas t\u00eb cilave, n\u00eb spitalin n\u00eb fjal\u00eb mungon uji n\u00eb rubineta, \u00e7\u2019ka e b\u00ebn edhe m\u00eb t\u00eb v\u00ebshtir\u00eb situat\u00ebn p\u00ebr t\u00eb s\u00ebmur\u00ebt me Covid-19 q\u00eb jan\u00eb shtruar e po trajtohen aty k\u00ebto dit\u00eb t\u00eb nxehta vere. <\/span><\/p>\n<p><span style=\"color: #000000;\">Dit\u00ebn e sotme u sh\u00ebnuan 4 viktima t\u00eb reja lidhur me Covid-19 n\u00eb vend si dhe 120 raste t\u00eb reja.<\/span><\/p>\n","protected":false,"gt_translate_keys":[{"key":"rendered","format":"html"}]},"excerpt":{"rendered":"<p>&nbsp; Spitali &#8220;Shefqet Ndroqi&#8221; n\u00eb Sauk, i kthyer prej koh\u00ebsh n\u00eb spital kund\u00ebr Covid-19, ka 48 or\u00eb pa uj\u00eb. Syri citon burime t\u00eb pakonfirmuara sipas t\u00eb cilave, n\u00eb spitalin n\u00eb fjal\u00eb mungon uji n\u00eb rubineta, \u00e7\u2019ka e b\u00ebn edhe m\u00eb t\u00eb v\u00ebshtir\u00eb situat\u00ebn p\u00ebr t\u00eb s\u00ebmur\u00ebt me Covid-19 q\u00eb jan\u00eb shtruar e po trajtohen aty [&hellip;]<\/p>\n","protected":false,"gt_translate_keys":[{"key":"rendered","format":"html"}]},"author":51,"featured_media":391197,"comment_status":"open","ping_status":"open","sticky":false,"template":"","format":"standard","meta":{"footnotes":""},"categories":[65,13],"tags":[],"class_list":["post-391194","post","type-post","status-publish","format-standard","has-post-thumbnail","hentry","category-lajme","category-te-fundit"],"gt_translate_keys":[{"key":"link","format":"url"}],"_links":{"self":[{"href":"https:\/\/www.hashtag.al\/index.php\/wp-json\/wp\/v2\/posts\/391194","targetHints":{"allow":["GET"]}}],"collection":[{"href":"https:\/\/www.hashtag.al\/index.php\/wp-json\/wp\/v2\/posts"}],"about":[{"href":"https:\/\/www.hashtag.al\/index.php\/wp-json\/wp\/v2\/types\/post"}],"author":[{"embeddable":true,"href":"https:\/\/www.hashtag.al\/index.php\/wp-json\/wp\/v2\/users\/51"}],"replies":[{"embeddable":true,"href":"https:\/\/www.hashtag.al\/index.php\/wp-json\/wp\/v2\/comments?post=391194"}],"version-history":[{"count":0,"href":"https:\/\/www.hashtag.al\/index.php\/wp-json\/wp\/v2\/posts\/391194\/revisions"}],"wp:featuredmedia":[{"embeddable":true,"href":"https:\/\/www.hashtag.al\/index.php\/wp-json\/wp\/v2\/media\/391197"}],"wp:attachment":[{"href":"https:\/\/www.hashtag.al\/index.php\/wp-json\/wp\/v2\/media?parent=391194"}],"wp:term":[{"taxonomy":"category","embeddable":true,"href":"https:\/\/www.hashtag.al\/index.php\/wp-json\/wp\/v2\/categories?post=391194"},{"taxonomy":"post_tag","embeddable":true,"href":"https:\/\/www.hashtag.al\/index.php\/wp-json\/wp\/v2\/tags?post=391194"}],"curies":[{"name":"wp","href":"https:\/\/api.w.org\/{rel}","templated":true}]}}