{"id":391126,"date":"2020-08-01T11:52:57","date_gmt":"2020-08-01T09:52:57","guid":{"rendered":"https:\/\/hashtag.al\/?p=391126"},"modified":"2020-08-01T11:55:38","modified_gmt":"2020-08-01T09:55:38","slug":"isa-mustafa-mund-koronavirusin-me-uruan-vdekjen-dhe-sajuan-varrimin-tim","status":"publish","type":"post","link":"https:\/\/www.hashtag.al\/index.php\/2020\/08\/01\/isa-mustafa-mund-koronavirusin-me-uruan-vdekjen-dhe-sajuan-varrimin-tim\/","title":{"rendered":"Isa Mustafa mund koronavirusin: M\u00eb uruan vdekjen dhe sajuan varrimin tim","gt_translate_keys":[{"key":"rendered","format":"text"}]},"content":{"rendered":"<p><a href=\"https:\/\/hashtag.al\/wp-content\/uploads\/2020\/08\/Mustafa.jpg\"><img loading=\"lazy\" decoding=\"async\" class=\"aligncenter size-full wp-image-391127\" src=\"https:\/\/hashtag.al\/wp-content\/uploads\/2020\/08\/Mustafa.jpg\" alt=\"\" width=\"860\" height=\"471\" srcset=\"https:\/\/www.hashtag.al\/wp-content\/uploads\/2020\/08\/Mustafa.jpg 860w, https:\/\/www.hashtag.al\/wp-content\/uploads\/2020\/08\/Mustafa-300x164.jpg 300w, https:\/\/www.hashtag.al\/wp-content\/uploads\/2020\/08\/Mustafa-768x421.jpg 768w\" sizes=\"auto, (max-width: 860px) 100vw, 860px\" \/><\/a><\/p>\n<p><span style=\"color: #000000;\">Kreu i LDK-s\u00eb, Isa Mustafa e ka fituar betej\u00ebn me koronavirusin. Ai e ka dh\u00ebn\u00eb lajmin p\u00ebrmes nj\u00eb mesazhi n\u00eb rrjetet sociale, ku i adresohet edhe lajmeve p\u00ebr vdekjen e tij.<\/span><\/p>\n<p><span style=\"color: #000000;\">Ai thot\u00eb se ato lajme i tmerruan familjar\u00ebt, t\u00eb cil\u00ebt nuk ishin n\u00eb dijeni t\u00eb asaj se \u00e7far\u00eb po ndodhte me t\u00eb p\u00ebr shkak t\u00eb s\u00ebmundjes.<\/span><\/p>\n<p><em><span style=\"color: #000000;\">&#8220;Miq t\u00eb nderuar, kishte edhe t\u00eb till\u00eb q\u00eb i duartrokit\u00ebn s\u00ebmundjes time e q\u00eb uruan vdekjen time. Pati t\u00eb sojit q\u00eb sajuan varrimin tim virtual n\u00eb rrjetet sociale e ma tmerruan nj\u00eb pjes\u00eb t\u00eb familjes e cila nuk ishte n\u00eb rrjedh\u00eb se \u00e7far\u00eb ka ndodhur dhe \u00e7far\u00eb po ndodh\u00eb.&#8221;- <\/span><\/em><span style=\"color: #000000;\">shkruan <\/span><span style=\"color: #000000;\">Mustafa<\/span><em><span style=\"color: #000000;\">.<\/span><\/em><\/p>\n<p><span style=\"color: #000000;\">Ai i uron sh\u00ebrim t\u00eb shpejt\u00eb t\u00eb s\u00ebmur\u00ebve t\u00eb tjer\u00eb, nd\u00ebrsa shpreh ngush\u00ebllimet p\u00ebr ata q\u00eb kan\u00eb humbur familjar\u00ebt p\u00ebr shkak t\u00eb Covid-19.<\/span><\/p>\n<p><strong><span style=\"color: #000000;\">Mesazhi i plot\u00eb i Mustaf\u00ebs:<\/span><\/strong><\/p>\n<p><span style=\"color: #000000;\">Miq t\u00eb nderuar<\/span><br \/>\n<span style=\"color: #000000;\">Dua te ndaj me ju lajmin se kam rezultuar negativ, pas perballjes me Covid-19. Kam nderin t\u00eb fal\u00ebnderoj gjith\u00eb ata q\u00eb jan\u00eb lutur p\u00ebr sh\u00ebndetin tim. Familjen time t\u00eb mrekullueshme p\u00ebr kujdesin e parreshtur, bashk\u00ebshoren Qevseren, vajz\u00ebn time, doktoresh\u00ebn Af\u00ebrdit\u00eb, djemt\u00eb Arbenin e Besnikun dhe nipin tim Metin; motrat dhe v\u00ebllez\u00ebrit.<\/span><br \/>\n<span style=\"color: #000000;\">Nj\u00eb fal\u00ebnderim t\u00eb ve\u00e7ant\u00eb e meritojn\u00eb mjek\u00ebt tan\u00eb t\u00eb fushave t\u00eb ndryshme q\u00eb m\u00eb udh\u00ebzuan dhe rekomanduan kur kisha nevoj\u00eb, prof . Dr Sali Ahmeti, prof. Dr Afrim Gashi, dr. Rexhep Manaj, dr. Valbon Krasniqi, prof. dr. Venera Berisha-Muharemi, dr. Bujar Gjikolli. Mjek\u00ebt dhe sistemi sh\u00ebndet\u00ebsor meritojn\u00eb shum\u00eb m\u00eb shum\u00eb sesa q\u00eb ne u ofrojm\u00eb.<\/span><br \/>\n<span style=\"color: #000000;\">Fal\u00ebnderoj p\u00ebr mb\u00ebshtetje nga bashk\u00ebpun\u00ebtor\u00ebt e LDK-s\u00eb, koleg\u00ebt nga ASHAK dhe Universiteti i Prishtin\u00ebs!<\/span><br \/>\n<span style=\"color: #000000;\">Fal\u00ebnderoj Presidentin Tha\u00e7i, Presidenten Jahjaga, Kryeministrin Hoti, Kryeparlamentaren Osmani, Kryetarin e PDK-s\u00eb, Veseli, Kryetarin e AAK-s\u00ea, Haradinaj, Kryetarin e Nism\u00ebs, Limaj, kryetarin e AKR-s\u00eb, Pacolli, kryetarin e Prishtin\u00ebs, Ahmeti, n\u00ebnkryetaren e Kuvendit nga VV, Nagavci; burr\u00ebshtetasit shqiptar\u00eb: Presidentin Ilir Meta, Presidentin, Sali Berisha, Kryeministrin Edi Rama, Kryetarin e PD, Lulzim Basha, Kryetarin e Kuvendit t\u00eb Shqip\u00ebris\u00eb, Gramos Ru\u00e7i, Sekretarin e PS, Taulant Balla, kryetarin e BDI-s\u00eb, Ali Ahmeti; si dhe ambasadorin e SHBA-s\u00eb Kosnett, ambasadorin e Mbret\u00ebris\u00eb s\u00eb Bashkuar, Abott, ambasadorin e Italis\u00eb, Orlando, ambasadori zviceran, Lebet, deutet\u00eb t\u00eb pozit\u00ebs dhe opozit\u00ebs dhe shum\u00eb qytetar\u00eb p\u00ebr tregimin e kujdesit dhe urimet e tyre p\u00ebr sh\u00ebndetin tim.<\/span><br \/>\n<span style=\"color: #000000;\">Miq t\u00eb nderuar, kishte edhe t\u00eb till\u00eb q\u00eb i duartrokit\u00ebn s\u00ebmundjes time e q\u00eb uruan vdekjen time. Pati t\u00eb sojit q\u00eb sajuan varrimin tim virtual n\u00eb rrjetet sociale e ma tmerruan nj\u00eb pjes\u00eb t\u00eb familjes e cila nuk ishte n\u00eb rrjedh\u00eb se \u00e7far\u00eb ka ndodhur dhe \u00e7far\u00eb po ndodh\u00eb.<\/span><br \/>\n<span style=\"color: #000000;\">Edhe k\u00ebtyre iu uroj sh\u00ebndet; f\u00ebmij\u00ebve dhe familjeve t\u00eb tyre! Fati yn\u00eb \u00ebshte q\u00eb tjet\u00ebrkush vendos\u00eb p\u00ebr jet\u00ebn ton\u00eb, nd\u00ebrsa me disa merret drejtesia.<\/span><br \/>\n<span style=\"color: #000000;\">Covid-19 po b\u00ebn\u00eb t\u00eb veten, por ne duhet ta b\u00ebjm\u00eb ton\u00ebn, t\u00eb respektojm\u00eb rregullat q\u00eb k\u00ebrkohen nga institucionet sh\u00ebndet\u00ebsore.<\/span><br \/>\n<span style=\"color: #000000;\">Uroj q\u00eb ata q\u00eb jan\u00eb prekur me Covid-19 t\u00eb sh\u00ebrohen sa m\u00eb shpejt\u00eb, kurse me dhembje t\u00eb thell\u00eb u shpreh ngush\u00ebllime t\u00eb gjitha familjar\u00ebve q\u00eb humb\u00ebn t\u00eb af\u00ebrmit e tyre. IM<\/span><\/p>\n","protected":false,"gt_translate_keys":[{"key":"rendered","format":"html"}]},"excerpt":{"rendered":"<p>Kreu i LDK-s\u00eb, Isa Mustafa e ka fituar betej\u00ebn me koronavirusin. Ai e ka dh\u00ebn\u00eb lajmin p\u00ebrmes nj\u00eb mesazhi n\u00eb rrjetet sociale, ku i adresohet edhe lajmeve p\u00ebr vdekjen e tij. Ai thot\u00eb se ato lajme i tmerruan familjar\u00ebt, t\u00eb cil\u00ebt nuk ishin n\u00eb dijeni t\u00eb asaj se \u00e7far\u00eb po ndodhte me t\u00eb p\u00ebr shkak [&hellip;]<\/p>\n","protected":false,"gt_translate_keys":[{"key":"rendered","format":"html"}]},"author":30,"featured_media":391127,"comment_status":"open","ping_status":"open","sticky":false,"template":"","format":"standard","meta":{"footnotes":""},"categories":[149,13],"tags":[],"class_list":["post-391126","post","type-post","status-publish","format-standard","has-post-thumbnail","hentry","category-kosoverajon","category-te-fundit"],"gt_translate_keys":[{"key":"link","format":"url"}],"_links":{"self":[{"href":"https:\/\/www.hashtag.al\/index.php\/wp-json\/wp\/v2\/posts\/391126","targetHints":{"allow":["GET"]}}],"collection":[{"href":"https:\/\/www.hashtag.al\/index.php\/wp-json\/wp\/v2\/posts"}],"about":[{"href":"https:\/\/www.hashtag.al\/index.php\/wp-json\/wp\/v2\/types\/post"}],"author":[{"embeddable":true,"href":"https:\/\/www.hashtag.al\/index.php\/wp-json\/wp\/v2\/users\/30"}],"replies":[{"embeddable":true,"href":"https:\/\/www.hashtag.al\/index.php\/wp-json\/wp\/v2\/comments?post=391126"}],"version-history":[{"count":0,"href":"https:\/\/www.hashtag.al\/index.php\/wp-json\/wp\/v2\/posts\/391126\/revisions"}],"wp:featuredmedia":[{"embeddable":true,"href":"https:\/\/www.hashtag.al\/index.php\/wp-json\/wp\/v2\/media\/391127"}],"wp:attachment":[{"href":"https:\/\/www.hashtag.al\/index.php\/wp-json\/wp\/v2\/media?parent=391126"}],"wp:term":[{"taxonomy":"category","embeddable":true,"href":"https:\/\/www.hashtag.al\/index.php\/wp-json\/wp\/v2\/categories?post=391126"},{"taxonomy":"post_tag","embeddable":true,"href":"https:\/\/www.hashtag.al\/index.php\/wp-json\/wp\/v2\/tags?post=391126"}],"curies":[{"name":"wp","href":"https:\/\/api.w.org\/{rel}","templated":true}]}}