{"id":390655,"date":"2020-07-30T12:10:20","date_gmt":"2020-07-30T10:10:20","guid":{"rendered":"https:\/\/hashtag.al\/?p=390655"},"modified":"2020-07-30T12:11:43","modified_gmt":"2020-07-30T10:11:43","slug":"alimadhi-debaton-me-ballen-sinqerisht-kam-respekt-per-ju-por-tani-ndihem-i-fyer","status":"publish","type":"post","link":"https:\/\/www.hashtag.al\/index.php\/2020\/07\/30\/alimadhi-debaton-me-ballen-sinqerisht-kam-respekt-per-ju-por-tani-ndihem-i-fyer\/","title":{"rendered":"Alimadhi debaton me Ball\u00ebn: Sinqerisht kam respekt p\u00ebr ju, por tani ndihem i fyer","gt_translate_keys":[{"key":"rendered","format":"text"}]},"content":{"rendered":"<p><a href=\"https:\/\/hashtag.al\/wp-content\/uploads\/2020\/07\/Alimadhi.png\"><img loading=\"lazy\" decoding=\"async\" class=\"aligncenter size-full wp-image-389410\" src=\"https:\/\/hashtag.al\/wp-content\/uploads\/2020\/07\/Alimadhi.png\" alt=\"\" width=\"680\" height=\"394\" srcset=\"https:\/\/www.hashtag.al\/wp-content\/uploads\/2020\/07\/Alimadhi.png 680w, https:\/\/www.hashtag.al\/wp-content\/uploads\/2020\/07\/Alimadhi-300x174.png 300w\" sizes=\"auto, (max-width: 680px) 100vw, 680px\" \/><\/a><\/p>\n<p><span style=\"color: #000000;\">Deputeti Adriatik Alimadhi, \u00ebsht\u00eb shprehur se ndihet i fyer nga Taulant Balla, p\u00ebr shkak se ai e quajti t\u00eb \u00e7uditsh\u00ebm gjat\u00eb debatit t\u00eb sot\u00ebm n\u00eb Parlament.<\/span><\/p>\n<p><span style=\"color: #000000;\"><em>\u201cSinqerisht kam respekt p\u00ebr ju zoti Balla, sepse edhe kemi komunikuar s\u00ebbashku koh\u00ebt e fundit. Por m\u00ebnyra si ju shpreheni je tip i \u00e7uditsh\u00ebm, si n\u00eb komuniz\u00ebm, nuk do doja q\u00eb nga goja juaj t\u00eb dal\u00eb ky mendim p\u00ebr shkak t\u00eb konsiderat\u00ebs q\u00eb kam p\u00ebr ju. E ndjej veten t\u00eb fyer. Jemi p\u00ebrbaltur shum\u00eb n\u00eb t\u00eb opozit\u00ebs. Na kan\u00eb hedhur balt\u00eb shum\u00eb. Kur un\u00eb t\u00eb kam dh\u00ebn\u00eb firm\u00ebn n\u00eb 25 maj t\u00eb 2019, p\u00ebr 1 sistem t\u00eb past\u00ebr komb\u00ebtar. N\u00eb momentin q\u00eb ju keni vendosur me rajone, un\u00eb jam kund\u00ebr k\u00ebsaj ideje. N\u00eb momentin q\u00eb un\u00eb shpreh d\u00ebshir\u00ebn time. Nuk kam frik\u00eb nga askush prej jush.\u201d<\/em>&#8211; deklaroi Alimadhi.<\/span><\/p>\n<p><span style=\"color: #000000;\">Kreu i grupit parlamentar t\u00eb Partis\u00eb Socialiste, Taulant Balla po fliste n\u00eb Kuvend p\u00ebr gjendjen e deputetit Enver Roshi, i cili \u00ebsht\u00eb konfirmuar me \u00a0COVID-19. Por k\u00ebtu nd\u00ebrhyri Alimadhi dhe pati nj\u00eb debat mes tyre. Balla i tha se ai duhet t\u00eb heshtte, duke qen\u00eb se edhe vet\u00eb e kishte kaluar Covidin.<\/span><\/p>\n<p>&nbsp;<\/p>\n","protected":false,"gt_translate_keys":[{"key":"rendered","format":"html"}]},"excerpt":{"rendered":"<p>Deputeti Adriatik Alimadhi, \u00ebsht\u00eb shprehur se ndihet i fyer nga Taulant Balla, p\u00ebr shkak se ai e quajti t\u00eb \u00e7uditsh\u00ebm gjat\u00eb debatit t\u00eb sot\u00ebm n\u00eb Parlament. \u201cSinqerisht kam respekt p\u00ebr ju zoti Balla, sepse edhe kemi komunikuar s\u00ebbashku koh\u00ebt e fundit. Por m\u00ebnyra si ju shpreheni je tip i \u00e7uditsh\u00ebm, si n\u00eb komuniz\u00ebm, nuk do [&hellip;]<\/p>\n","protected":false,"gt_translate_keys":[{"key":"rendered","format":"html"}]},"author":30,"featured_media":389410,"comment_status":"open","ping_status":"open","sticky":false,"template":"","format":"standard","meta":{"footnotes":""},"categories":[65,13],"tags":[],"class_list":["post-390655","post","type-post","status-publish","format-standard","has-post-thumbnail","hentry","category-lajme","category-te-fundit"],"gt_translate_keys":[{"key":"link","format":"url"}],"_links":{"self":[{"href":"https:\/\/www.hashtag.al\/index.php\/wp-json\/wp\/v2\/posts\/390655","targetHints":{"allow":["GET"]}}],"collection":[{"href":"https:\/\/www.hashtag.al\/index.php\/wp-json\/wp\/v2\/posts"}],"about":[{"href":"https:\/\/www.hashtag.al\/index.php\/wp-json\/wp\/v2\/types\/post"}],"author":[{"embeddable":true,"href":"https:\/\/www.hashtag.al\/index.php\/wp-json\/wp\/v2\/users\/30"}],"replies":[{"embeddable":true,"href":"https:\/\/www.hashtag.al\/index.php\/wp-json\/wp\/v2\/comments?post=390655"}],"version-history":[{"count":0,"href":"https:\/\/www.hashtag.al\/index.php\/wp-json\/wp\/v2\/posts\/390655\/revisions"}],"wp:featuredmedia":[{"embeddable":true,"href":"https:\/\/www.hashtag.al\/index.php\/wp-json\/wp\/v2\/media\/389410"}],"wp:attachment":[{"href":"https:\/\/www.hashtag.al\/index.php\/wp-json\/wp\/v2\/media?parent=390655"}],"wp:term":[{"taxonomy":"category","embeddable":true,"href":"https:\/\/www.hashtag.al\/index.php\/wp-json\/wp\/v2\/categories?post=390655"},{"taxonomy":"post_tag","embeddable":true,"href":"https:\/\/www.hashtag.al\/index.php\/wp-json\/wp\/v2\/tags?post=390655"}],"curies":[{"name":"wp","href":"https:\/\/api.w.org\/{rel}","templated":true}]}}