{"id":390546,"date":"2020-07-29T16:59:43","date_gmt":"2020-07-29T14:59:43","guid":{"rendered":"https:\/\/hashtag.al\/?p=390546"},"modified":"2020-07-29T17:01:09","modified_gmt":"2020-07-29T15:01:09","slug":"cakaj-i-dergon-leter-shefit-te-apple-i-kerkon-paraqitjen-e-sakte-te-kufijve-te-kosoves-ne-apple-maps","status":"publish","type":"post","link":"https:\/\/www.hashtag.al\/index.php\/2020\/07\/29\/cakaj-i-dergon-leter-shefit-te-apple-i-kerkon-paraqitjen-e-sakte-te-kufijve-te-kosoves-ne-apple-maps\/","title":{"rendered":"Cakaj i d\u00ebrgon let\u00ebr shefit t\u00eb Apple, i k\u00ebrkon paraqitjen e sakt\u00eb t\u00eb kufijve t\u00eb Kosov\u00ebs n\u00eb &#8220;Apple Maps&#8221;","gt_translate_keys":[{"key":"rendered","format":"text"}]},"content":{"rendered":"<p><img loading=\"lazy\" decoding=\"async\" class=\"aligncenter size-full wp-image-390547\" src=\"https:\/\/hashtag.al\/wp-content\/uploads\/2020\/07\/cakaj-1-e1596034769182.jpg\" alt=\"\" width=\"1280\" height=\"854\" srcset=\"https:\/\/www.hashtag.al\/wp-content\/uploads\/2020\/07\/cakaj-1-e1596034769182.jpg 1280w, https:\/\/www.hashtag.al\/wp-content\/uploads\/2020\/07\/cakaj-1-e1596034769182-300x200.jpg 300w, https:\/\/www.hashtag.al\/wp-content\/uploads\/2020\/07\/cakaj-1-e1596034769182-768x512.jpg 768w, https:\/\/www.hashtag.al\/wp-content\/uploads\/2020\/07\/cakaj-1-e1596034769182-1024x683.jpg 1024w\" sizes=\"auto, (max-width: 1280px) 100vw, 1280px\" \/><\/p>\n<p><span style=\"color: #000000;\">Ministri i Jasht\u00ebm n\u00eb detyr\u00eb, Cakaj, ka deklaruar para pak \u00e7astesh se n\u00eb bashk\u00ebpunim me homologen e tij n\u00eb qeverin\u00eb e Kosov\u00ebs, Haradinaj-Stublla, i kan\u00eb d\u00ebrguar nj\u00eb let\u00ebr drejtorit t\u00eb Apple, Tim Cook p\u00ebr t\u2019i k\u00ebrkuar paraqitjen e kufijve t\u00eb sakt\u00eb t\u00eb Republik\u00ebs s\u00eb Kosov\u00ebs n\u00eb sh\u00ebrbimet e Apple Maps.<\/span><\/p>\n<p><span style=\"color: #000000;\">Cakaj shkruan se Kosova \u00ebsht\u00eb e njohur prej shumic\u00ebs s\u00eb vendeve t\u00eb bot\u00ebs demokratike n\u00eb p\u00ebrputhje me ligjin nd\u00ebrkomb\u00ebtar. <\/span><\/p>\n<p><span style=\"color: #000000;\">N\u00eb fund Cakaj thekson se shpreson q\u00eb Apple do marr\u00eb vendimin e drejt\u00eb teksa shpreh mb\u00ebshtetjen e Shqip\u00ebris\u00eb p\u00ebr Republik\u00ebn e Kosov\u00ebs.<\/span><\/p>\n<p><span style=\"color: #000000;\">\u201c<em>N\u00eb bashk\u00ebrendim t\u00eb plot\u00eb me Ministren e Jashtme dhe Diaspor\u00ebs s\u00eb Republik\u00ebs s\u00eb Kosov\u00ebs, znj. Meliza Haradinaj-Stublla, sot i kam d\u00ebrguar nj\u00eb let\u00ebr drejtorit ekzekutiv t\u00eb Kompanis\u00eb Apple, z. Tim Cook, p\u00ebr t\u2019i\u00a0<\/em><\/span><span style=\"color: #000000;\"><em>k\u00ebrkuar marrjen e masave t\u00eb nevojshme p\u00ebr t\u00eb paraqitur kufijt\u00eb e sakt\u00eb t\u00eb Republik\u00ebs s\u00eb Kosov\u00ebs n\u00eb sh\u00ebrbimin e Apple Maps.<\/em><\/span><\/p>\n<p><span style=\"color: #000000;\"><em>Republika e Kosov\u00ebs \u00ebsht\u00eb njohur prej shumic\u00ebs s\u00eb shteteve t\u00eb bot\u00ebs demokratike dhe, ashtu si\u00e7 ka vendosur vet\u00eb Gjykata Nd\u00ebrkomb\u00ebtare e Drejt\u00ebsis\u00eb, shpallja e pavar\u00ebsis\u00eb s\u00eb Kosov\u00ebs \u00ebsht\u00eb n\u00eb p\u00ebrputhje t\u00eb plot\u00eb me ligjin nd\u00ebrkomb\u00ebtar. Ndaj, presim q\u00eb Apple Inc. t\u00eb marr\u00eb vendimin e drejt\u00eb duke vendosur kufijt\u00eb e Republik\u00ebs s\u00eb Kosov\u00ebs n\u00eb hartat e sh\u00ebrbimeve t\u00eb saj.<\/em><\/span><\/p>\n<p><span style=\"color: #000000;\"><em>Shqip\u00ebria do t\u00eb vazhdoj\u00eb mb\u00ebshtetjen e pakursyer p\u00ebr Republik\u00ebn e Kosov\u00ebs n\u00eb m\u00ebnyr\u00eb t\u00eb pakusht\u00ebzuar e n\u00eb \u00e7do rrethan\u00eb\u2026\u201d \u2013 <\/em>shkruan Cakaj n\u00eb Facebook.<\/span><\/p>\n","protected":false,"gt_translate_keys":[{"key":"rendered","format":"html"}]},"excerpt":{"rendered":"<p>Ministri i Jasht\u00ebm n\u00eb detyr\u00eb, Cakaj, ka deklaruar para pak \u00e7astesh se n\u00eb bashk\u00ebpunim me homologen e tij n\u00eb qeverin\u00eb e Kosov\u00ebs, Haradinaj-Stublla, i kan\u00eb d\u00ebrguar nj\u00eb let\u00ebr drejtorit t\u00eb Apple, Tim Cook p\u00ebr t\u2019i k\u00ebrkuar paraqitjen e kufijve t\u00eb sakt\u00eb t\u00eb Republik\u00ebs s\u00eb Kosov\u00ebs n\u00eb sh\u00ebrbimet e Apple Maps. Cakaj shkruan se Kosova \u00ebsht\u00eb [&hellip;]<\/p>\n","protected":false,"gt_translate_keys":[{"key":"rendered","format":"html"}]},"author":51,"featured_media":390547,"comment_status":"open","ping_status":"open","sticky":false,"template":"","format":"standard","meta":{"footnotes":""},"categories":[65,13],"tags":[],"class_list":["post-390546","post","type-post","status-publish","format-standard","has-post-thumbnail","hentry","category-lajme","category-te-fundit"],"gt_translate_keys":[{"key":"link","format":"url"}],"_links":{"self":[{"href":"https:\/\/www.hashtag.al\/index.php\/wp-json\/wp\/v2\/posts\/390546","targetHints":{"allow":["GET"]}}],"collection":[{"href":"https:\/\/www.hashtag.al\/index.php\/wp-json\/wp\/v2\/posts"}],"about":[{"href":"https:\/\/www.hashtag.al\/index.php\/wp-json\/wp\/v2\/types\/post"}],"author":[{"embeddable":true,"href":"https:\/\/www.hashtag.al\/index.php\/wp-json\/wp\/v2\/users\/51"}],"replies":[{"embeddable":true,"href":"https:\/\/www.hashtag.al\/index.php\/wp-json\/wp\/v2\/comments?post=390546"}],"version-history":[{"count":0,"href":"https:\/\/www.hashtag.al\/index.php\/wp-json\/wp\/v2\/posts\/390546\/revisions"}],"wp:featuredmedia":[{"embeddable":true,"href":"https:\/\/www.hashtag.al\/index.php\/wp-json\/wp\/v2\/media\/390547"}],"wp:attachment":[{"href":"https:\/\/www.hashtag.al\/index.php\/wp-json\/wp\/v2\/media?parent=390546"}],"wp:term":[{"taxonomy":"category","embeddable":true,"href":"https:\/\/www.hashtag.al\/index.php\/wp-json\/wp\/v2\/categories?post=390546"},{"taxonomy":"post_tag","embeddable":true,"href":"https:\/\/www.hashtag.al\/index.php\/wp-json\/wp\/v2\/tags?post=390546"}],"curies":[{"name":"wp","href":"https:\/\/api.w.org\/{rel}","templated":true}]}}