{"id":390408,"date":"2020-07-29T07:57:40","date_gmt":"2020-07-29T05:57:40","guid":{"rendered":"https:\/\/hashtag.al\/?p=390408"},"modified":"2020-07-29T07:58:18","modified_gmt":"2020-07-29T05:58:18","slug":"gati-10-e-vdekjeve-nga-covid-19-ne-vend-nuk-kishin-semundje-shoqeruese-mosha-mesatare-zbret-ne-66-8-vjec","status":"publish","type":"post","link":"https:\/\/www.hashtag.al\/index.php\/2020\/07\/29\/gati-10-e-vdekjeve-nga-covid-19-ne-vend-nuk-kishin-semundje-shoqeruese-mosha-mesatare-zbret-ne-66-8-vjec\/","title":{"rendered":"Gati 10% e vdekjeve nga Covid-19 n\u00eb vend nuk kishin s\u00ebmundje shoq\u00ebruese, mosha mesatare zbret n\u00eb 66.8 vje\u00e7","gt_translate_keys":[{"key":"rendered","format":"text"}]},"content":{"rendered":"<p><a href=\"https:\/\/hashtag.al\/wp-content\/uploads\/2020\/07\/infektiv.jpg\"><img loading=\"lazy\" decoding=\"async\" class=\"aligncenter size-full wp-image-390413\" src=\"https:\/\/hashtag.al\/wp-content\/uploads\/2020\/07\/infektiv.jpg\" alt=\"\" width=\"1024\" height=\"536\" srcset=\"https:\/\/www.hashtag.al\/wp-content\/uploads\/2020\/07\/infektiv.jpg 1024w, https:\/\/www.hashtag.al\/wp-content\/uploads\/2020\/07\/infektiv-300x157.jpg 300w, https:\/\/www.hashtag.al\/wp-content\/uploads\/2020\/07\/infektiv-768x402.jpg 768w\" sizes=\"auto, (max-width: 1024px) 100vw, 1024px\" \/><\/a><\/p>\n<p><span style=\"color: #000000;\">Dit\u00ebt e fundit \u00ebsht\u00eb rritur ndjesh\u00ebm numri i jet\u00ebve t\u00eb humbura nga Covid-19, q\u00eb nuk kan\u00eb pasur s\u00ebmundje t\u00eb tjera shoq\u00ebruese.<\/span><\/p>\n<p><span style=\"color: #000000;\">Sipas t\u00eb dh\u00ebnave t\u00eb publikuara p\u00ebrdit\u00eb nga Ministria e Sh\u00ebndet\u00ebsis\u00eb, jan\u00eb 14 raste vdekjeje q\u00eb nuk kan\u00eb pasur s\u00ebmundje t\u00eb tjera deri n\u00eb dar\u00ebn 28 korrik, ose 9.5% e totalit t\u00eb vdekjeve (gjithsej 148).<\/span><\/p>\n<p><span style=\"color: #000000;\">Kjo shif\u00ebr \u00ebsht\u00eb rritur ndjesh\u00ebm n\u00eb krahasim me periudh\u00ebn mars-mesi i korrikut, kur pesha e jet\u00ebve t\u00eb humbura pa s\u00ebmundje, nuk zinte m\u00eb shum\u00eb se 2-3% t\u00eb totalit.<\/span><\/p>\n<p><strong><span style=\"color: #000000;\">\u00c7far\u00eb po ndodh?<\/span><\/strong><\/p>\n<p><span style=\"color: #000000;\">Petrit Malaj, mjek pneumolog pohon se \u00a0ka raste se t\u00eb s\u00ebmur\u00ebt rrin\u00eb p\u00ebr nj\u00eb koh\u00eb t\u00eb gjat\u00eb me temperature dhe d\u00ebmet jan\u00eb t\u00eb pakthyeshme kur shkojn\u00eb tek mjeku. Kur, nj\u00eb individ kalon 5 deri n\u00eb 7 dit\u00eb me temperatur\u00eb, p\u00ebr \u00e7far\u00ebdolloj gripi, at\u00ebhere duhet patjet\u00ebr vizit\u00eb tek mjeku.<\/span><\/p>\n<p><span style=\"color: #000000;\">Ai shton se p\u00ebr personat q\u00eb po vdesin pa s\u00ebmundje shoq\u00ebruese, mjek\u00ebsia nuk ka shum\u00eb komente, pasi personi mund t\u00eb ket\u00eb nj\u00eb sulm jo t\u00eb zakont\u00eb nga virusi dhe n\u00eb at\u00eb moment mund t\u00eb jet\u00eb me imunitet t\u00eb dob\u00ebt.<\/span><\/p>\n<p><span style=\"color: #000000;\">Por nd\u00ebrkoh\u00eb nuk mund t\u00eb p\u00ebrjashtohet rasti i ndonj\u00eb s\u00ebmundjeje dyt\u00ebsore t\u00eb paekzaminuar m\u00eb par\u00eb, si diabeti.<\/span><\/p>\n<p><span style=\"color: #000000;\">Dr. Malaj pohon se jav\u00ebn e fundit jan\u00eb shtuar ndjesh\u00ebm personat q\u00eb ankohen p\u00ebr temperatur\u00eb t\u00eb lart\u00eb dhe gjendje gripale, nj\u00eb pjes\u00eb e konsiderueshme e t\u00eb cil\u00ebve po vet\u00ebkurohen dhe po e kalojn\u00eb n\u00eb sht\u00ebpi dhe nuk arrijn\u00eb t\u00eb diagnostikohen n\u00ebse kan\u00eb Covid-19.<\/span><\/p>\n<p><strong><span style=\"color: #000000;\">Mosha mesatare ulet s\u00ebrish<\/span><\/strong><\/p>\n<p><span style=\"color: #000000;\">Mosha mesatare e personave q\u00eb kan\u00eb humbur jet\u00ebn nga Covid-19 ka vijuar s\u00ebrish t\u00eb ulet. Sipas t\u00eb dh\u00ebnave t\u00eb publikuara nga Ministria e Sh\u00ebndet\u00ebsis\u00eb dhe t\u00eb p\u00ebrpunuara nga Monitor, deri n\u00eb 28 korrik (148 jet\u00eb t\u00eb humbura), mosha mesatare ishte 66.8 vje\u00e7.<\/span><\/p>\n<p><span style=\"color: #000000;\">N\u00eb krahasim me p\u00ebrpunimin e m\u00ebparsh\u00ebm, t\u00eb realizuar n\u00eb 14 korrik, mosha mesatare ka r\u00ebn\u00eb edhe me nj\u00eb vit, nd\u00ebrsa nga fillimet e pandemis\u00eb (12 prill-23 jet\u00eb t\u00eb humbura), ka zbritur me 4.4 vjet, n\u00eb nj\u00eb tregues q\u00eb virusi po b\u00ebhet vdekje prur\u00ebs edhe te moshat m\u00eb t\u00eb reja.<\/span><\/p>\n<p><span style=\"color: #000000;\">N\u00eb krahasim me Italin\u00eb, q\u00eb ka nj\u00eb mosh\u00eb mesatare t\u00eb personave q\u00eb kan\u00eb humbur jet\u00ebn nga Covid-19 prej 80 vje\u00e7, ky tregues n\u00eb Shqip\u00ebri \u00ebsht\u00eb rreth 13 vjet m\u00eb pak.<\/span><\/p>\n<p><span style=\"color: #000000;\">65.5% e vdekjeve jan\u00eb meshkuj, q\u00eb jan\u00eb kategoria m\u00eb e prekur nga ky infeksion, n\u00eb linj\u00eb dhe me tendencat globale.<\/span><\/p>\n<p><span style=\"color: #000000;\">Mosha mesatare e meshkujve q\u00eb kan\u00eb humbur jet\u00ebn \u00ebsht\u00eb 67.1 vje\u00e7, me nj\u00eb r\u00ebnie prej 0.9 vjet, n\u00eb krahasim me mesin e prillit.<\/span><\/p>\n<p><span style=\"color: #000000;\">Ndryshimi drastik ka ardhur tek femrat. N\u00eb krahasim me fillimet e pandemis\u00eb, ka nj\u00eb zbritje t\u00eb ndjeshme t\u00eb mosh\u00ebs s\u00eb femrave, nga 77 vje\u00e7 n\u00eb 12 prill n\u00eb 66.3 vje\u00e7 dit\u00ebn e djeshme.<\/span><\/p>\n<p><span style=\"color: #000000;\">Dr.Malaj thot\u00eb se femrat n\u00eb Shqip\u00ebri, ndon\u00ebse jetojn\u00eb m\u00eb gjat\u00eb, kan\u00eb nj\u00eb barr\u00eb m\u00eb t\u00eb lart\u00eb s\u00ebmundjesh sesa meshkujt q\u00eb n\u00eb mosh\u00eb t\u00eb re dhe kjo b\u00ebn q\u00eb femrat relativisht m\u00eb t\u00eb reja \u00a0t\u00eb jen\u00eb m\u00eb t\u00eb brishta ndaj pasojave q\u00eb shkakton Covid-19.<\/span><\/p>\n<p><span style=\"color: #000000;\">Grupmosha me vdekjet m\u00eb t\u00eb larta n\u00eb vend \u00ebsht\u00eb 60-69 vje\u00e7, me 38% t\u00eb totalit, e ndjekur nga 70-79 vje\u00e7 (24%) dhe mbi 80 vje\u00e7 me rreth 16%. Gjithsesi, ka nj\u00eb rritje t\u00eb ndjeshme t\u00eb pesh\u00ebs s\u00eb vdekjeve n\u00ebn mosh\u00ebn 60 vje\u00e7, q\u00eb n\u00eb 28 korrik p\u00ebrb\u00ebnte 23% t\u00eb totalit, nga 8.7% n\u00eb mesin e muajit prill.<\/span><\/p>\n<p><span style=\"color: #000000;\">N\u00eb krahasim me Italin\u00eb, situata \u00ebsht\u00eb t\u00ebr\u00ebsisht e ndryshme. Ndon\u00ebse Italia ka nj\u00eb num\u00ebr shum\u00eb m\u00eb t\u00eb lart\u00eb vdekjesh, mbizot\u00ebrojn\u00eb moshat e m\u00ebdha. Sipas t\u00eb dh\u00ebnave t\u00eb publikuara nga Ilsole24 ore, t\u00eb p\u00ebrdit\u00ebsuara deri n\u00eb 14 korrik, 85% e vdekjeve n\u00eb Itali jan\u00eb t\u00eb grupmosh\u00ebs mbi 70 vje\u00e7, p\u00ebrkundrejt rreth 39% q\u00eb \u00ebsht\u00eb n\u00eb Shqip\u00ebri p\u00ebr t\u00eb nj\u00ebjt\u00ebn grupmosh\u00eb.<\/span><\/p>\n<p><strong><span style=\"color: #000000;\"><span style=\"color: #ff0000;\">VINI RE:<\/span> Ky artikull \u00ebsht\u00eb pron\u00eb intelektuale e <span style=\"color: #0000ff;\"><a style=\"color: #0000ff;\" href=\"https:\/\/www.monitor.al\/gati-10-e-vdekjeve-nga-covid-19-ne-vend-nuk-kishin-semundje-shoqeruese-mosha-mesatare-zbret-ne-66-8-vjec\/\">Monitor.al<\/a><\/span><\/span><\/strong><\/p>\n<p><a href=\"https:\/\/hashtag.al\/wp-content\/uploads\/2020\/07\/vdekje1.jpg\"><img loading=\"lazy\" decoding=\"async\" class=\"aligncenter size-full wp-image-390409\" src=\"https:\/\/hashtag.al\/wp-content\/uploads\/2020\/07\/vdekje1.jpg\" alt=\"\" width=\"556\" height=\"508\" srcset=\"https:\/\/www.hashtag.al\/wp-content\/uploads\/2020\/07\/vdekje1.jpg 556w, https:\/\/www.hashtag.al\/wp-content\/uploads\/2020\/07\/vdekje1-300x274.jpg 300w\" sizes=\"auto, (max-width: 556px) 100vw, 556px\" \/><\/a> <a href=\"https:\/\/hashtag.al\/wp-content\/uploads\/2020\/07\/vdekjet2.jpg\"><img loading=\"lazy\" decoding=\"async\" class=\"aligncenter size-full wp-image-390410\" src=\"https:\/\/hashtag.al\/wp-content\/uploads\/2020\/07\/vdekjet2.jpg\" alt=\"\" width=\"488\" height=\"510\" srcset=\"https:\/\/www.hashtag.al\/wp-content\/uploads\/2020\/07\/vdekjet2.jpg 488w, https:\/\/www.hashtag.al\/wp-content\/uploads\/2020\/07\/vdekjet2-287x300.jpg 287w\" sizes=\"auto, (max-width: 488px) 100vw, 488px\" \/><\/a> <a href=\"https:\/\/hashtag.al\/wp-content\/uploads\/2020\/07\/mosha2.jpg\"><img loading=\"lazy\" decoding=\"async\" class=\"aligncenter size-full wp-image-390411\" src=\"https:\/\/hashtag.al\/wp-content\/uploads\/2020\/07\/mosha2.jpg\" alt=\"\" width=\"719\" height=\"443\" srcset=\"https:\/\/www.hashtag.al\/wp-content\/uploads\/2020\/07\/mosha2.jpg 719w, https:\/\/www.hashtag.al\/wp-content\/uploads\/2020\/07\/mosha2-300x185.jpg 300w\" sizes=\"auto, (max-width: 719px) 100vw, 719px\" \/><\/a> <a href=\"https:\/\/hashtag.al\/wp-content\/uploads\/2020\/07\/mosha-1.jpg\"><img loading=\"lazy\" decoding=\"async\" class=\"aligncenter size-full wp-image-390412\" src=\"https:\/\/hashtag.al\/wp-content\/uploads\/2020\/07\/mosha-1.jpg\" alt=\"\" width=\"699\" height=\"462\" srcset=\"https:\/\/www.hashtag.al\/wp-content\/uploads\/2020\/07\/mosha-1.jpg 699w, https:\/\/www.hashtag.al\/wp-content\/uploads\/2020\/07\/mosha-1-300x198.jpg 300w\" sizes=\"auto, (max-width: 699px) 100vw, 699px\" \/><\/a><\/p>\n","protected":false,"gt_translate_keys":[{"key":"rendered","format":"html"}]},"excerpt":{"rendered":"<p>Dit\u00ebt e fundit \u00ebsht\u00eb rritur ndjesh\u00ebm numri i jet\u00ebve t\u00eb humbura nga Covid-19, q\u00eb nuk kan\u00eb pasur s\u00ebmundje t\u00eb tjera shoq\u00ebruese. Sipas t\u00eb dh\u00ebnave t\u00eb publikuara p\u00ebrdit\u00eb nga Ministria e Sh\u00ebndet\u00ebsis\u00eb, jan\u00eb 14 raste vdekjeje q\u00eb nuk kan\u00eb pasur s\u00ebmundje t\u00eb tjera deri n\u00eb dar\u00ebn 28 korrik, ose 9.5% e totalit t\u00eb vdekjeve (gjithsej 148). [&hellip;]<\/p>\n","protected":false,"gt_translate_keys":[{"key":"rendered","format":"html"}]},"author":30,"featured_media":390413,"comment_status":"open","ping_status":"open","sticky":false,"template":"","format":"standard","meta":{"footnotes":""},"categories":[65],"tags":[],"class_list":["post-390408","post","type-post","status-publish","format-standard","has-post-thumbnail","hentry","category-lajme"],"gt_translate_keys":[{"key":"link","format":"url"}],"_links":{"self":[{"href":"https:\/\/www.hashtag.al\/index.php\/wp-json\/wp\/v2\/posts\/390408","targetHints":{"allow":["GET"]}}],"collection":[{"href":"https:\/\/www.hashtag.al\/index.php\/wp-json\/wp\/v2\/posts"}],"about":[{"href":"https:\/\/www.hashtag.al\/index.php\/wp-json\/wp\/v2\/types\/post"}],"author":[{"embeddable":true,"href":"https:\/\/www.hashtag.al\/index.php\/wp-json\/wp\/v2\/users\/30"}],"replies":[{"embeddable":true,"href":"https:\/\/www.hashtag.al\/index.php\/wp-json\/wp\/v2\/comments?post=390408"}],"version-history":[{"count":0,"href":"https:\/\/www.hashtag.al\/index.php\/wp-json\/wp\/v2\/posts\/390408\/revisions"}],"wp:featuredmedia":[{"embeddable":true,"href":"https:\/\/www.hashtag.al\/index.php\/wp-json\/wp\/v2\/media\/390413"}],"wp:attachment":[{"href":"https:\/\/www.hashtag.al\/index.php\/wp-json\/wp\/v2\/media?parent=390408"}],"wp:term":[{"taxonomy":"category","embeddable":true,"href":"https:\/\/www.hashtag.al\/index.php\/wp-json\/wp\/v2\/categories?post=390408"},{"taxonomy":"post_tag","embeddable":true,"href":"https:\/\/www.hashtag.al\/index.php\/wp-json\/wp\/v2\/tags?post=390408"}],"curies":[{"name":"wp","href":"https:\/\/api.w.org\/{rel}","templated":true}]}}