{"id":390138,"date":"2020-07-27T18:10:52","date_gmt":"2020-07-27T16:10:52","guid":{"rendered":"https:\/\/hashtag.al\/?p=390138"},"modified":"2020-07-27T18:10:52","modified_gmt":"2020-07-27T16:10:52","slug":"meta-me-parlamentin-e-ri-do-miratojme-ligjin-per-referendumet-edhe-presidenti-te-zgjidhet-nga-populli","status":"publish","type":"post","link":"https:\/\/www.hashtag.al\/index.php\/2020\/07\/27\/meta-me-parlamentin-e-ri-do-miratojme-ligjin-per-referendumet-edhe-presidenti-te-zgjidhet-nga-populli\/","title":{"rendered":"Meta: Me Parlamentin e ri do miratojm\u00eb ligjin p\u00ebr referendumet, edhe Presidenti t\u00eb zgjidhet nga populli","gt_translate_keys":[{"key":"rendered","format":"text"}]},"content":{"rendered":"<p><img loading=\"lazy\" decoding=\"async\" class=\"aligncenter size-full wp-image-374140\" src=\"https:\/\/hashtag.al\/wp-content\/uploads\/2020\/05\/metailir.jpg\" alt=\"\" width=\"1280\" height=\"853\" srcset=\"https:\/\/www.hashtag.al\/wp-content\/uploads\/2020\/05\/metailir.jpg 1280w, https:\/\/www.hashtag.al\/wp-content\/uploads\/2020\/05\/metailir-300x200.jpg 300w, https:\/\/www.hashtag.al\/wp-content\/uploads\/2020\/05\/metailir-768x512.jpg 768w, https:\/\/www.hashtag.al\/wp-content\/uploads\/2020\/05\/metailir-1024x682.jpg 1024w\" sizes=\"auto, (max-width: 1280px) 100vw, 1280px\" \/><\/p>\n<p><span style=\"color: #000000;\">Kreu i Shtetit Ilir Meta n\u00eb nj\u00eb postim n\u00eb rrjetet sociale ka paralajm\u00ebruar se p\u00ebr qytetar\u00ebt po afron ora q\u00eb t\u00eb zgjedhin p\u00ebrve\u00e7 deputet\u00ebve edhe Presidentin e Republik\u00ebs drejtp\u00ebrdrejt nga vota e tyre.<\/span><\/p>\n<p><span style=\"color: #000000;\">Gjithashtu Meta \u00ebsht\u00eb zotuar q\u00eb me zgjedhjen e parlamentit t\u00eb ri t\u00eb miratoj\u00eb ligjin q\u00eb zhbllokon referendumet.<\/span><\/p>\n<p><strong><span style=\"color: #000000;\">Postimi i plot\u00eb:<\/span><\/strong><\/p>\n<p><span style=\"color: #000000;\">Duke kujtuar 1-vjetorin e &#8220;Luanit t\u00eb Art\u00eb&#8221; t\u00eb Venecias, sot m\u00eb duhet t\u00eb riangazhohem q\u00eb s\u00eb bashku me Parlamentin e ardhsh\u00ebm t\u00eb miratojm\u00eb Ligjin p\u00ebr Referendumet n\u00eb m\u00ebnyr\u00eb q\u00eb armiqt\u0113 e POPULLIT t\u00eb mos lodhen kaq shum\u00eb duke folur n\u00eb em\u00ebr t\u00eb Tij.<\/span><br \/>\n<span style=\"color: #000000;\">POPULLI FLET VET\u00cb ME Z\u00cbRIN DHE VOT\u00cbN E TIJ!<\/span><br \/>\n<span style=\"color: #000000;\">PO AFRON ORA Q\u00cb T\u00cb RIMARR\u00cb T\u00cbR\u00cbSISHT SOVRANITETIN N\u00cb DUART E TIJ:<\/span><br \/>\n<span style=\"color: #000000;\">1. &#8211; Deputet\u00ebt 100% nga Populli.<\/span><br \/>\n<span style=\"color: #000000;\">2. &#8211; President i Republik\u00ebs nga Populli.<\/span><br \/>\n<span style=\"color: #000000;\">3. &#8211; Ligj p\u00ebr zhbllokimin e s\u00eb drejt\u00ebs kushtetuese p\u00ebr Referendumet.<\/span><br \/>\n<span style=\"color: #000000;\">POPULLI I 2 MARSIT \u00ebsht\u00eb garancia m\u00eb e mir\u00eb.<\/span><br \/>\n<span style=\"color: #000000;\">POPULLI nuk ka ikur nga Bulevardi. Do largohet vet\u00ebm dit\u00ebn kur t\u00eb miratohet Ligji p\u00ebr Referendumet.\u00a0<\/span><\/p>\n","protected":false,"gt_translate_keys":[{"key":"rendered","format":"html"}]},"excerpt":{"rendered":"<p>Kreu i Shtetit Ilir Meta n\u00eb nj\u00eb postim n\u00eb rrjetet sociale ka paralajm\u00ebruar se p\u00ebr qytetar\u00ebt po afron ora q\u00eb t\u00eb zgjedhin p\u00ebrve\u00e7 deputet\u00ebve edhe Presidentin e Republik\u00ebs drejtp\u00ebrdrejt nga vota e tyre. Gjithashtu Meta \u00ebsht\u00eb zotuar q\u00eb me zgjedhjen e parlamentit t\u00eb ri t\u00eb miratoj\u00eb ligjin q\u00eb zhbllokon referendumet. Postimi i plot\u00eb: Duke kujtuar [&hellip;]<\/p>\n","protected":false,"gt_translate_keys":[{"key":"rendered","format":"html"}]},"author":32,"featured_media":372702,"comment_status":"open","ping_status":"open","sticky":false,"template":"","format":"standard","meta":{"footnotes":""},"categories":[65,13],"tags":[],"class_list":["post-390138","post","type-post","status-publish","format-standard","has-post-thumbnail","hentry","category-lajme","category-te-fundit"],"gt_translate_keys":[{"key":"link","format":"url"}],"_links":{"self":[{"href":"https:\/\/www.hashtag.al\/index.php\/wp-json\/wp\/v2\/posts\/390138","targetHints":{"allow":["GET"]}}],"collection":[{"href":"https:\/\/www.hashtag.al\/index.php\/wp-json\/wp\/v2\/posts"}],"about":[{"href":"https:\/\/www.hashtag.al\/index.php\/wp-json\/wp\/v2\/types\/post"}],"author":[{"embeddable":true,"href":"https:\/\/www.hashtag.al\/index.php\/wp-json\/wp\/v2\/users\/32"}],"replies":[{"embeddable":true,"href":"https:\/\/www.hashtag.al\/index.php\/wp-json\/wp\/v2\/comments?post=390138"}],"version-history":[{"count":0,"href":"https:\/\/www.hashtag.al\/index.php\/wp-json\/wp\/v2\/posts\/390138\/revisions"}],"wp:featuredmedia":[{"embeddable":true,"href":"https:\/\/www.hashtag.al\/index.php\/wp-json\/wp\/v2\/media\/372702"}],"wp:attachment":[{"href":"https:\/\/www.hashtag.al\/index.php\/wp-json\/wp\/v2\/media?parent=390138"}],"wp:term":[{"taxonomy":"category","embeddable":true,"href":"https:\/\/www.hashtag.al\/index.php\/wp-json\/wp\/v2\/categories?post=390138"},{"taxonomy":"post_tag","embeddable":true,"href":"https:\/\/www.hashtag.al\/index.php\/wp-json\/wp\/v2\/tags?post=390138"}],"curies":[{"name":"wp","href":"https:\/\/api.w.org\/{rel}","templated":true}]}}