{"id":390118,"date":"2020-07-27T16:57:40","date_gmt":"2020-07-27T14:57:40","guid":{"rendered":"https:\/\/hashtag.al\/?p=390118"},"modified":"2020-07-27T18:29:20","modified_gmt":"2020-07-27T16:29:20","slug":"aida-hajnaj-propozohet-si-drejtuese-e-byrose-kombetare-te-hetimit","status":"publish","type":"post","link":"https:\/\/www.hashtag.al\/index.php\/2020\/07\/27\/aida-hajnaj-propozohet-si-drejtuese-e-byrose-kombetare-te-hetimit\/","title":{"rendered":"Aida Hajnaj propozohet si drejtuese e Byros\u00eb Komb\u00ebtare t\u00eb Hetimit","gt_translate_keys":[{"key":"rendered","format":"text"}]},"content":{"rendered":"<p><a href=\"https:\/\/hashtag.al\/index.php\/2020\/07\/27\/aida-hajnaj-propozohet-si-drejtuese-e-byrose-kombetare-te-hetimit\/aidahajnaj\/\" rel=\"attachment wp-att-390119\"><img loading=\"lazy\" decoding=\"async\" class=\"aligncenter size-full wp-image-390119\" src=\"https:\/\/hashtag.al\/wp-content\/uploads\/2020\/07\/aidahajnaj.jpg\" alt=\"\" width=\"1251\" height=\"907\" srcset=\"https:\/\/www.hashtag.al\/wp-content\/uploads\/2020\/07\/aidahajnaj.jpg 1251w, https:\/\/www.hashtag.al\/wp-content\/uploads\/2020\/07\/aidahajnaj-300x218.jpg 300w, https:\/\/www.hashtag.al\/wp-content\/uploads\/2020\/07\/aidahajnaj-768x557.jpg 768w, https:\/\/www.hashtag.al\/wp-content\/uploads\/2020\/07\/aidahajnaj-1024x742.jpg 1024w\" sizes=\"auto, (max-width: 1251px) 100vw, 1251px\" \/><\/a><\/p>\n<p><span style=\"color: #000000;\">Zv.drejtoresha e Policis\u00eb s\u00eb Shtetit, Aida Hajnaj, \u00ebsht\u00eb p\u00ebrzgjedhur nga komisioni p\u00ebrgjegj\u00ebs si emri q\u00eb do i p\u00ebrcillet K\u00ebshillit t\u00eb Lart\u00eb t\u00eb Prokuroris\u00eb si drejtuese p\u00ebr Byron\u00eb Komb\u00ebtare t\u00eb Hetimit. <\/span><\/p>\n<p><span style=\"color: #000000;\">N\u00eb njoftimin zyrtar b\u00ebhet me dije se pas shqyrtimit t\u00eb kritereve u vendos p\u00ebrzgjedhja e emrit t\u00eb Aida Hajnaj (Veizaj) si drejtuese e BKH-s\u00eb p\u00ebr nj\u00eb periudh\u00eb 5-vje\u00e7are. <\/span><\/p>\n<p><span style=\"color: #000000;\">P\u00ebrzgjedhja e Hajnajt si drejtuese e BKH-s\u00eb ishte paralajm\u00ebruar nga Partia Demokratike, q\u00eb k\u00ebrkoi p\u00ebrjashtimin e saj nga gara p\u00ebr shkak t\u00eb aferave t\u00eb pretenduara.<\/span><\/p>\n<p><span style=\"color: #000000;\"><em>\u201cKomisioni i P\u00ebrzgjedhjes s\u00eb Drejtorit t\u00eb BKH-s\u00eb ka p\u00ebrfunduar procesin e identifikimit t\u00eb kandidatit m\u00eb t\u00eb mir\u00eb p\u00ebr pozicionin e Drejtorit t\u00eb Byros\u00eb Komb\u00ebtare t\u00eb Hetimit, n\u00eb p\u00ebrputhje me dispozitat e Ligjit nr.95\/2016, p\u00ebr \u2018Organizimin dhe funksionimin e Institucioneve p\u00ebr t\u00eb luftuar Korrupsionin dhe Krimin e Organiziuar\u2019 (SPAK). <\/em><\/span><\/p>\n<p><span style=\"color: #000000;\"><em>Komisioni i P\u00ebrzgjedhjes zhvilloi dy mbledhje n\u00eb datat 24.07.2020 dhe 27.07.2020, n\u00eb prani dhe t\u00eb Komisionit t\u00eb Pavarur t\u00eb Rishikimit, i p\u00ebrb\u00ebr\u00eb nga dy p\u00ebrfaq\u00ebsues t\u00eb Bashkimit Europian dhe dy p\u00ebrfaq\u00ebsues t\u00eb Qeveris\u00eb s\u00eb Shteteve t\u00eb Bashkuara t\u00eb Amerik\u00ebs n\u00eb Shqip\u00ebri. <\/em><\/span><\/p>\n<p><span style=\"color: #000000;\"><em>Komisioni pasi shqyrtoi dokumentacion e kat\u00ebr kandidat\u00ebve q\u00eb kishin ngelur ne gar\u00eb, konkretisht. Z.Artur Beu, z.Ervin Hodaj, z.Idajet Faskaj dhe znj.Aida Veizaj, n\u00eb raport me kriteret e parashikuara n\u00eb nenin 34 t\u00eb ligjit nr.95\/2026, q\u00eb duhet t\u00eb plot\u00ebsoj\u00eb Drejtori i Byros\u00eb Komb\u00ebtare t\u00eb Hetimit, pasi administroi dhe \u2018Opinionin k\u00ebshillues t\u00eb Komisionit t\u00eb Pavarur t\u00eb Rishikimit\u2019, bazuar n\u00eb p\u00ebrcaktimet e neni 33\/2 t\u00eb ligjit nr.95\/2016, vendosi q\u00eb t\u2019i rekomandoj\u00eb K\u00ebshillit t\u00eb Lart\u00eb t\u00eb Prokuroris\u00eb, em\u00ebrimin e znj.Aida Veizaj, n\u00eb pozicionin Drejtorit t\u00eb Byros\u00eb Komb\u00ebtare t\u00eb Hetimit, p\u00ebr nj\u00eb mandat pes\u00ebvje\u00e7ar. <\/em><\/span><\/p>\n<p><span style=\"color: #000000;\"><em>N\u00eb dit\u00ebt n\u00eb vijim do t\u00eb njoftojm\u00eb dat\u00ebn kur Drejtori do t\u00eb filloj\u00eb detyr\u00ebn dhe kur do t\u00eb nis\u00eb procesi i rekrutimit t\u00eb hetuesve t\u00eb BKH-s\u00eb.\u201d<\/em> &#8211; thuhet n\u00eb njoftim.<\/span><\/p>\n","protected":false,"gt_translate_keys":[{"key":"rendered","format":"html"}]},"excerpt":{"rendered":"<p>Zv.drejtoresha e Policis\u00eb s\u00eb Shtetit, Aida Hajnaj, \u00ebsht\u00eb p\u00ebrzgjedhur nga komisioni p\u00ebrgjegj\u00ebs si emri q\u00eb do i p\u00ebrcillet K\u00ebshillit t\u00eb Lart\u00eb t\u00eb Prokuroris\u00eb si drejtuese p\u00ebr Byron\u00eb Komb\u00ebtare t\u00eb Hetimit. N\u00eb njoftimin zyrtar b\u00ebhet me dije se pas shqyrtimit t\u00eb kritereve u vendos p\u00ebrzgjedhja e emrit t\u00eb Aida Hajnaj (Veizaj) si drejtuese e BKH-s\u00eb p\u00ebr [&hellip;]<\/p>\n","protected":false,"gt_translate_keys":[{"key":"rendered","format":"html"}]},"author":51,"featured_media":390119,"comment_status":"open","ping_status":"open","sticky":false,"template":"","format":"standard","meta":{"footnotes":""},"categories":[65,13],"tags":[],"class_list":["post-390118","post","type-post","status-publish","format-standard","has-post-thumbnail","hentry","category-lajme","category-te-fundit"],"gt_translate_keys":[{"key":"link","format":"url"}],"_links":{"self":[{"href":"https:\/\/www.hashtag.al\/index.php\/wp-json\/wp\/v2\/posts\/390118","targetHints":{"allow":["GET"]}}],"collection":[{"href":"https:\/\/www.hashtag.al\/index.php\/wp-json\/wp\/v2\/posts"}],"about":[{"href":"https:\/\/www.hashtag.al\/index.php\/wp-json\/wp\/v2\/types\/post"}],"author":[{"embeddable":true,"href":"https:\/\/www.hashtag.al\/index.php\/wp-json\/wp\/v2\/users\/51"}],"replies":[{"embeddable":true,"href":"https:\/\/www.hashtag.al\/index.php\/wp-json\/wp\/v2\/comments?post=390118"}],"version-history":[{"count":0,"href":"https:\/\/www.hashtag.al\/index.php\/wp-json\/wp\/v2\/posts\/390118\/revisions"}],"wp:featuredmedia":[{"embeddable":true,"href":"https:\/\/www.hashtag.al\/index.php\/wp-json\/wp\/v2\/media\/390119"}],"wp:attachment":[{"href":"https:\/\/www.hashtag.al\/index.php\/wp-json\/wp\/v2\/media?parent=390118"}],"wp:term":[{"taxonomy":"category","embeddable":true,"href":"https:\/\/www.hashtag.al\/index.php\/wp-json\/wp\/v2\/categories?post=390118"},{"taxonomy":"post_tag","embeddable":true,"href":"https:\/\/www.hashtag.al\/index.php\/wp-json\/wp\/v2\/tags?post=390118"}],"curies":[{"name":"wp","href":"https:\/\/api.w.org\/{rel}","templated":true}]}}