{"id":389994,"date":"2020-07-27T08:47:16","date_gmt":"2020-07-27T06:47:16","guid":{"rendered":"https:\/\/hashtag.al\/?p=389994"},"modified":"2020-07-27T12:51:23","modified_gmt":"2020-07-27T10:51:23","slug":"avioni-perplaset-ne-catine-e-shtepise-ne-wesel-te-gjermanise-3-viktima-foto","status":"publish","type":"post","link":"https:\/\/www.hashtag.al\/index.php\/2020\/07\/27\/avioni-perplaset-ne-catine-e-shtepise-ne-wesel-te-gjermanise-3-viktima-foto\/","title":{"rendered":"Avioni p\u00ebrplaset n\u00eb \u00e7atin\u00eb e sht\u00ebpis\u00eb n\u00eb Wesel t\u00eb Gjermanis\u00eb, 3 viktima (FOTO)","gt_translate_keys":[{"key":"rendered","format":"text"}]},"content":{"rendered":"<p><a href=\"https:\/\/hashtag.al\/wp-content\/uploads\/2020\/07\/Gjermani-1.jpg\"><img loading=\"lazy\" decoding=\"async\" class=\"aligncenter size-full wp-image-389996\" src=\"https:\/\/hashtag.al\/wp-content\/uploads\/2020\/07\/Gjermani-1.jpg\" alt=\"\" width=\"660\" height=\"405\" srcset=\"https:\/\/www.hashtag.al\/wp-content\/uploads\/2020\/07\/Gjermani-1.jpg 660w, https:\/\/www.hashtag.al\/wp-content\/uploads\/2020\/07\/Gjermani-1-300x184.jpg 300w\" sizes=\"auto, (max-width: 660px) 100vw, 660px\" \/><\/a><\/p>\n<p><span style=\"color: #000000;\">Tre persona kan\u00eb humbur jet\u00ebn pas rr\u00ebzimit t\u00eb nj\u00eb avioni mbi nj\u00eb sht\u00ebpi, n\u00eb Wesel t\u00eb Gjermanis\u00eb veriper\u00ebndimore. Nj\u00eb f\u00ebmij\u00eb ka mbetur i plagosur.<\/span><\/p>\n<p><span style=\"color: #000000;\"><span style=\"color: #0000ff;\"><a style=\"color: #0000ff;\" href=\"https:\/\/www.bbc.com\/news\/world-europe-53539010\">BBC<\/a> <\/span>shkruan se avioni mund t\u00eb ket\u00eb qen\u00eb duke transportuar vet\u00ebm 2 persona.<\/span><\/p>\n<p><span style=\"color: #000000;\">Fotografit\u00eb nga vendngjarja tregojn\u00eb d\u00ebmet e m\u00ebdha n\u00eb \u00e7atin\u00eb e sht\u00ebpis\u00eb si dhe punonj\u00ebsit e urgjenc\u00ebs q\u00eb p\u00ebrpiqen t\u00eb shuajn\u00eb flak\u00ebt q\u00eb shp\u00ebrthyen pas rr\u00ebzimit.<\/span><\/p>\n<p><a href=\"https:\/\/hashtag.al\/wp-content\/uploads\/2020\/07\/GJ.jpg\"><img loading=\"lazy\" decoding=\"async\" class=\"aligncenter size-full wp-image-389995\" src=\"https:\/\/hashtag.al\/wp-content\/uploads\/2020\/07\/GJ.jpg\" alt=\"\" width=\"624\" height=\"351\" srcset=\"https:\/\/www.hashtag.al\/wp-content\/uploads\/2020\/07\/GJ.jpg 624w, https:\/\/www.hashtag.al\/wp-content\/uploads\/2020\/07\/GJ-300x169.jpg 300w\" sizes=\"auto, (max-width: 624px) 100vw, 624px\" \/><\/a><\/p>\n<p><span style=\"color: #000000;\">Shefi i policis\u00eb Peter Reuters tha se sh\u00ebrbimet e urgjenc\u00ebs u thirr\u00ebn n\u00eb or\u00ebn 14:42, duke shtuar: <em>&#8220;Tre persona t\u00eb vdekur u gjet\u00ebn n\u00eb papafingo t\u00eb nd\u00ebrtes\u00ebs s\u00eb banes\u00ebs. Ata jan\u00eb t\u00eb rritur. Nj\u00eb f\u00ebmij\u00eb gjithashtu u plagos leht\u00eb dhe u trondit. Avioni kishte zb<span style=\"color: #000000;\">ritur nga fusha ajrore e Marl me dy qiramarr\u00ebs dhe zbarkuar p\u00ebrs\u00ebri n\u00eb Wesel p\u00ebr nj\u00eb ndales\u00eb &#8220;.<\/span><\/em><\/span><\/p>\n<p><span style=\"color: #000000;\"><span style=\"color: #0000ff;\"><a style=\"color: #0000ff;\" href=\"https:\/\/www1.wdr.de\/nachrichten\/rheinland\/kleinflugzeug-absturz-wesel-100.html\">Mediat<\/a> <\/span>gjermane shkruajn\u00eb se nj\u00eb grua me f\u00ebmij\u00ebn e saj dy vje\u00e7 jetonte n\u00eb apartament, ajo vdiq dhe f\u00ebmija shp\u00ebtoi me plag\u00eb t\u00eb lehta.<\/span><\/p>\n<p><span style=\"color: #000000;\">Shkaku pse avioni u rr\u00ebzua nuk dihet ende. Sipas policis\u00eb, ka indikacione se avioni ishte cop\u00ebtuar m\u00eb pare, pasi disa pjes\u00eb t\u00eb tij u gjet\u00ebn n\u00eb zon\u00eb.<\/span><\/p>\n<p><a href=\"https:\/\/hashtag.al\/wp-content\/uploads\/2020\/07\/1595751151_fire-2-dpa.jpg\"><img loading=\"lazy\" decoding=\"async\" class=\"aligncenter size-full wp-image-390000\" src=\"https:\/\/hashtag.al\/wp-content\/uploads\/2020\/07\/1595751151_fire-2-dpa.jpg\" alt=\"\" width=\"646\" height=\"431\" srcset=\"https:\/\/www.hashtag.al\/wp-content\/uploads\/2020\/07\/1595751151_fire-2-dpa.jpg 646w, https:\/\/www.hashtag.al\/wp-content\/uploads\/2020\/07\/1595751151_fire-2-dpa-300x200.jpg 300w\" sizes=\"auto, (max-width: 646px) 100vw, 646px\" \/><\/a> <a href=\"https:\/\/hashtag.al\/wp-content\/uploads\/2020\/07\/1595751165_134276549-2.jpg\"><img loading=\"lazy\" decoding=\"async\" class=\"aligncenter size-full wp-image-390001\" src=\"https:\/\/hashtag.al\/wp-content\/uploads\/2020\/07\/1595751165_134276549-2.jpg\" alt=\"\" width=\"646\" height=\"378\" srcset=\"https:\/\/www.hashtag.al\/wp-content\/uploads\/2020\/07\/1595751165_134276549-2.jpg 646w, https:\/\/www.hashtag.al\/wp-content\/uploads\/2020\/07\/1595751165_134276549-2-300x176.jpg 300w\" sizes=\"auto, (max-width: 646px) 100vw, 646px\" \/><\/a> <a href=\"https:\/\/hashtag.al\/wp-content\/uploads\/2020\/07\/1595751179_fire-dpa.jpg\"><img loading=\"lazy\" decoding=\"async\" class=\"aligncenter size-full wp-image-390002\" src=\"https:\/\/hashtag.al\/wp-content\/uploads\/2020\/07\/1595751179_fire-dpa.jpg\" alt=\"\" width=\"646\" height=\"431\" srcset=\"https:\/\/www.hashtag.al\/wp-content\/uploads\/2020\/07\/1595751179_fire-dpa.jpg 646w, https:\/\/www.hashtag.al\/wp-content\/uploads\/2020\/07\/1595751179_fire-dpa-300x200.jpg 300w\" sizes=\"auto, (max-width: 646px) 100vw, 646px\" \/><\/a><\/p>\n","protected":false,"gt_translate_keys":[{"key":"rendered","format":"html"}]},"excerpt":{"rendered":"<p>Tre persona kan\u00eb humbur jet\u00ebn pas rr\u00ebzimit t\u00eb nj\u00eb avioni mbi nj\u00eb sht\u00ebpi, n\u00eb Wesel t\u00eb Gjermanis\u00eb veriper\u00ebndimore. Nj\u00eb f\u00ebmij\u00eb ka mbetur i plagosur. BBC shkruan se avioni mund t\u00eb ket\u00eb qen\u00eb duke transportuar vet\u00ebm 2 persona. Fotografit\u00eb nga vendngjarja tregojn\u00eb d\u00ebmet e m\u00ebdha n\u00eb \u00e7atin\u00eb e sht\u00ebpis\u00eb si dhe punonj\u00ebsit e urgjenc\u00ebs q\u00eb p\u00ebrpiqen [&hellip;]<\/p>\n","protected":false,"gt_translate_keys":[{"key":"rendered","format":"html"}]},"author":30,"featured_media":389997,"comment_status":"open","ping_status":"open","sticky":false,"template":"","format":"standard","meta":{"footnotes":""},"categories":[6,1],"tags":[],"class_list":["post-389994","post","type-post","status-publish","format-standard","has-post-thumbnail","hentry","category-nderkombetare","category-uncategorized"],"gt_translate_keys":[{"key":"link","format":"url"}],"_links":{"self":[{"href":"https:\/\/www.hashtag.al\/index.php\/wp-json\/wp\/v2\/posts\/389994","targetHints":{"allow":["GET"]}}],"collection":[{"href":"https:\/\/www.hashtag.al\/index.php\/wp-json\/wp\/v2\/posts"}],"about":[{"href":"https:\/\/www.hashtag.al\/index.php\/wp-json\/wp\/v2\/types\/post"}],"author":[{"embeddable":true,"href":"https:\/\/www.hashtag.al\/index.php\/wp-json\/wp\/v2\/users\/30"}],"replies":[{"embeddable":true,"href":"https:\/\/www.hashtag.al\/index.php\/wp-json\/wp\/v2\/comments?post=389994"}],"version-history":[{"count":0,"href":"https:\/\/www.hashtag.al\/index.php\/wp-json\/wp\/v2\/posts\/389994\/revisions"}],"wp:featuredmedia":[{"embeddable":true,"href":"https:\/\/www.hashtag.al\/index.php\/wp-json\/wp\/v2\/media\/389997"}],"wp:attachment":[{"href":"https:\/\/www.hashtag.al\/index.php\/wp-json\/wp\/v2\/media?parent=389994"}],"wp:term":[{"taxonomy":"category","embeddable":true,"href":"https:\/\/www.hashtag.al\/index.php\/wp-json\/wp\/v2\/categories?post=389994"},{"taxonomy":"post_tag","embeddable":true,"href":"https:\/\/www.hashtag.al\/index.php\/wp-json\/wp\/v2\/tags?post=389994"}],"curies":[{"name":"wp","href":"https:\/\/api.w.org\/{rel}","templated":true}]}}