{"id":389961,"date":"2020-07-27T07:23:23","date_gmt":"2020-07-27T05:23:23","guid":{"rendered":"https:\/\/hashtag.al\/?p=389961"},"modified":"2020-07-27T07:26:15","modified_gmt":"2020-07-27T05:26:15","slug":"zjarri-ne-katedralen-e-nantes-vullnetari-pranon-fajin","status":"publish","type":"post","link":"https:\/\/www.hashtag.al\/index.php\/2020\/07\/27\/zjarri-ne-katedralen-e-nantes-vullnetari-pranon-fajin\/","title":{"rendered":"Zjarri n\u00eb Katedralen e Nant\u00ebs, vullnetari pranon fajin","gt_translate_keys":[{"key":"rendered","format":"text"}]},"content":{"rendered":"<p><a href=\"https:\/\/hashtag.al\/wp-content\/uploads\/2020\/07\/katedralja-nantes.jpg\"><img loading=\"lazy\" decoding=\"async\" class=\"aligncenter size-full wp-image-388099\" src=\"https:\/\/hashtag.al\/wp-content\/uploads\/2020\/07\/katedralja-nantes.jpg\" alt=\"\" width=\"660\" height=\"371\" srcset=\"https:\/\/www.hashtag.al\/wp-content\/uploads\/2020\/07\/katedralja-nantes.jpg 660w, https:\/\/www.hashtag.al\/wp-content\/uploads\/2020\/07\/katedralja-nantes-300x169.jpg 300w\" sizes=\"auto, (max-width: 660px) 100vw, 660px\" \/><\/a><\/p>\n<p><span style=\"color: #000000;\">Nj\u00eb vullnetar n\u00eb kish\u00eb ka pranuar se ka shkaktuar zjarrin q\u00eb shkat\u00ebrroi katedralen n\u00eb qytetin francez t\u00eb Nant\u00ebs jav\u00ebn e kaluar.<\/span><\/p>\n<p><span style=\"color: #000000;\">Refugjati nga Ruanda, i cili punonte si kujdestar n\u00eb katedrale u arrestua mbr\u00ebmjen e s\u00eb shtun\u00ebs shkruan <span style=\"color: #0000ff;\"><a style=\"color: #0000ff;\" href=\"https:\/\/www.bbc.com\/news\/world-europe-53542936\">BBC<\/a><\/span>. Por ende nuk \u00ebsht\u00eb dh\u00ebn\u00eb asnj\u00eb motiv p\u00ebr zjarrin.<\/span><\/p>\n<p><span style=\"color: #000000;\">Avokati i t\u00eb arrestuarit, u tha gazetar\u00ebve s\u00eb klienti i tij ndjeu nj\u00eb &#8220;<em>leht\u00ebsim<\/em>&#8221; pasi rr\u00ebfeu at\u00eb q\u00ebkishgt\u00eb ndodhur.<\/span><\/p>\n<p><span style=\"color: #000000;\"><em>\u201c\u00cbsht\u00eb dikush q\u00eb \u00ebsht\u00eb i frik\u00ebsuar, i cili \u00ebsht\u00eb disi i mbingarkuar&#8221;<\/em>&#8211; tha avokati Quentin Chabert.<\/span><\/p>\n<p><span style=\"color: #000000;\">Vullnetari 39-vje\u00e7ar, emri i t\u00eb cilit nuk \u00ebsht\u00eb zbuluar, fillimisht ishte marr\u00eb n\u00eb pyetje pas ngjarjes, por ishte l\u00ebn\u00eb i lir\u00eb. Ai kishte qen\u00eb p\u00ebrgjegj\u00ebs p\u00ebr mbylljen e katedrales nj\u00eb dit\u00eb para flak\u00ebve, n\u00eb 18 korrik.<\/span><\/p>\n<p><span style=\"color: #000000;\">M\u00eb p\u00ebrpara autoritetet pat\u00ebn deklaruar se dyshonin q\u00eb zjarri t\u00eb ishte nisur n\u00eb tre vende t\u00eb ndryshme.<\/span><\/p>\n<p><span style=\"color: #000000;\">Prokurori i Nant\u00ebs Pierre Sennes tha se burri ishte akuzuar p\u00ebr<em> &#8220;shkat\u00ebrrim dhe d\u00ebmtim nga zjarri&#8221;<\/em> dhe se mund t\u00eb p\u00ebrballej me deri n\u00eb 10 vjet burg dhe 150,000 euro gjob\u00eb.<\/span><\/p>\n<p><a href=\"https:\/\/hashtag.al\/wp-content\/uploads\/2020\/07\/Nante.jpg\"><img loading=\"lazy\" decoding=\"async\" class=\"aligncenter size-full wp-image-389963\" src=\"https:\/\/hashtag.al\/wp-content\/uploads\/2020\/07\/Nante.jpg\" alt=\"\" width=\"445\" height=\"267\" srcset=\"https:\/\/www.hashtag.al\/wp-content\/uploads\/2020\/07\/Nante.jpg 445w, https:\/\/www.hashtag.al\/wp-content\/uploads\/2020\/07\/Nante-300x180.jpg 300w\" sizes=\"auto, (max-width: 445px) 100vw, 445px\" \/><\/a><\/p>\n","protected":false,"gt_translate_keys":[{"key":"rendered","format":"html"}]},"excerpt":{"rendered":"<p>Nj\u00eb vullnetar n\u00eb kish\u00eb ka pranuar se ka shkaktuar zjarrin q\u00eb shkat\u00ebrroi katedralen n\u00eb qytetin francez t\u00eb Nant\u00ebs jav\u00ebn e kaluar. Refugjati nga Ruanda, i cili punonte si kujdestar n\u00eb katedrale u arrestua mbr\u00ebmjen e s\u00eb shtun\u00ebs shkruan BBC. Por ende nuk \u00ebsht\u00eb dh\u00ebn\u00eb asnj\u00eb motiv p\u00ebr zjarrin. Avokati i t\u00eb arrestuarit, u tha gazetar\u00ebve [&hellip;]<\/p>\n","protected":false,"gt_translate_keys":[{"key":"rendered","format":"html"}]},"author":30,"featured_media":388099,"comment_status":"open","ping_status":"open","sticky":false,"template":"","format":"standard","meta":{"footnotes":""},"categories":[6],"tags":[],"class_list":["post-389961","post","type-post","status-publish","format-standard","has-post-thumbnail","hentry","category-nderkombetare"],"gt_translate_keys":[{"key":"link","format":"url"}],"_links":{"self":[{"href":"https:\/\/www.hashtag.al\/index.php\/wp-json\/wp\/v2\/posts\/389961","targetHints":{"allow":["GET"]}}],"collection":[{"href":"https:\/\/www.hashtag.al\/index.php\/wp-json\/wp\/v2\/posts"}],"about":[{"href":"https:\/\/www.hashtag.al\/index.php\/wp-json\/wp\/v2\/types\/post"}],"author":[{"embeddable":true,"href":"https:\/\/www.hashtag.al\/index.php\/wp-json\/wp\/v2\/users\/30"}],"replies":[{"embeddable":true,"href":"https:\/\/www.hashtag.al\/index.php\/wp-json\/wp\/v2\/comments?post=389961"}],"version-history":[{"count":0,"href":"https:\/\/www.hashtag.al\/index.php\/wp-json\/wp\/v2\/posts\/389961\/revisions"}],"wp:featuredmedia":[{"embeddable":true,"href":"https:\/\/www.hashtag.al\/index.php\/wp-json\/wp\/v2\/media\/388099"}],"wp:attachment":[{"href":"https:\/\/www.hashtag.al\/index.php\/wp-json\/wp\/v2\/media?parent=389961"}],"wp:term":[{"taxonomy":"category","embeddable":true,"href":"https:\/\/www.hashtag.al\/index.php\/wp-json\/wp\/v2\/categories?post=389961"},{"taxonomy":"post_tag","embeddable":true,"href":"https:\/\/www.hashtag.al\/index.php\/wp-json\/wp\/v2\/tags?post=389961"}],"curies":[{"name":"wp","href":"https:\/\/api.w.org\/{rel}","templated":true}]}}