{"id":389782,"date":"2020-07-25T22:35:54","date_gmt":"2020-07-25T20:35:54","guid":{"rendered":"https:\/\/hashtag.al\/?p=389782"},"modified":"2020-07-25T22:33:20","modified_gmt":"2020-07-25T20:33:20","slug":"mjeku-artan-koni-ngre-dyshimet-numri-i-vdekjeve-u-pasi-be-ja-tha-se-do-jape-18-mije-euro-per-cdo-viktime-nga-covid-19","status":"publish","type":"post","link":"https:\/\/www.hashtag.al\/index.php\/2020\/07\/25\/mjeku-artan-koni-ngre-dyshimet-numri-i-vdekjeve-u-pasi-be-ja-tha-se-do-jape-18-mije-euro-per-cdo-viktime-nga-covid-19\/","title":{"rendered":"Mjeku Artan Koni ngre dyshimet: Numri i vdekjeve u pasi BE-ja tha se do jap\u00eb 18 mij\u00eb euro p\u00ebr \u00e7do viktim\u00eb nga Covid-19","gt_translate_keys":[{"key":"rendered","format":"text"}]},"content":{"rendered":"<p><img loading=\"lazy\" decoding=\"async\" class=\"aligncenter size-full wp-image-389784\" src=\"https:\/\/hashtag.al\/wp-content\/uploads\/2020\/07\/artan-koni.jpg\" alt=\"\" width=\"1280\" height=\"853\" srcset=\"https:\/\/www.hashtag.al\/wp-content\/uploads\/2020\/07\/artan-koni.jpg 1280w, https:\/\/www.hashtag.al\/wp-content\/uploads\/2020\/07\/artan-koni-300x200.jpg 300w, https:\/\/www.hashtag.al\/wp-content\/uploads\/2020\/07\/artan-koni-768x512.jpg 768w, https:\/\/www.hashtag.al\/wp-content\/uploads\/2020\/07\/artan-koni-1024x682.jpg 1024w\" sizes=\"auto, (max-width: 1280px) 100vw, 1280px\" \/><\/p>\n<p><span style=\"color: #000000;\">Mjeku urolog Artan Koni ka ngritur dyshime t\u00eb m\u00ebdha lidhur me numrin e lart\u00eb t\u00eb viktimave q\u00eb raportohen nga dita n\u00eb dit\u00eb si t\u00eb shkaktuara nga Covid-19.<\/span><\/p>\n<p><span style=\"color: #000000;\">Koni nuk \u00ebsht\u00eb i sigurt n\u00ebse vdekjet lidhen vet\u00ebm me koronavirusin.<\/span><\/p>\n<p><span style=\"color: #000000;\">M\u00eb tej ai thot\u00eb se rritja e numrit t\u00eb vdekjeve q\u00eb raportohen pas daljes nga karantina mund t\u00eb lidhet edhe me dh\u00ebnien e ndihm\u00ebs nga BE-ja p\u00ebr \u00e7do viktim\u00eb nga Covid-19.<\/span><\/p>\n<p><span style=\"color: #000000;\">Ai shton dyshimet se pas daljes s\u00eb lajmit sipas tij q\u00eb BE-ja do ndihmonte vendet me 18 mij\u00eb euro p\u00ebr \u00e7do viktim\u00eb q\u00eb shkaktohet nga koronavirusi vihet re nj\u00eb rritje e raportimeve p\u00ebr viktimat nga Covid-19.<\/span><\/p>\n<p><span style=\"color: #000000;\">\u201c<em>Pjesa lindore e Evrop\u00ebs kishte nj\u00eb tendenc\u00eb p\u00ebr t\u00eb mbajtur numrin e viktimave, mos e raportuar se normali. Nuk jam i sigurt por kishte z\u00ebra vdiq apo jo nga COVID-19, jo kishte s\u00ebmundje t\u00eb tjera. Sa i p\u00ebrket numrit t\u00eb viktimave nuk kemi qen\u00eb t\u00eb sigurt n\u00ebse ka vdekur nga COVID-19 apo t\u00eb tjera. Pasi mbaroi karantina, doli nj\u00eb ndihm\u00eb evropiane p\u00ebr k\u00ebto vende q\u00eb p\u00ebr \u00e7do vdekje nga Covid BE do financoj\u00eb qeverit\u00eb, bashk\u00eb me at\u00eb shqiptare, me 18 mij\u00eb euro p\u00ebr \u00e7do vdekje nga Covid. Pra ishte p\u00ebr t\u00eb ndihmuar qeverit\u00eb. \u00c7udit\u00ebrisht pas k\u00ebtyre lajmeve kemi shtim t\u00eb rasteve si vdekje. Ai sh\u00ebnimi q\u00eb ishte i v\u00ebshtir\u00eb p\u00ebr vdekje nga COVID-19 tashm\u00eb b\u00ebhet m\u00eb i leht\u00eb. Duhet t\u00eb kemi parasysh edhe k\u00ebto detajet e vogla<\/em>\u201d-deklaroi mjeku Koni n\u00eb emisionin Kjo Jav\u00eb n\u00eb <a href=\"https:\/\/youtu.be\/pnfc2xzFk_E\">News 24<\/a>.<\/span><\/p>\n","protected":false,"gt_translate_keys":[{"key":"rendered","format":"html"}]},"excerpt":{"rendered":"<p>Mjeku urolog Artan Koni ka ngritur dyshime t\u00eb m\u00ebdha lidhur me numrin e lart\u00eb t\u00eb viktimave q\u00eb raportohen nga dita n\u00eb dit\u00eb si t\u00eb shkaktuara nga Covid-19. Koni nuk \u00ebsht\u00eb i sigurt n\u00ebse vdekjet lidhen vet\u00ebm me koronavirusin. M\u00eb tej ai thot\u00eb se rritja e numrit t\u00eb vdekjeve q\u00eb raportohen pas daljes nga karantina mund [&hellip;]<\/p>\n","protected":false,"gt_translate_keys":[{"key":"rendered","format":"html"}]},"author":32,"featured_media":389784,"comment_status":"open","ping_status":"open","sticky":false,"template":"","format":"standard","meta":{"footnotes":""},"categories":[65,13],"tags":[],"class_list":["post-389782","post","type-post","status-publish","format-standard","has-post-thumbnail","hentry","category-lajme","category-te-fundit"],"gt_translate_keys":[{"key":"link","format":"url"}],"_links":{"self":[{"href":"https:\/\/www.hashtag.al\/index.php\/wp-json\/wp\/v2\/posts\/389782","targetHints":{"allow":["GET"]}}],"collection":[{"href":"https:\/\/www.hashtag.al\/index.php\/wp-json\/wp\/v2\/posts"}],"about":[{"href":"https:\/\/www.hashtag.al\/index.php\/wp-json\/wp\/v2\/types\/post"}],"author":[{"embeddable":true,"href":"https:\/\/www.hashtag.al\/index.php\/wp-json\/wp\/v2\/users\/32"}],"replies":[{"embeddable":true,"href":"https:\/\/www.hashtag.al\/index.php\/wp-json\/wp\/v2\/comments?post=389782"}],"version-history":[{"count":0,"href":"https:\/\/www.hashtag.al\/index.php\/wp-json\/wp\/v2\/posts\/389782\/revisions"}],"wp:featuredmedia":[{"embeddable":true,"href":"https:\/\/www.hashtag.al\/index.php\/wp-json\/wp\/v2\/media\/389784"}],"wp:attachment":[{"href":"https:\/\/www.hashtag.al\/index.php\/wp-json\/wp\/v2\/media?parent=389782"}],"wp:term":[{"taxonomy":"category","embeddable":true,"href":"https:\/\/www.hashtag.al\/index.php\/wp-json\/wp\/v2\/categories?post=389782"},{"taxonomy":"post_tag","embeddable":true,"href":"https:\/\/www.hashtag.al\/index.php\/wp-json\/wp\/v2\/tags?post=389782"}],"curies":[{"name":"wp","href":"https:\/\/api.w.org\/{rel}","templated":true}]}}