{"id":389698,"date":"2020-07-25T13:39:27","date_gmt":"2020-07-25T11:39:27","guid":{"rendered":"https:\/\/hashtag.al\/?p=389698"},"modified":"2020-07-25T13:39:27","modified_gmt":"2020-07-25T11:39:27","slug":"vasili-pazar-politik-ne-parlament-per-listat-e-hapura-koalicioni-opozitar-de-fakto-fitues","status":"publish","type":"post","link":"https:\/\/www.hashtag.al\/index.php\/2020\/07\/25\/vasili-pazar-politik-ne-parlament-per-listat-e-hapura-koalicioni-opozitar-de-fakto-fitues\/","title":{"rendered":"Vasili: Pazar politik n\u00eb Parlament p\u00ebr listat e hapura, koalicioni opozitar de fakto fitues","gt_translate_keys":[{"key":"rendered","format":"text"}]},"content":{"rendered":"<p><a href=\"https:\/\/hashtag.al\/wp-content\/uploads\/2020\/07\/Vasili.png\"><img loading=\"lazy\" decoding=\"async\" class=\"aligncenter size-full wp-image-389699\" src=\"https:\/\/hashtag.al\/wp-content\/uploads\/2020\/07\/Vasili.png\" alt=\"\" width=\"630\" height=\"381\" srcset=\"https:\/\/www.hashtag.al\/wp-content\/uploads\/2020\/07\/Vasili.png 630w, https:\/\/www.hashtag.al\/wp-content\/uploads\/2020\/07\/Vasili-300x181.png 300w\" sizes=\"auto, (max-width: 630px) 100vw, 630px\" \/><\/a><\/p>\n<p><span style=\"color: #000000;\">N\u00eb konferenc\u00ebn e sotme t\u00eb opozit\u00ebs s\u00eb bashkuar, n\u00ebnkryetari i LSI-s\u00eb, thot\u00eb se kryeministri Edi Rama po mundohet t\u00eb b\u00ebj\u00eb nj\u00eb Pazar politik brenda Parlamentit me listat e hapura.<\/span><\/p>\n<p><span style=\"color: #000000;\">Vasili i cili \u00ebsht\u00eb nj\u00ebherazi dhe p\u00ebrfaq\u00ebsues n\u00eb K\u00ebshillin Politik, tha se Rama po vepron k\u00ebshtu, p\u00ebr shkak se sipas tij koalicioni opozitar \u00ebsht\u00eb fitues de fakto i zgjedhjeve t\u00eb ardhshme.<\/span><\/p>\n<p><em><span style=\"color: #000000;\">\u00a0\u201cN\u00eb parim nj\u00eb kryeminist\u00ebr bashk\u00eb me ca t\u00eb tjer\u00eb t\u00eb cil\u00ebt kan\u00eb qen\u00eb ata q\u00eb iu vidhnin vot\u00ebn qytetar\u00ebve t\u00eb cil\u00ebn ua shisnin e blinin s\u2019mund t\u00eb flasin. Ky \u00ebsht\u00eb Pazar politik brenda parlamentit. Do b\u00ebjm\u00eb sikur do hapim listat q\u00eb t\u00eb heqim koalicionet. P\u00ebrse? Sepse koalicioni opozitar \u00ebsht\u00eb fitues de fakto. T\u00eb t\u00ebr\u00eb pa p\u00ebrjashtim promovuesit mashtrues t\u00eb listave t\u00eb hapura, u p\u00ebrpoq\u00ebn t\u00eb lidhnin dy \u00e7\u00ebshtje. Cili shqiptar\u00a0e gjeti keq veten nga koalicioni. Kishin nj\u00eb sensibilitet p\u00ebr listat e hapura dhe ne ua dham\u00eb t\u00eb plot\u00eb. Pjes\u00eb e fars\u00ebs q\u00eb humb\u00ebsit iu lihen qytetar\u00ebve dhe fituesit i mbajn\u00eb kryetar\u00ebt nuk \u00ebsht\u00eb p\u00ebr ne.<\/span><\/em><\/p>\n<p><em><span style=\"color: #000000;\">T\u00eb gjitha forcat politike q\u00eb kan\u00eb af\u00ebrsi programore grupohen n\u00eb koalicion. \u00c7far\u00eb thot\u00eb Edi Rama, jo thot\u00eb, ta l\u00ebm\u00eb k\u00ebt\u00eb pun\u00eb t\u00eb dal\u00eb si t\u00eb dal\u00eb dhe dit\u00ebn pas zgjedhjeve b\u00ebjm\u00eb pazarin. Opozita \u00ebsht\u00eb p\u00ebrball\u00eb moralin, s\u00eb bashku marrim nj\u00eb p\u00ebrgjegj\u00ebsi politike, nd\u00ebrkoh\u00eb q\u00eb u ofrohet Pazar politika.<\/span><\/em><\/p>\n<p><span style=\"color: #000000;\"><em>\u00cbsht\u00eb nj\u00eb ndjeshm\u00ebri q\u00eb opozita \u00ebsht\u00eb shprehur koh\u00eb m\u00eb par\u00eb. Erdhi dita p\u00ebr t\u2019ju \u00e7jerr\u00eb maskat. Qytetar\u00ebt nuk kan\u00eb pasur shqet\u00ebsim p\u00ebr koalicionet. E dini shum\u00eb mir\u00eb se \u00e7 pazarxhi kemi p\u00ebrball\u00eb, q\u00eb edhe vot\u00ebn do ta jap\u00eb me koncesion. Ky njeri \u00ebsht\u00eb njeriu i pazareve dhe jo i parimeve\u201d<\/em>, deklaroi Vasili.<\/span><\/p>\n<p>&nbsp;<\/p>\n","protected":false,"gt_translate_keys":[{"key":"rendered","format":"html"}]},"excerpt":{"rendered":"<p>N\u00eb konferenc\u00ebn e sotme t\u00eb opozit\u00ebs s\u00eb bashkuar, n\u00ebnkryetari i LSI-s\u00eb, thot\u00eb se kryeministri Edi Rama po mundohet t\u00eb b\u00ebj\u00eb nj\u00eb Pazar politik brenda Parlamentit me listat e hapura. Vasili i cili \u00ebsht\u00eb nj\u00ebherazi dhe p\u00ebrfaq\u00ebsues n\u00eb K\u00ebshillin Politik, tha se Rama po vepron k\u00ebshtu, p\u00ebr shkak se sipas tij koalicioni opozitar \u00ebsht\u00eb fitues de [&hellip;]<\/p>\n","protected":false,"gt_translate_keys":[{"key":"rendered","format":"html"}]},"author":30,"featured_media":389699,"comment_status":"open","ping_status":"open","sticky":false,"template":"","format":"standard","meta":{"footnotes":""},"categories":[65,13],"tags":[],"class_list":["post-389698","post","type-post","status-publish","format-standard","has-post-thumbnail","hentry","category-lajme","category-te-fundit"],"gt_translate_keys":[{"key":"link","format":"url"}],"_links":{"self":[{"href":"https:\/\/www.hashtag.al\/index.php\/wp-json\/wp\/v2\/posts\/389698","targetHints":{"allow":["GET"]}}],"collection":[{"href":"https:\/\/www.hashtag.al\/index.php\/wp-json\/wp\/v2\/posts"}],"about":[{"href":"https:\/\/www.hashtag.al\/index.php\/wp-json\/wp\/v2\/types\/post"}],"author":[{"embeddable":true,"href":"https:\/\/www.hashtag.al\/index.php\/wp-json\/wp\/v2\/users\/30"}],"replies":[{"embeddable":true,"href":"https:\/\/www.hashtag.al\/index.php\/wp-json\/wp\/v2\/comments?post=389698"}],"version-history":[{"count":0,"href":"https:\/\/www.hashtag.al\/index.php\/wp-json\/wp\/v2\/posts\/389698\/revisions"}],"wp:featuredmedia":[{"embeddable":true,"href":"https:\/\/www.hashtag.al\/index.php\/wp-json\/wp\/v2\/media\/389699"}],"wp:attachment":[{"href":"https:\/\/www.hashtag.al\/index.php\/wp-json\/wp\/v2\/media?parent=389698"}],"wp:term":[{"taxonomy":"category","embeddable":true,"href":"https:\/\/www.hashtag.al\/index.php\/wp-json\/wp\/v2\/categories?post=389698"},{"taxonomy":"post_tag","embeddable":true,"href":"https:\/\/www.hashtag.al\/index.php\/wp-json\/wp\/v2\/tags?post=389698"}],"curies":[{"name":"wp","href":"https:\/\/api.w.org\/{rel}","templated":true}]}}