{"id":389285,"date":"2020-07-23T15:17:23","date_gmt":"2020-07-23T13:17:23","guid":{"rendered":"https:\/\/hashtag.al\/?p=389285"},"modified":"2020-07-23T15:17:36","modified_gmt":"2020-07-23T13:17:36","slug":"raporti-europian-per-drogat-konfirmoi-lidhjet-e-rames-me-krimin-e-organizuar-alibeaj","status":"publish","type":"post","link":"https:\/\/www.hashtag.al\/index.php\/2020\/07\/23\/raporti-europian-per-drogat-konfirmoi-lidhjet-e-rames-me-krimin-e-organizuar-alibeaj\/","title":{"rendered":"&#8220;Raporti europian p\u00ebr drogat konfirmoi lidhjet e Ram\u00ebs me krimin e organizuar&#8221; &#8211; Alibeaj","gt_translate_keys":[{"key":"rendered","format":"text"}]},"content":{"rendered":"<p><span style=\"color: #000000;\"><a style=\"color: #000000;\" href=\"https:\/\/hashtag.al\/index.php\/2020\/07\/23\/raporti-europian-per-drogat-konfirmoi-lidhjet-e-rames-me-krimin-e-organizuar-alibeaj\/alibeaj-11\/\" rel=\"attachment wp-att-389287\"><img loading=\"lazy\" decoding=\"async\" class=\"aligncenter size-full wp-image-389287\" src=\"https:\/\/hashtag.al\/wp-content\/uploads\/2020\/07\/alibeaj-1.jpg\" alt=\"\" width=\"2560\" height=\"1707\" srcset=\"https:\/\/www.hashtag.al\/wp-content\/uploads\/2020\/07\/alibeaj-1.jpg 2560w, https:\/\/www.hashtag.al\/wp-content\/uploads\/2020\/07\/alibeaj-1-300x200.jpg 300w, https:\/\/www.hashtag.al\/wp-content\/uploads\/2020\/07\/alibeaj-1-768x512.jpg 768w, https:\/\/www.hashtag.al\/wp-content\/uploads\/2020\/07\/alibeaj-1-1024x683.jpg 1024w\" sizes=\"auto, (max-width: 2560px) 100vw, 2560px\" \/><\/a><\/span><\/p>\n<p><span style=\"color: #000000;\">Partia Demokratike ka ritheksuar raportin e Qendr\u00ebs Europiane p\u00ebr Monitorimin e Drogave p\u00ebr t\u00eb denoncuar at\u00eb q\u00eb e quan lidhje t\u00eb fort\u00eb mes pushtetit e parave t\u00eb pista p\u00ebr t\u00eb bler\u00eb zgjedhjet. <\/span><\/p>\n<p><span style=\"color: #000000;\">N\u00eb nj\u00eb deklarat\u00eb p\u00ebr mediat, Alibeaj, tha se dosjet 184 e 339 p\u00ebr blerjen e zgjedhjeve nuk jan\u00eb raste t\u00eb izoluara t\u00eb partneritetit t\u00eb qeveris\u00eb s\u00eb Ram\u00ebs me krimin e organizuar.<\/span><\/p>\n<p><span style=\"color: #000000;\"><em>\u201cDosja 184 p\u00ebr blerjen e zgjedhjeve n\u00eb Dib\u00ebr dhe dosja 339 p\u00ebr blerjen e zgjedhjeve n\u00eb Durr\u00ebs, Shijak, Kavaj\u00eb dhe Lezh\u00eb p\u00ebrmes trafikant\u00ebve nd\u00ebrkomb\u00ebtar\u00eb t\u00eb drog\u00ebs nga Partia Socialiste n\u00eb n\u00eb pushtet nuk jan\u00eb raste t\u00eb izoluara t\u00eb partneritetit t\u00eb qeveris\u00eb s\u00eb Edi Ram\u00ebs me krimin e e organizuar. Raporti m\u00eb i fundit i Qendr\u00ebs Europiane p\u00ebr Monitorimin e Drogave, e cila bashk\u00ebpunon me Europolin, konfirmon lidhjen e fort\u00eb mes pushtetit dhe parave t\u00eb pista p\u00ebr t\u00eb bler\u00eb zgjedhjet. Ky raport fakton se Edi Rama jo vet\u00ebm ka nd\u00ebrtuar narkoshtetin q\u00eb n\u00eb dit\u00ebt e para t\u00eb qeverisjes s\u00eb tij, por e ka p\u00ebrdorur krimin e organizuar p\u00ebr t\u2019ia kund\u00ebrv\u00ebn\u00eb opozit\u00ebs, p\u00ebr t\u00eb frik\u00ebsuar kund\u00ebrshtar\u00ebt, p\u00ebr t\u2019i mbyllur goj\u00ebn shoq\u00ebris\u00eb dhe mediave me t\u00eb gjitha format.\u201d<\/em> &#8211; tha Alibeaj.<\/span><\/p>\n<p><span style=\"color: #000000;\">Alibeaj tha se gjetjet e raportit sjellin fakte t\u00eb r\u00ebnda sesi krimi i organizuar e trafikant\u00ebt nd\u00ebrkomb\u00ebtar\u00eb i kan\u00eb b\u00ebr\u00eb sh\u00ebrbime qeveris\u00eb p\u00ebr t\u00eb mbajtur pushtetin. <\/span><\/p>\n<p><span style=\"color: #000000;\">Ai theksoi se sh\u00ebrbimet jan\u00eb nga mb\u00ebshtetja e kandidat\u00ebve e financimi i fushatave deri te frik\u00ebsimi i kund\u00ebrshtar\u00ebve duke cituar pjes\u00eb nga raporti.<\/span><\/p>\n<p><span style=\"color: #000000;\"><em>\u201cGjetjet e raportit t\u00eb Qendr\u00ebs Europiane p\u00ebr Monitorimin e Drogave sjell fakte t\u00eb r\u00ebnda. Raporti liston sh\u00ebrbimet q\u00eb krimi i organizuar, trafikant\u00ebt nd\u00ebrkomb\u00ebtar\u00eb t\u00eb drog\u00ebs i b\u00ebjn\u00eb qeveris\u00eb p\u00ebr t\u00eb mbajtur pushtetin. Ato nisin nga mb\u00ebshtetja p\u00ebr kandidat\u00ebt politik\u00eb, tek financimi i fushatave elektorale n\u00eb k\u00ebmbim t\u00eb imunitetit nga ndjekja penale, si dhe p\u00ebrfitimet e tjera t\u00eb pushtetit; nga frik\u00ebsimi i kund\u00ebrshtar\u00ebve n\u00eb zgjedhje tek prishja e mitingjeve t\u00eb partive opozitare dhe duke e vulosur bashk\u00ebpunimin qeveri-krim i organziuar me manipulimin e rezultatit t\u00eb zgjedhjeve.<\/em><\/span><\/p>\n<blockquote><p><span style=\"color: #000000;\"><em>\u201cPartit\u00eb politike kan\u00eb p\u00ebrfituar fonde nga figurat e krimit t\u00eb organizuar. An\u00ebtar\u00ebt e grupeve kriminale kan\u00eb sh\u00ebrbyer si komisioner\u00eb n\u00eb qendrat e votimit. Pavar\u00ebsisht munges\u00ebs s\u00eb hetimeve ose vendimeve gjyq\u00ebsore, deputet\u00ebt dhe ministrat kan\u00eb qen\u00eb sh\u00ebnjestra t\u00eb akuzave publike p\u00ebr lidhjet e tyre me krimin e organizuar. Krimi i organizuar ka arritur t\u00eb neutralizoj\u00eb shoq\u00ebrine, madje edhe p\u00ebrsa i p\u00ebrket liris\u00eb s\u00eb fjal\u00ebs\u201d, <\/em>thuhet n\u00eb raport\u201d &#8211; shtoi Aliebeaj.<\/span><\/p><\/blockquote>\n<p><span style=\"color: #000000;\">N\u00eb fund demokrati tha se asnj\u00eb organizat\u00eb kriminale, asnj\u00eb bos i trafikut t\u00eb drog\u00ebs nuk \u00ebsht\u00eb arrestuar apo d\u00ebnuar gjat\u00eb qeveris\u00eb s\u00eb Edi Ram\u00ebs dhe se mund\u00ebsia e vetme e nd\u00ebrprerjes s\u00eb k\u00ebtyre lidhjeve \u00ebsht\u00eb largimi i Ram\u00ebs.<\/span><\/p>\n<p><span style=\"color: #000000;\"><em>\u201cT\u00eb gjitha k\u00ebto sh\u00ebrbime q\u00eb ruajn\u00eb pushtetin e Edi Ram\u00ebs kan\u00eb sjell\u00eb paprekshm\u00ebrin\u00eb e krimit t\u00eb organizuar nga policia dhe nga drejt\u00ebsia. Asnj\u00eb organizat\u00eb kriminale, asnj\u00eb bos i trafikut t\u00eb drog\u00ebs nuk \u00ebsht\u00eb arrestuar apo d\u00ebnuar gjat\u00eb qeveris\u00eb s\u00eb Edi Ram\u00ebs, sepse lidhjet e krimit t\u00eb organizuar t\u00eb \u00e7ojn\u00eb t\u00eb gjitha n\u00eb zyr\u00ebn e kryeministrit. Jan\u00eb lidhjet e politik\u00ebs me krimin ato q\u00eb kan\u00eb mbajtur vendin peng, t\u00eb pazhvilluar, t\u00eb paintegruar, t\u00eb izoluar. Q\u00eb t\u00eb nd\u00ebrpriten k\u00ebto lidhje, duhet t\u00eb largohet Edi Rama!\u201d \u2013 <\/em>mbylli deklarat\u00ebn Alibeaj.<\/span><\/p>\n","protected":false,"gt_translate_keys":[{"key":"rendered","format":"html"}]},"excerpt":{"rendered":"<p>Partia Demokratike ka ritheksuar raportin e Qendr\u00ebs Europiane p\u00ebr Monitorimin e Drogave p\u00ebr t\u00eb denoncuar at\u00eb q\u00eb e quan lidhje t\u00eb fort\u00eb mes pushtetit e parave t\u00eb pista p\u00ebr t\u00eb bler\u00eb zgjedhjet. N\u00eb nj\u00eb deklarat\u00eb p\u00ebr mediat, Alibeaj, tha se dosjet 184 e 339 p\u00ebr blerjen e zgjedhjeve nuk jan\u00eb raste t\u00eb izoluara t\u00eb partneritetit [&hellip;]<\/p>\n","protected":false,"gt_translate_keys":[{"key":"rendered","format":"html"}]},"author":51,"featured_media":389286,"comment_status":"open","ping_status":"open","sticky":false,"template":"","format":"standard","meta":{"footnotes":""},"categories":[65,13],"tags":[],"class_list":["post-389285","post","type-post","status-publish","format-standard","has-post-thumbnail","hentry","category-lajme","category-te-fundit"],"gt_translate_keys":[{"key":"link","format":"url"}],"_links":{"self":[{"href":"https:\/\/www.hashtag.al\/index.php\/wp-json\/wp\/v2\/posts\/389285","targetHints":{"allow":["GET"]}}],"collection":[{"href":"https:\/\/www.hashtag.al\/index.php\/wp-json\/wp\/v2\/posts"}],"about":[{"href":"https:\/\/www.hashtag.al\/index.php\/wp-json\/wp\/v2\/types\/post"}],"author":[{"embeddable":true,"href":"https:\/\/www.hashtag.al\/index.php\/wp-json\/wp\/v2\/users\/51"}],"replies":[{"embeddable":true,"href":"https:\/\/www.hashtag.al\/index.php\/wp-json\/wp\/v2\/comments?post=389285"}],"version-history":[{"count":0,"href":"https:\/\/www.hashtag.al\/index.php\/wp-json\/wp\/v2\/posts\/389285\/revisions"}],"wp:featuredmedia":[{"embeddable":true,"href":"https:\/\/www.hashtag.al\/index.php\/wp-json\/wp\/v2\/media\/389286"}],"wp:attachment":[{"href":"https:\/\/www.hashtag.al\/index.php\/wp-json\/wp\/v2\/media?parent=389285"}],"wp:term":[{"taxonomy":"category","embeddable":true,"href":"https:\/\/www.hashtag.al\/index.php\/wp-json\/wp\/v2\/categories?post=389285"},{"taxonomy":"post_tag","embeddable":true,"href":"https:\/\/www.hashtag.al\/index.php\/wp-json\/wp\/v2\/tags?post=389285"}],"curies":[{"name":"wp","href":"https:\/\/api.w.org\/{rel}","templated":true}]}}