{"id":389281,"date":"2020-07-23T14:55:16","date_gmt":"2020-07-23T12:55:16","guid":{"rendered":"https:\/\/hashtag.al\/?p=389281"},"modified":"2020-07-23T14:55:30","modified_gmt":"2020-07-23T12:55:30","slug":"i-prekur-nga-covid-19-veseli-sqaron-publikun","status":"publish","type":"post","link":"https:\/\/www.hashtag.al\/index.php\/2020\/07\/23\/i-prekur-nga-covid-19-veseli-sqaron-publikun\/","title":{"rendered":"I prekur nga Covid-19? Veseli sqaron publikun","gt_translate_keys":[{"key":"rendered","format":"text"}]},"content":{"rendered":"<p><a href=\"https:\/\/hashtag.al\/index.php\/2020\/07\/23\/i-prekur-nga-covid-19-veseli-sqaron-publikun\/veselikadri-2\/\" rel=\"attachment wp-att-389282\"><img loading=\"lazy\" decoding=\"async\" class=\"aligncenter size-full wp-image-389282\" src=\"https:\/\/hashtag.al\/wp-content\/uploads\/2020\/07\/veselikadri.png\" alt=\"\" width=\"2436\" height=\"1361\" srcset=\"https:\/\/www.hashtag.al\/wp-content\/uploads\/2020\/07\/veselikadri.png 2436w, https:\/\/www.hashtag.al\/wp-content\/uploads\/2020\/07\/veselikadri-300x168.png 300w, https:\/\/www.hashtag.al\/wp-content\/uploads\/2020\/07\/veselikadri-768x429.png 768w, https:\/\/www.hashtag.al\/wp-content\/uploads\/2020\/07\/veselikadri-1024x572.png 1024w\" sizes=\"auto, (max-width: 2436px) 100vw, 2436px\" \/><\/a><\/p>\n<p><span style=\"color: #000000;\">Kreu i PD-s\u00eb s\u00eb Kosov\u00ebs, Veseli, ka sqaruar lajmet q\u00eb qarkullojn\u00eb n\u00eb media lidhur me infektimin e tij me Covid-19. <\/span><\/p>\n<p><span style=\"color: #000000;\">N\u00eb nj\u00eb status n\u00eb Facebook, ish-kreu i Kuvendit shkruan se ka pasur disa simptoma t\u00eb lehta dhe p\u00ebr k\u00ebt\u00eb arsye ka b\u00ebr\u00eb sot testin. <\/span><\/p>\n<p><span style=\"color: #000000;\">Ai pohon se \u00ebsht\u00eb vet\u00ebizoluar deri n\u00eb dalje t\u00eb rezultatit t\u00eb analiz\u00ebs dhe b\u00eb\u00eb thirrje p\u00ebr respektimin e masave t\u00eb vendosura.<\/span><\/p>\n<p><span style=\"color: #000000;\"><em>\u201cT\u00eb nderuar qytetar\u00eb,<\/em><\/span><\/p>\n<p><span style=\"color: #000000;\"><em>Pas disa simptomave t\u00eb lehta dhe dyshimeve q\u00eb potencialisht mund t\u00eb jam infektuar me Sars-CoV-2, sot e kam b\u00ebr\u00eb testin. N\u00eb p\u00ebrputhje me rekomandimet e institucioneve, jam vetizoluar deri n\u00eb konfirmimin e rezultatit. Apeloj te t\u00eb gjith\u00eb qytetar\u00ebt q\u00eb t\u2019i respektoni masat, t\u2019i vendosni maskat, t\u00eb mbani distanc\u00ebn dhe higjien\u00ebn!\u201d<\/em> \u2013 shkruan Veseli.<\/span><\/p>\n","protected":false,"gt_translate_keys":[{"key":"rendered","format":"html"}]},"excerpt":{"rendered":"<p>Kreu i PD-s\u00eb s\u00eb Kosov\u00ebs, Veseli, ka sqaruar lajmet q\u00eb qarkullojn\u00eb n\u00eb media lidhur me infektimin e tij me Covid-19. N\u00eb nj\u00eb status n\u00eb Facebook, ish-kreu i Kuvendit shkruan se ka pasur disa simptoma t\u00eb lehta dhe p\u00ebr k\u00ebt\u00eb arsye ka b\u00ebr\u00eb sot testin. Ai pohon se \u00ebsht\u00eb vet\u00ebizoluar deri n\u00eb dalje t\u00eb rezultatit t\u00eb [&hellip;]<\/p>\n","protected":false,"gt_translate_keys":[{"key":"rendered","format":"html"}]},"author":51,"featured_media":389282,"comment_status":"open","ping_status":"open","sticky":false,"template":"","format":"standard","meta":{"footnotes":""},"categories":[149],"tags":[],"class_list":["post-389281","post","type-post","status-publish","format-standard","has-post-thumbnail","hentry","category-kosoverajon"],"gt_translate_keys":[{"key":"link","format":"url"}],"_links":{"self":[{"href":"https:\/\/www.hashtag.al\/index.php\/wp-json\/wp\/v2\/posts\/389281","targetHints":{"allow":["GET"]}}],"collection":[{"href":"https:\/\/www.hashtag.al\/index.php\/wp-json\/wp\/v2\/posts"}],"about":[{"href":"https:\/\/www.hashtag.al\/index.php\/wp-json\/wp\/v2\/types\/post"}],"author":[{"embeddable":true,"href":"https:\/\/www.hashtag.al\/index.php\/wp-json\/wp\/v2\/users\/51"}],"replies":[{"embeddable":true,"href":"https:\/\/www.hashtag.al\/index.php\/wp-json\/wp\/v2\/comments?post=389281"}],"version-history":[{"count":0,"href":"https:\/\/www.hashtag.al\/index.php\/wp-json\/wp\/v2\/posts\/389281\/revisions"}],"wp:featuredmedia":[{"embeddable":true,"href":"https:\/\/www.hashtag.al\/index.php\/wp-json\/wp\/v2\/media\/389282"}],"wp:attachment":[{"href":"https:\/\/www.hashtag.al\/index.php\/wp-json\/wp\/v2\/media?parent=389281"}],"wp:term":[{"taxonomy":"category","embeddable":true,"href":"https:\/\/www.hashtag.al\/index.php\/wp-json\/wp\/v2\/categories?post=389281"},{"taxonomy":"post_tag","embeddable":true,"href":"https:\/\/www.hashtag.al\/index.php\/wp-json\/wp\/v2\/tags?post=389281"}],"curies":[{"name":"wp","href":"https:\/\/api.w.org\/{rel}","templated":true}]}}