{"id":388901,"date":"2020-07-22T08:30:32","date_gmt":"2020-07-22T06:30:32","guid":{"rendered":"https:\/\/hashtag.al\/?p=388901"},"modified":"2020-07-22T08:31:50","modified_gmt":"2020-07-22T06:31:50","slug":"dua-lipa-flet-pas-sulmeve-qe-mori-ne-rrjet-nuk-doja-te-nxisja-urrejtje-dua-qe-kosova-te-vihet-ne-harte","status":"publish","type":"post","link":"https:\/\/www.hashtag.al\/index.php\/2020\/07\/22\/dua-lipa-flet-pas-sulmeve-qe-mori-ne-rrjet-nuk-doja-te-nxisja-urrejtje-dua-qe-kosova-te-vihet-ne-harte\/","title":{"rendered":"Dua Lipa flet pas sulmeve q\u00eb mori n\u00eb rrjet: Nuk doja t\u00eb nxisja urrejtje, dua q\u00eb Kosova t\u00eb vihet n\u00eb hart\u00eb","gt_translate_keys":[{"key":"rendered","format":"text"}]},"content":{"rendered":"<p><a href=\"https:\/\/hashtag.al\/wp-content\/uploads\/2020\/07\/Dua.jpg\"><img loading=\"lazy\" decoding=\"async\" class=\"aligncenter size-full wp-image-388703\" src=\"https:\/\/hashtag.al\/wp-content\/uploads\/2020\/07\/Dua.jpg\" alt=\"\" width=\"780\" height=\"439\" srcset=\"https:\/\/www.hashtag.al\/wp-content\/uploads\/2020\/07\/Dua.jpg 780w, https:\/\/www.hashtag.al\/wp-content\/uploads\/2020\/07\/Dua-300x169.jpg 300w, https:\/\/www.hashtag.al\/wp-content\/uploads\/2020\/07\/Dua-768x432.jpg 768w\" sizes=\"auto, (max-width: 780px) 100vw, 780px\" \/><\/a><\/p>\n<p><span style=\"color: #000000;\">Pas urrejtjes q\u00eb mori n\u00eb rrjetet sociale vet\u00ebm pse publikoi nj\u00eb hart\u00eb t\u00eb Shqip\u00ebris\u00eb etnike, Dua Lipa ka sqaruar se pse vendoi ta b\u00ebnte at\u00eb postim.<\/span><\/p>\n<p><span style=\"color: #000000;\">Ajo ka sqaruar se nuk ka patur nd\u00ebrmend t\u00eb provokoj\u00eb e nxis\u00eb urrejtje, por vet\u00ebm d\u00ebshiron q\u00eb vendi i saj t\u00eb p\u00ebrfshihet n\u00eb nj\u00eb hart\u00eb dhe t\u00eb ndihet krenare t\u00eb flas\u00eb p\u00ebr rr\u00ebnj\u00ebt e saj.<\/span><\/p>\n<p><em><span style=\"color: #000000;\">\u201cPostimi im i m\u00ebparsh\u00ebm s\u2019ka pasur asnj\u00eb q\u00ebllim t\u00eb nxiste urrejtje. M\u00eb trishton dhe zem\u00ebron fakti q\u00eb postimi im \u00ebsht\u00eb keqinterpretuar nga disa grupe dhe individ\u00eb q\u00eb promovojn\u00eb separatizmin etnik, di\u00e7ka q\u00eb un\u00eb e kund\u00ebrshtoj plot\u00ebsisht.<\/span><\/em><\/p>\n<p><em><span style=\"color: #000000;\">Sa her\u00eb q\u00eb postoj p\u00ebr Kosov\u00ebn, Instagrami im \u00e7mendet, edhe n\u00ebse b\u00ebhet fjal\u00eb p\u00ebr di\u00e7ka aq t\u00eb g\u00ebzueshme sa ushqimi ose muzika, dhe un\u00eb jam ndeshur me nj\u00eb rezistenc\u00eb t\u00eb ashp\u00ebr ndaj ides\u00eb s\u00eb nj\u00eb kulture autentike kosovare.<\/span><\/em><\/p>\n<p><span style=\"color: #000000;\"><em>Ne t\u00eb gjith\u00eb meritojm\u00eb t\u00eb jemi krenar\u00eb p\u00ebr etnin\u00eb ton\u00eb dhe nga jemi. Un\u00eb thjesht dua q\u00eb vendi im t\u00eb p\u00ebrfaq\u00ebsohet n\u00eb nj\u00eb hart\u00eb dhe t\u00eb jem n\u00eb gjendje t\u00eb flas me krenari dhe g\u00ebzim p\u00ebr rr\u00ebnj\u00ebt e mia shqiptare dhe vendin tim. Un\u00eb i inkurajoj t\u00eb gjith\u00eb t\u00eb p\u00ebrqafojn\u00eb trash\u00ebgimin\u00eb e tyre dhe t\u00eb d\u00ebgjojn\u00eb dhe m\u00ebsojn\u00eb nga nj\u00ebri-tjetri. Paqe, dashuri dhe respekt p\u00ebr t\u00eb gjith\u00eb.\u201d-<\/em> shkruan k\u00ebng\u00ebtarja me origjin\u00eb nga Kosova, n\u00eb nj\u00eb postim kuq e zi.<\/span><\/p>\n<blockquote class=\"twitter-tweet\">\n<p dir=\"ltr\" lang=\"und\">\u2764\ufe0f <a href=\"https:\/\/t.co\/LbHKoXnYEu\">pic.twitter.com\/LbHKoXnYEu<\/a><\/p>\n<p>\u2014 DUA LIPA (@DUALIPA) <a href=\"https:\/\/twitter.com\/DUALIPA\/status\/1285643656591015936?ref_src=twsrc%5Etfw\">July 21, 2020<\/a><\/p><\/blockquote>\n<p><script async src=\"https:\/\/platform.twitter.com\/widgets.js\" charset=\"utf-8\"><\/script><\/p>\n<p><span style=\"color: #000000;\">Dit\u00ebt e fundit Dua Lipa u sulmua n\u00eb rrjetet sociale me komente negative, aq sa disa e quajt\u00ebn edhe fashiste vet\u00ebm pse kishte publikuar nj\u00eb hart\u00eb t\u00eb Shqip\u00ebris\u00eb etnike. Krahas hart\u00ebs, ajo tregoi edhe kuptimin e plot\u00eb t\u00eb fjal\u00eb autokton, por pati reagime t\u00eb shumta me k\u00ebt\u00eb postim patriotik t\u00eb saj.<\/span><\/p>\n<p><span style=\"color: #000000;\">P\u00ebrdoruesit serb\u00eb t\u00eb rrjeteve sociale komentuan negativisht, e n\u00eb ve\u00e7anti t\u00ebrhoqi v\u00ebmendjen regjisori serbo-kanadez, Boris Malagurski me komentet e tij kund\u00ebr Duas.<\/span><\/p>\n<p><span style=\"color: #000000;\">Para k\u00ebtij postimi, ajo i ishte drejtuar me nj\u00eb k\u00ebrkes\u00eb kompanis\u00eb Apple q\u00eb ta njoh\u00eb hart\u00ebn e Kosov\u00ebs si shtet i pavarur.<\/span><\/p>\n","protected":false,"gt_translate_keys":[{"key":"rendered","format":"html"}]},"excerpt":{"rendered":"<p>Pas urrejtjes q\u00eb mori n\u00eb rrjetet sociale vet\u00ebm pse publikoi nj\u00eb hart\u00eb t\u00eb Shqip\u00ebris\u00eb etnike, Dua Lipa ka sqaruar se pse vendoi ta b\u00ebnte at\u00eb postim. Ajo ka sqaruar se nuk ka patur nd\u00ebrmend t\u00eb provokoj\u00eb e nxis\u00eb urrejtje, por vet\u00ebm d\u00ebshiron q\u00eb vendi i saj t\u00eb p\u00ebrfshihet n\u00eb nj\u00eb hart\u00eb dhe t\u00eb ndihet krenare [&hellip;]<\/p>\n","protected":false,"gt_translate_keys":[{"key":"rendered","format":"html"}]},"author":30,"featured_media":388703,"comment_status":"open","ping_status":"open","sticky":false,"template":"","format":"standard","meta":{"footnotes":""},"categories":[53],"tags":[],"class_list":["post-388901","post","type-post","status-publish","format-standard","has-post-thumbnail","hentry","category-fast-foodi"],"gt_translate_keys":[{"key":"link","format":"url"}],"_links":{"self":[{"href":"https:\/\/www.hashtag.al\/index.php\/wp-json\/wp\/v2\/posts\/388901","targetHints":{"allow":["GET"]}}],"collection":[{"href":"https:\/\/www.hashtag.al\/index.php\/wp-json\/wp\/v2\/posts"}],"about":[{"href":"https:\/\/www.hashtag.al\/index.php\/wp-json\/wp\/v2\/types\/post"}],"author":[{"embeddable":true,"href":"https:\/\/www.hashtag.al\/index.php\/wp-json\/wp\/v2\/users\/30"}],"replies":[{"embeddable":true,"href":"https:\/\/www.hashtag.al\/index.php\/wp-json\/wp\/v2\/comments?post=388901"}],"version-history":[{"count":0,"href":"https:\/\/www.hashtag.al\/index.php\/wp-json\/wp\/v2\/posts\/388901\/revisions"}],"wp:featuredmedia":[{"embeddable":true,"href":"https:\/\/www.hashtag.al\/index.php\/wp-json\/wp\/v2\/media\/388703"}],"wp:attachment":[{"href":"https:\/\/www.hashtag.al\/index.php\/wp-json\/wp\/v2\/media?parent=388901"}],"wp:term":[{"taxonomy":"category","embeddable":true,"href":"https:\/\/www.hashtag.al\/index.php\/wp-json\/wp\/v2\/categories?post=388901"},{"taxonomy":"post_tag","embeddable":true,"href":"https:\/\/www.hashtag.al\/index.php\/wp-json\/wp\/v2\/tags?post=388901"}],"curies":[{"name":"wp","href":"https:\/\/api.w.org\/{rel}","templated":true}]}}