{"id":388702,"date":"2020-07-21T12:13:55","date_gmt":"2020-07-21T10:13:55","guid":{"rendered":"https:\/\/hashtag.al\/?p=388702"},"modified":"2020-07-21T13:03:12","modified_gmt":"2020-07-21T11:03:12","slug":"dua-lipa-sulmohet-ne-rrjet-vetem-pse-publikoi-harten-e-shqiperise-etnike","status":"publish","type":"post","link":"https:\/\/www.hashtag.al\/index.php\/2020\/07\/21\/dua-lipa-sulmohet-ne-rrjet-vetem-pse-publikoi-harten-e-shqiperise-etnike\/","title":{"rendered":"Dua Lipa sulmohet n\u00eb rrjet vet\u00ebm pse publikoi hart\u00ebn e Shqip\u00ebris\u00eb etnike","gt_translate_keys":[{"key":"rendered","format":"text"}]},"content":{"rendered":"<p><a href=\"https:\/\/hashtag.al\/wp-content\/uploads\/2020\/07\/Dua.jpg\"><img loading=\"lazy\" decoding=\"async\" class=\"aligncenter size-full wp-image-388703\" src=\"https:\/\/hashtag.al\/wp-content\/uploads\/2020\/07\/Dua.jpg\" alt=\"\" width=\"780\" height=\"439\" srcset=\"https:\/\/www.hashtag.al\/wp-content\/uploads\/2020\/07\/Dua.jpg 780w, https:\/\/www.hashtag.al\/wp-content\/uploads\/2020\/07\/Dua-300x169.jpg 300w, https:\/\/www.hashtag.al\/wp-content\/uploads\/2020\/07\/Dua-768x432.jpg 768w\" sizes=\"auto, (max-width: 780px) 100vw, 780px\" \/><\/a><\/p>\n<p><span style=\"color: #000000;\">Dua Lipa s\u00eb fundmi <\/span><span style=\"color: #000000;\">e ka gjetur veten n\u00eb qend\u00ebr t\u00eb v\u00ebmendjes jo p\u00ebr rekordet e saj n\u00eb muzik\u00eb, por p\u00ebr arsye krejt\u00ebsisht\u00a0 t\u00eb ndryshme si\u00e7 \u00ebsht\u00eb origjina e saj nga Kosova.<\/span><\/p>\n<p><span style=\"color: #000000;\">Ajo po akuzohet n\u00eb rrjet se po nxit nacionalizmin vet\u00ebm pse publikoi nj\u00eb hart\u00eb t\u00eb Shqip\u00ebris\u00eb etnike.<\/span><\/p>\n<p><span style=\"color: #000000;\">Dua Lipa mbrojti n\u00eb internet origjin\u00ebn autoktone dhe jo migrante t\u00eb shqiptar\u00ebve, duke publikuar nj\u00eb hart\u00eb t\u00eb Shqip\u00ebris\u00eb etnike, ku bashkohen Kosova si dhe territoret shqiptare n\u00eb Mal t\u00eb Zi, Serbi, Maqedoni e n\u00eb Greqi.<\/span><\/p>\n<p><span style=\"color: #000000;\">B\u00ebhet fjal\u00eb p\u00ebr t\u00eb nj\u00ebjtin flamur q\u00eb shkaktoi nj\u00eb incident nd\u00ebrkomb\u00ebtar n\u00eb vitin 2014, kur u val\u00ebvit me dron gjat\u00eb nj\u00eb ndeshjeje futbolli midis Serbis\u00eb dhe Shqip\u00ebris\u00eb n\u00eb Beograd.<\/span><\/p>\n<p><span style=\"color: #000000;\">Dua n\u00eb p\u00ebrshkrimin e saj sqaron edhe shpjegimin e fjal\u00ebs autokton sipas fjalorit, q\u00eb i referohet popujve apo banor\u00ebve vendas q\u00eb nuk jan\u00eb migrant\u00eb apo kolonist\u00eb.<\/span><\/p>\n<blockquote class=\"instagram-media\" style=\"background: #FFF; border: 0; border-radius: 3px; box-shadow: 0 0 1px 0 rgba(0,0,0,0.5),0 1px 10px 0 rgba(0,0,0,0.15); margin: 1px; max-width: 540px; min-width: 326px; padding: 0; width: calc(100% - 2px);\" data-instgrm-captioned=\"\" data-instgrm-permalink=\"https:\/\/www.instagram.com\/p\/CC1bN9Wsx1a\/?utm_source=ig_embed&amp;utm_campaign=loading\" data-instgrm-version=\"12\">\n<div style=\"padding: 16px;\">\n<p>&nbsp;<\/p>\n<div style=\"display: flex; flex-direction: row; align-items: center;\">\n<div style=\"background-color: #f4f4f4; border-radius: 50%; flex-grow: 0; height: 40px; margin-right: 14px; width: 40px;\"><\/div>\n<div style=\"display: flex; flex-direction: column; flex-grow: 1; justify-content: center;\">\n<div style=\"background-color: #f4f4f4; border-radius: 4px; flex-grow: 0; height: 14px; margin-bottom: 6px; width: 100px;\"><\/div>\n<div style=\"background-color: #f4f4f4; border-radius: 4px; flex-grow: 0; height: 14px; width: 60px;\"><\/div>\n<\/div>\n<\/div>\n<div style=\"padding: 19% 0;\"><\/div>\n<div style=\"display: block; height: 50px; margin: 0 auto 12px; width: 50px;\"><\/div>\n<div style=\"padding-top: 8px;\">\n<div style=\"color: #3897f0; font-family: Arial,sans-serif; font-size: 14px; font-style: normal; font-weight: 550; line-height: 18px;\">View this post on Instagram<\/div>\n<\/div>\n<div style=\"padding: 12.5% 0;\"><\/div>\n<div style=\"display: flex; flex-direction: row; margin-bottom: 14px; align-items: center;\">\n<div>\n<div style=\"background-color: #f4f4f4; border-radius: 50%; height: 12.5px; width: 12.5px; transform: translateX(0px) translateY(7px);\"><\/div>\n<div style=\"background-color: #f4f4f4; height: 12.5px; transform: rotate(-45deg) translateX(3px) translateY(1px); width: 12.5px; flex-grow: 0; margin-right: 14px; margin-left: 2px;\"><\/div>\n<div style=\"background-color: #f4f4f4; border-radius: 50%; height: 12.5px; width: 12.5px; transform: translateX(9px) translateY(-18px);\"><\/div>\n<\/div>\n<div style=\"margin-left: 8px;\">\n<div style=\"background-color: #f4f4f4; border-radius: 50%; flex-grow: 0; height: 20px; width: 20px;\"><\/div>\n<div style=\"width: 0; height: 0; border-top: 2px solid transparent; border-left: 6px solid #f4f4f4; border-bottom: 2px solid transparent; transform: translateX(16px) translateY(-4px) rotate(30deg);\"><\/div>\n<\/div>\n<div style=\"margin-left: auto;\">\n<div style=\"width: 0px; border-top: 8px solid #F4F4F4; border-right: 8px solid transparent; transform: translateY(16px);\"><\/div>\n<div style=\"background-color: #f4f4f4; flex-grow: 0; height: 12px; width: 16px; transform: translateY(-4px);\"><\/div>\n<div style=\"width: 0; height: 0; border-top: 8px solid #F4F4F4; border-left: 8px solid transparent; transform: translateY(-4px) translateX(8px);\"><\/div>\n<\/div>\n<\/div>\n<p>&nbsp;<\/p>\n<p style=\"margin: 8px 0 0 0; padding: 0 4px;\"><a style=\"color: #000; font-family: Arial,sans-serif; font-size: 14px; font-style: normal; font-weight: normal; line-height: 17px; text-decoration: none; word-wrap: break-word;\" href=\"https:\/\/www.instagram.com\/p\/CC1bN9Wsx1a\/?utm_source=ig_embed&amp;utm_campaign=loading\" target=\"_blank\" rel=\"noopener noreferrer\">au\u2022toch\u2022tho\u2022nous adjective (of an inhabitant of a place) indigenous rather than descended from migrants or colonists<\/a><\/p>\n<p style=\"color: #c9c8cd; font-family: Arial,sans-serif; font-size: 14px; line-height: 17px; margin-bottom: 0; margin-top: 8px; overflow: hidden; padding: 8px 0 7px; text-align: center; text-overflow: ellipsis; white-space: nowrap;\">A post shared by <a style=\"color: #c9c8cd; font-family: Arial,sans-serif; font-size: 14px; font-style: normal; font-weight: normal; line-height: 17px;\" href=\"https:\/\/www.instagram.com\/dualipa\/?utm_source=ig_embed&amp;utm_campaign=loading\" target=\"_blank\" rel=\"noopener noreferrer\"> DUA LIPA<\/a> (@dualipa) on <time style=\"font-family: Arial,sans-serif; font-size: 14px; line-height: 17px;\" datetime=\"2020-07-19T19:05:50+00:00\">Jul 19, 2020 at 12:05pm PDT<\/time><\/p>\n<\/div>\n<\/blockquote>\n<p><script async src=\"\/\/www.instagram.com\/embed.js\"><\/script><\/p>\n<p><span style=\"color: #000000;\">Por shum\u00eb p\u00ebrdorues n\u00eb rrjet t\u00eb cil\u00ebt nuk e din\u00eb historin\u00eb e Kosov\u00ebs e as t\u00eb Shqip\u00ebris\u00eb, e mor\u00ebn postimin e k\u00ebng\u00ebtares si mb\u00ebshtetje t\u00eb nj\u00eb pushtimi shqiptar t\u00eb Ballkanit. Regjisori serbo-kanadez Boris Malagurski tha se Dua po mb\u00ebshteste <em>&#8220;projektin ekstremist nacionalist dhe ekspansionist t\u00eb Shqip\u00ebris\u00eb s\u00eb Madhe&#8221;.<\/em><\/span><\/p>\n<p><a href=\"https:\/\/hashtag.al\/wp-content\/uploads\/2020\/07\/Kom.png\"><img loading=\"lazy\" decoding=\"async\" class=\"aligncenter size-full wp-image-388716\" src=\"https:\/\/hashtag.al\/wp-content\/uploads\/2020\/07\/Kom.png\" alt=\"\" width=\"554\" height=\"407\" srcset=\"https:\/\/www.hashtag.al\/wp-content\/uploads\/2020\/07\/Kom.png 554w, https:\/\/www.hashtag.al\/wp-content\/uploads\/2020\/07\/Kom-300x220.png 300w\" sizes=\"auto, (max-width: 554px) 100vw, 554px\" \/><\/a><\/p>\n<p><span style=\"color: #000000;\">T\u00eb tjer\u00eb madje e akuzuan Lip\u00ebn q\u00eb ka treguar simpati ndaj fashizmit, pasi e vetmja her\u00eb q\u00eb ekzistonte nj\u00eb Shqip\u00ebri e zgjeruar ishte gjat\u00eb Luft\u00ebs s\u00eb Dyt\u00eb Bot\u00ebrore. <\/span><\/p>\n<p><a href=\"https:\/\/hashtag.al\/wp-content\/uploads\/2020\/07\/koment-2.png\"><img loading=\"lazy\" decoding=\"async\" class=\"aligncenter size-full wp-image-388710\" src=\"https:\/\/hashtag.al\/wp-content\/uploads\/2020\/07\/koment-2.png\" alt=\"\" width=\"565\" height=\"307\" srcset=\"https:\/\/www.hashtag.al\/wp-content\/uploads\/2020\/07\/koment-2.png 565w, https:\/\/www.hashtag.al\/wp-content\/uploads\/2020\/07\/koment-2-300x163.png 300w\" sizes=\"auto, (max-width: 565px) 100vw, 565px\" \/><\/a> <a href=\"https:\/\/hashtag.al\/wp-content\/uploads\/2020\/07\/koment.png\"><img loading=\"lazy\" decoding=\"async\" class=\"aligncenter size-full wp-image-388711\" src=\"https:\/\/hashtag.al\/wp-content\/uploads\/2020\/07\/koment.png\" alt=\"\" width=\"567\" height=\"516\" srcset=\"https:\/\/www.hashtag.al\/wp-content\/uploads\/2020\/07\/koment.png 567w, https:\/\/www.hashtag.al\/wp-content\/uploads\/2020\/07\/koment-300x273.png 300w\" sizes=\"auto, (max-width: 567px) 100vw, 567px\" \/><\/a><\/p>\n<p><span style=\"color: #000000;\">Dua Lipa disa her\u00eb ka treguar krenarin\u00eb q\u00eb ndjen p\u00ebr origjin\u00ebn e saj dhe nuk stepet p\u00ebr t\u00eb dal\u00eb n\u00eb mbrojtje t\u00eb shqiptar\u00ebve, si\u00e7 qe edhe kauza e fundit, p\u00ebr t\u00eb bojkotuar hart\u00ebn e Apple q\u00eb nuk e p\u00ebrfshinte Kosov\u00ebn.<\/span><\/p>\n<p><span style=\"color: #000000;\">24-vje\u00e7arja iu bashkua para disa dit\u00ebsh peticionit t\u00eb qytetar\u00ebve t\u00eb Kosov\u00ebs drejtuar kompanis\u00eb Apple duke shkruar: <em>\u201cApple ne jepni p\u00ebrgjigje! Vendoseni Kosov\u00ebn n\u00eb hart\u00eb, vendoseni Palestin\u00ebn n\u00eb hart\u00eb\u201d.<\/em><\/span><\/p>\n<p><span style=\"color: #000000;\">P\u00ebr ata q\u00eb nuk e din\u00eb, dashuri i saj model Anwar Hadid, ka origjin\u00eb palestineze.<\/span><\/p>\n","protected":false,"gt_translate_keys":[{"key":"rendered","format":"html"}]},"excerpt":{"rendered":"<p>Dua Lipa s\u00eb fundmi e ka gjetur veten n\u00eb qend\u00ebr t\u00eb v\u00ebmendjes jo p\u00ebr rekordet e saj n\u00eb muzik\u00eb, por p\u00ebr arsye krejt\u00ebsisht\u00a0 t\u00eb ndryshme si\u00e7 \u00ebsht\u00eb origjina e saj nga Kosova. Ajo po akuzohet n\u00eb rrjet se po nxit nacionalizmin vet\u00ebm pse publikoi nj\u00eb hart\u00eb t\u00eb Shqip\u00ebris\u00eb etnike. Dua Lipa mbrojti n\u00eb internet origjin\u00ebn [&hellip;]<\/p>\n","protected":false,"gt_translate_keys":[{"key":"rendered","format":"html"}]},"author":30,"featured_media":388703,"comment_status":"open","ping_status":"open","sticky":false,"template":"","format":"standard","meta":{"footnotes":""},"categories":[53],"tags":[],"class_list":["post-388702","post","type-post","status-publish","format-standard","has-post-thumbnail","hentry","category-fast-foodi"],"gt_translate_keys":[{"key":"link","format":"url"}],"_links":{"self":[{"href":"https:\/\/www.hashtag.al\/index.php\/wp-json\/wp\/v2\/posts\/388702","targetHints":{"allow":["GET"]}}],"collection":[{"href":"https:\/\/www.hashtag.al\/index.php\/wp-json\/wp\/v2\/posts"}],"about":[{"href":"https:\/\/www.hashtag.al\/index.php\/wp-json\/wp\/v2\/types\/post"}],"author":[{"embeddable":true,"href":"https:\/\/www.hashtag.al\/index.php\/wp-json\/wp\/v2\/users\/30"}],"replies":[{"embeddable":true,"href":"https:\/\/www.hashtag.al\/index.php\/wp-json\/wp\/v2\/comments?post=388702"}],"version-history":[{"count":0,"href":"https:\/\/www.hashtag.al\/index.php\/wp-json\/wp\/v2\/posts\/388702\/revisions"}],"wp:featuredmedia":[{"embeddable":true,"href":"https:\/\/www.hashtag.al\/index.php\/wp-json\/wp\/v2\/media\/388703"}],"wp:attachment":[{"href":"https:\/\/www.hashtag.al\/index.php\/wp-json\/wp\/v2\/media?parent=388702"}],"wp:term":[{"taxonomy":"category","embeddable":true,"href":"https:\/\/www.hashtag.al\/index.php\/wp-json\/wp\/v2\/categories?post=388702"},{"taxonomy":"post_tag","embeddable":true,"href":"https:\/\/www.hashtag.al\/index.php\/wp-json\/wp\/v2\/tags?post=388702"}],"curies":[{"name":"wp","href":"https:\/\/api.w.org\/{rel}","templated":true}]}}