{"id":388628,"date":"2020-07-21T07:45:20","date_gmt":"2020-07-21T05:45:20","guid":{"rendered":"https:\/\/hashtag.al\/?p=388628"},"modified":"2020-07-21T07:48:02","modified_gmt":"2020-07-21T05:48:02","slug":"komuna-e-presheves-shpall-gjendjen-e-jashtezakonshme-per-shkak-te-covid-19","status":"publish","type":"post","link":"https:\/\/www.hashtag.al\/index.php\/2020\/07\/21\/komuna-e-presheves-shpall-gjendjen-e-jashtezakonshme-per-shkak-te-covid-19\/","title":{"rendered":"Komuna e Preshev\u00ebs shpall Gjendjen e Jasht\u00ebzakonshme p\u00ebr shkak t\u00eb Covid-19","gt_translate_keys":[{"key":"rendered","format":"text"}]},"content":{"rendered":"<p><a href=\"https:\/\/hashtag.al\/wp-content\/uploads\/2020\/07\/Arifi-Presheve.jpg\"><img loading=\"lazy\" decoding=\"async\" class=\"aligncenter size-full wp-image-388631\" src=\"https:\/\/hashtag.al\/wp-content\/uploads\/2020\/07\/Arifi-Presheve.jpg\" alt=\"\" width=\"960\" height=\"640\" srcset=\"https:\/\/www.hashtag.al\/wp-content\/uploads\/2020\/07\/Arifi-Presheve.jpg 960w, https:\/\/www.hashtag.al\/wp-content\/uploads\/2020\/07\/Arifi-Presheve-300x200.jpg 300w, https:\/\/www.hashtag.al\/wp-content\/uploads\/2020\/07\/Arifi-Presheve-768x512.jpg 768w\" sizes=\"auto, (max-width: 960px) 100vw, 960px\" \/><\/a><\/p>\n<p><span style=\"color: #000000;\">Shpallet gjendje e jasht\u00ebzakonshme epidemiologjike n\u00eb t\u00ebr\u00eb territorin e Komun\u00ebs s\u00eb Preshev\u00ebs, p\u00ebr shkak t\u00eb pandemis\u00eb s\u00eb COVID-19.<\/span><\/p>\n<p><span style=\"color: #000000;\">Lajmi \u00ebsht\u00eb b\u00ebr\u00eb i ditur dit\u00ebn e djeshme nga kryetari i Komun\u00ebs, Shqip\u00ebrim Arifi, i cili deklaroi se vendimi ka ardhur pas nj\u00eb analize t\u00eb thell\u00eb nga an\u00ebtar\u00ebt e shtabit rreth gjendjes epidemiologjike n\u00eb Preshev\u00eb.<\/span><\/p>\n<p><span style=\"color: #000000;\"><em>\u201cQytetar\u00eb t\u00eb nd\u00ebruar, sapo p\u00ebrfunduam mbledhjen e Shtabit p\u00ebr Situat\u00ebn e Jasht\u00ebzakonshme dhe analizuam situat\u00ebn q\u00eb po zhvillohet n\u00eb Komun\u00ebn e Preshev\u00ebs. . Dit\u00ebt e fundit ne kemi patur nj\u00eb rritje t\u00eb qytetar\u00ebve me simptoma t\u00eb Covid-19. P\u00ebr shkak t\u00eb k\u00ebsaj, si vendim i par\u00eb q\u00eb ka nxjerr\u00eb Shtabi ka qen\u00eb shpalla e situat\u00ebs s\u00eb Jasht\u00ebzakonshme. Nga sot n\u00eb or\u00ebn 06: do t\u00eb vendoset situata e JAsht\u00ebzakonshme. Masat q\u00eb p\u00ebrcjellin k\u00ebt\u00eb vendim jan\u00eb n\u00eb t\u00eb mir\u00ebn e gjith\u00eb qytetatit e qytetar\u00ebve tan\u00eb. P\u00ebr ne prioritet \u00ebsht\u00eb sh\u00ebndeti ka qen\u00eb dhe do t\u00eb mbetet e prandaj si Shtab kemi marr\u00eb k\u00ebt\u00eb vendim\u201d<\/em>&#8211; tha kryetari i Komun\u00ebs, Shqiprim Arifi.<\/span><\/p>\n<div id=\"attachment_388630\" style=\"width: 970px\" class=\"wp-caption aligncenter\"><a href=\"https:\/\/hashtag.al\/wp-content\/uploads\/2020\/07\/mbledhja.jpg\"><img loading=\"lazy\" decoding=\"async\" aria-describedby=\"caption-attachment-388630\" class=\"wp-image-388630 size-full\" src=\"https:\/\/hashtag.al\/wp-content\/uploads\/2020\/07\/mbledhja.jpg\" alt=\"\" width=\"960\" height=\"640\" srcset=\"https:\/\/www.hashtag.al\/wp-content\/uploads\/2020\/07\/mbledhja.jpg 960w, https:\/\/www.hashtag.al\/wp-content\/uploads\/2020\/07\/mbledhja-300x200.jpg 300w, https:\/\/www.hashtag.al\/wp-content\/uploads\/2020\/07\/mbledhja-768x512.jpg 768w\" sizes=\"auto, (max-width: 960px) 100vw, 960px\" \/><\/a><p id=\"caption-attachment-388630\" class=\"wp-caption-text\"><em><span style=\"color: #000000;\">Foto nga Mbledhja e Shtabit t\u00eb Jasht\u00ebzakonsh\u00ebm<\/span><\/em><\/p><\/div>\n<p><span style=\"color: #000000;\">Sipas k\u00ebtij vendimi, lokalet hoteliere, n\u00eb territorin e Komun\u00ebs s\u00eb Preshev\u00ebs, do t\u00eb mbyllen nga ora 20:00 deri or\u00ebn 05:00 e m\u00ebngjesit, nd\u00ebrsa ndalohet edhe grumbullimi i m\u00eb shum\u00eb se pes\u00eb personave n\u00eb ambient t\u00eb hapur dhe ate t\u00eb mbyllur.<\/span><\/p>\n<p><iframe loading=\"lazy\" style=\"border: none; overflow: hidden;\" src=\"https:\/\/www.facebook.com\/plugins\/video.php?href=https%3A%2F%2Fwww.facebook.com%2FShqiprimArifi.11%2Fvideos%2F300587944471901%2F&amp;show_text=0&amp;width=560\" width=\"560\" height=\"315\" frameborder=\"0\" scrolling=\"no\" allowfullscreen=\"allowfullscreen\"><\/iframe><\/p>\n<div id=\"attachment_388629\" style=\"width: 688px\" class=\"wp-caption aligncenter\"><a href=\"https:\/\/hashtag.al\/wp-content\/uploads\/2020\/07\/Vendimi.jpg\"><img loading=\"lazy\" decoding=\"async\" aria-describedby=\"caption-attachment-388629\" class=\"wp-image-388629 size-full\" src=\"https:\/\/hashtag.al\/wp-content\/uploads\/2020\/07\/Vendimi.jpg\" alt=\"\" width=\"678\" height=\"960\" srcset=\"https:\/\/www.hashtag.al\/wp-content\/uploads\/2020\/07\/Vendimi.jpg 678w, https:\/\/www.hashtag.al\/wp-content\/uploads\/2020\/07\/Vendimi-212x300.jpg 212w\" sizes=\"auto, (max-width: 678px) 100vw, 678px\" \/><\/a><p id=\"caption-attachment-388629\" class=\"wp-caption-text\"><em>Vendimi<\/em><\/p><\/div>\n","protected":false,"gt_translate_keys":[{"key":"rendered","format":"html"}]},"excerpt":{"rendered":"<p>Shpallet gjendje e jasht\u00ebzakonshme epidemiologjike n\u00eb t\u00ebr\u00eb territorin e Komun\u00ebs s\u00eb Preshev\u00ebs, p\u00ebr shkak t\u00eb pandemis\u00eb s\u00eb COVID-19. Lajmi \u00ebsht\u00eb b\u00ebr\u00eb i ditur dit\u00ebn e djeshme nga kryetari i Komun\u00ebs, Shqip\u00ebrim Arifi, i cili deklaroi se vendimi ka ardhur pas nj\u00eb analize t\u00eb thell\u00eb nga an\u00ebtar\u00ebt e shtabit rreth gjendjes epidemiologjike n\u00eb Preshev\u00eb. \u201cQytetar\u00eb t\u00eb [&hellip;]<\/p>\n","protected":false,"gt_translate_keys":[{"key":"rendered","format":"html"}]},"author":30,"featured_media":388631,"comment_status":"open","ping_status":"open","sticky":false,"template":"","format":"standard","meta":{"footnotes":""},"categories":[149,65],"tags":[],"class_list":["post-388628","post","type-post","status-publish","format-standard","has-post-thumbnail","hentry","category-kosoverajon","category-lajme"],"gt_translate_keys":[{"key":"link","format":"url"}],"_links":{"self":[{"href":"https:\/\/www.hashtag.al\/index.php\/wp-json\/wp\/v2\/posts\/388628","targetHints":{"allow":["GET"]}}],"collection":[{"href":"https:\/\/www.hashtag.al\/index.php\/wp-json\/wp\/v2\/posts"}],"about":[{"href":"https:\/\/www.hashtag.al\/index.php\/wp-json\/wp\/v2\/types\/post"}],"author":[{"embeddable":true,"href":"https:\/\/www.hashtag.al\/index.php\/wp-json\/wp\/v2\/users\/30"}],"replies":[{"embeddable":true,"href":"https:\/\/www.hashtag.al\/index.php\/wp-json\/wp\/v2\/comments?post=388628"}],"version-history":[{"count":0,"href":"https:\/\/www.hashtag.al\/index.php\/wp-json\/wp\/v2\/posts\/388628\/revisions"}],"wp:featuredmedia":[{"embeddable":true,"href":"https:\/\/www.hashtag.al\/index.php\/wp-json\/wp\/v2\/media\/388631"}],"wp:attachment":[{"href":"https:\/\/www.hashtag.al\/index.php\/wp-json\/wp\/v2\/media?parent=388628"}],"wp:term":[{"taxonomy":"category","embeddable":true,"href":"https:\/\/www.hashtag.al\/index.php\/wp-json\/wp\/v2\/categories?post=388628"},{"taxonomy":"post_tag","embeddable":true,"href":"https:\/\/www.hashtag.al\/index.php\/wp-json\/wp\/v2\/tags?post=388628"}],"curies":[{"name":"wp","href":"https:\/\/api.w.org\/{rel}","templated":true}]}}