{"id":388625,"date":"2020-07-21T07:29:29","date_gmt":"2020-07-21T05:29:29","guid":{"rendered":"https:\/\/hashtag.al\/?p=388625"},"modified":"2020-07-21T07:32:02","modified_gmt":"2020-07-21T05:32:02","slug":"shkoi-ne-hage-pasi-u-mor-ne-pyetje-thaci-von-cramon-thote-se-nuk-nderhyri-tek-specialja","status":"publish","type":"post","link":"https:\/\/www.hashtag.al\/index.php\/2020\/07\/21\/shkoi-ne-hage-pasi-u-mor-ne-pyetje-thaci-von-cramon-thote-se-nuk-nderhyri-tek-specialja\/","title":{"rendered":"Shkoi n\u00eb Hag\u00eb pasi u mor n\u00eb pyetje Tha\u00e7i, Von Cramon thot\u00eb se nuk nd\u00ebrhyri tek Specialja","gt_translate_keys":[{"key":"rendered","format":"text"}]},"content":{"rendered":"<p><a href=\"https:\/\/hashtag.al\/wp-content\/uploads\/2020\/07\/Von-Cramon.jpg\"><img loading=\"lazy\" decoding=\"async\" class=\"aligncenter size-full wp-image-388626\" src=\"https:\/\/hashtag.al\/wp-content\/uploads\/2020\/07\/Von-Cramon.jpg\" alt=\"\" width=\"1200\" height=\"630\" srcset=\"https:\/\/www.hashtag.al\/wp-content\/uploads\/2020\/07\/Von-Cramon.jpg 1200w, https:\/\/www.hashtag.al\/wp-content\/uploads\/2020\/07\/Von-Cramon-300x158.jpg 300w, https:\/\/www.hashtag.al\/wp-content\/uploads\/2020\/07\/Von-Cramon-768x403.jpg 768w, https:\/\/www.hashtag.al\/wp-content\/uploads\/2020\/07\/Von-Cramon-1024x538.jpg 1024w\" sizes=\"auto, (max-width: 1200px) 100vw, 1200px\" \/><\/a><\/p>\n<p><span style=\"color: #000000;\">Viola Von Cramon shkoi n\u00eb Hag\u00eb dhe takoi disa udh\u00ebheq\u00ebs t\u00eb Gjykat\u00ebs Speciale, nj\u00eb dit\u00eb pas p\u00ebrfundimit t\u00eb marrjes n\u00eb pyetje t\u00eb presidentit Hashim Tha\u00e7i dhe takoi disa udh\u00ebheq\u00ebs t\u00eb Gjykat\u00ebs Speciale.<\/span><\/p>\n<p><span style=\"color: #000000;\">Por ky veprim i raportueses p\u00ebr Kosov\u00eb n\u00eb Parlamentin e Evrop\u00ebs, zgjoi kritika t\u00eb ashpra n\u00eb Kosov\u00eb, p\u00ebr nd\u00ebrhyrje n\u00eb drejt\u00ebsi.<\/span><\/p>\n<p><span style=\"color: #000000;\">Por Cramon e mohon kategorikisht nj\u00eb gj\u00eb t\u00eb till\u00eb. Ajo ka folur p\u00ebr <span style=\"color: #0000ff;\"><a style=\"color: #0000ff;\" href=\"https:\/\/klankosova.tv\/von-cramon-thote-se-nuk-nderhyri-tek-specialja-video\/\">Klan Kosov\u00ebn<\/a><\/span>, ku ka deklaruar se akush nga Parlamenti Europian nuk do nd\u00ebrhynte n\u00eb ndonj\u00eb vendim t\u00eb gjyq\u00ebsorit.<\/span><\/p>\n<p><span style=\"color: #000000;\"><em>\u00a0\u201cUn\u00eb kurr\u00eb s\u2019kam nd\u00ebrhyr\u00eb dhe kurr\u00eb nuk do ta b\u00ebja nj\u00eb gj\u00eb t\u00eb till\u00eb. Askush nga ne n\u00eb Parlamentin e Europ\u00ebs nuk do t\u00eb involvohej n\u00eb ndonj\u00eb vendim t\u00eb gjyq\u00ebsorit. Kur bisedoni me prokurorin special Jack Smith, pastaj me ata t\u00eb regjistrit si dhe me kryetarin e gjykat\u00ebs ju do ta shihni se ata jan\u00eb krejt t\u00eb pavarur. Ata nuk do t\u00eb lejojn\u00eb t\u00eb b\u00ebni madje asnj\u00eb pyetje specifike p\u00ebr cilindo rast q\u00eb e kan\u00eb n\u00eb shqyrtim\u201d,<\/em> tha Cramon p\u00ebr <span style=\"color: #0000ff;\"><a style=\"color: #0000ff;\" href=\"https:\/\/klankosova.tv\/von-cramon-thote-se-nuk-nderhyri-tek-specialja-video\/\">Klan Kosov\u00ebn<\/a><\/span>.<\/span><\/p>\n<p><span style=\"color: #000000;\">Raportuesja n\u00eb Parlamentin Evopian mohon se kishte ftes\u00eb p\u00ebr vizit\u00eb por vet\u00ebm k\u00ebrkes\u00eb q\u00eb e kishte b\u00ebr\u00eb qysh n\u00eb fillim t\u00eb vitit e q\u00eb e realizoi t\u00eb premten e 17 korrikut.<\/span><\/p>\n<p><span style=\"color: #000000;\"><em>\u201cSpecialja \u00ebsht\u00eb struktur\u00eb e r\u00ebnd\u00ebsishme p\u00ebr sundim t\u00eb ligjit e Kosov\u00ebs. \u00cbsht\u00eb obligimi im q\u00eb t\u00eb njoftohem me pun\u00ebn e k\u00ebtij institucioni n\u00eb Hag\u00eb. Kjo ishte arsyeja ky\u00e7e e vizit\u00ebs sime. Natyrisht isha e interesuar t\u00eb dija se si \u00ebsht\u00eb strukturimi dhe pse kan\u00eb marr\u00eb aq shum\u00eb koh\u00eb\u201d<\/em>, shpjegoi ajo.<\/span><\/p>\n<p><span style=\"color: #000000;\">Cramon thot\u00eb se lajmi p\u00ebr konfirmimin ose jo t\u00eb aktakuz\u00ebs ndaj Tha\u00e7it do t\u00eb jepet deri n\u00eb fund t\u00eb ver\u00ebs.<\/span><\/p>\n<p><span style=\"color: #000000;\">Lidhur me vizit\u00ebn e saj n\u00eb Hag\u00eb, Von Cramon foli t\u00eb premten duke th\u00ebn\u00eb se kishte vizituar Dhomat e Specializuara dhe Zyr\u00ebn e Prokurorit t\u00eb Specializuar.<\/span><\/p>\n<p><span style=\"color: #000000;\"><em>\u00a0\u201cSot pata nj\u00eb vizit\u00eb t\u00eb planifikuar n\u00eb Dhomat e Specializuara t\u00eb Hag\u00ebs dhe n\u00eb Zyr\u00ebn e Prokurorit t\u00eb Specializuar. Institucione t\u00eb r\u00ebnd\u00ebsishme k\u00ebto p\u00ebr t\u00eb sjell\u00eb drejt\u00ebsi n\u00eb Kosov\u00eb ndaj atyre personave q\u00eb besohet se kan\u00eb kryer krime lufte, pavar\u00ebsisht komb\u00ebsive t\u00eb tyre\u201d<\/em>, \u00ebsht\u00eb shprehur Viola von Cramon.<\/span><\/p>\n","protected":false,"gt_translate_keys":[{"key":"rendered","format":"html"}]},"excerpt":{"rendered":"<p>Viola Von Cramon shkoi n\u00eb Hag\u00eb dhe takoi disa udh\u00ebheq\u00ebs t\u00eb Gjykat\u00ebs Speciale, nj\u00eb dit\u00eb pas p\u00ebrfundimit t\u00eb marrjes n\u00eb pyetje t\u00eb presidentit Hashim Tha\u00e7i dhe takoi disa udh\u00ebheq\u00ebs t\u00eb Gjykat\u00ebs Speciale. Por ky veprim i raportueses p\u00ebr Kosov\u00eb n\u00eb Parlamentin e Evrop\u00ebs, zgjoi kritika t\u00eb ashpra n\u00eb Kosov\u00eb, p\u00ebr nd\u00ebrhyrje n\u00eb drejt\u00ebsi. Por Cramon [&hellip;]<\/p>\n","protected":false,"gt_translate_keys":[{"key":"rendered","format":"html"}]},"author":30,"featured_media":388626,"comment_status":"open","ping_status":"open","sticky":false,"template":"","format":"standard","meta":{"footnotes":""},"categories":[149],"tags":[],"class_list":["post-388625","post","type-post","status-publish","format-standard","has-post-thumbnail","hentry","category-kosoverajon"],"gt_translate_keys":[{"key":"link","format":"url"}],"_links":{"self":[{"href":"https:\/\/www.hashtag.al\/index.php\/wp-json\/wp\/v2\/posts\/388625","targetHints":{"allow":["GET"]}}],"collection":[{"href":"https:\/\/www.hashtag.al\/index.php\/wp-json\/wp\/v2\/posts"}],"about":[{"href":"https:\/\/www.hashtag.al\/index.php\/wp-json\/wp\/v2\/types\/post"}],"author":[{"embeddable":true,"href":"https:\/\/www.hashtag.al\/index.php\/wp-json\/wp\/v2\/users\/30"}],"replies":[{"embeddable":true,"href":"https:\/\/www.hashtag.al\/index.php\/wp-json\/wp\/v2\/comments?post=388625"}],"version-history":[{"count":0,"href":"https:\/\/www.hashtag.al\/index.php\/wp-json\/wp\/v2\/posts\/388625\/revisions"}],"wp:featuredmedia":[{"embeddable":true,"href":"https:\/\/www.hashtag.al\/index.php\/wp-json\/wp\/v2\/media\/388626"}],"wp:attachment":[{"href":"https:\/\/www.hashtag.al\/index.php\/wp-json\/wp\/v2\/media?parent=388625"}],"wp:term":[{"taxonomy":"category","embeddable":true,"href":"https:\/\/www.hashtag.al\/index.php\/wp-json\/wp\/v2\/categories?post=388625"},{"taxonomy":"post_tag","embeddable":true,"href":"https:\/\/www.hashtag.al\/index.php\/wp-json\/wp\/v2\/tags?post=388625"}],"curies":[{"name":"wp","href":"https:\/\/api.w.org\/{rel}","templated":true}]}}