{"id":388569,"date":"2020-07-20T17:52:21","date_gmt":"2020-07-20T15:52:21","guid":{"rendered":"https:\/\/hashtag.al\/?p=388569"},"modified":"2020-07-20T17:54:06","modified_gmt":"2020-07-20T15:54:06","slug":"vendoseni-kosoven-ne-harte-rita-ora-i-ben-thirrje-apple","status":"publish","type":"post","link":"https:\/\/www.hashtag.al\/index.php\/2020\/07\/20\/vendoseni-kosoven-ne-harte-rita-ora-i-ben-thirrje-apple\/","title":{"rendered":"&#8220;Vendoseni Kosov\u00ebn n\u00eb hart\u00eb&#8221; &#8211; Rita Ora ka nj\u00eb mesazh p\u00ebr Apple","gt_translate_keys":[{"key":"rendered","format":"text"}]},"content":{"rendered":"<p><a href=\"https:\/\/hashtag.al\/index.php\/2020\/07\/20\/vendoseni-kosoven-ne-harte-rita-ora-i-ben-thirrje-apple\/oraapple\/\" rel=\"attachment wp-att-388570\"><img loading=\"lazy\" decoding=\"async\" class=\"aligncenter size-full wp-image-388570\" src=\"https:\/\/hashtag.al\/wp-content\/uploads\/2020\/07\/oraapple.jpg\" alt=\"\" width=\"2000\" height=\"1000\" srcset=\"https:\/\/www.hashtag.al\/wp-content\/uploads\/2020\/07\/oraapple.jpg 2000w, https:\/\/www.hashtag.al\/wp-content\/uploads\/2020\/07\/oraapple-300x150.jpg 300w, https:\/\/www.hashtag.al\/wp-content\/uploads\/2020\/07\/oraapple-768x384.jpg 768w, https:\/\/www.hashtag.al\/wp-content\/uploads\/2020\/07\/oraapple-1024x512.jpg 1024w\" sizes=\"auto, (max-width: 2000px) 100vw, 2000px\" \/><\/a><\/p>\n<p><span style=\"color: #000000;\">K\u00ebng\u00ebtarja e njohur me origjin\u00eb shqiptare, Rita Ora, i ka b\u00ebr\u00eb thirrje kompanis\u00eb Apple q\u00eb t\u00eb vendos\u00eb Kosov\u00ebn n\u00eb hartat e saj.<\/span><\/p>\n<p><span style=\"color: #000000;\"> N\u00eb nj\u00eb postim n\u00eb Facebook, Ora shkruan se Shqip\u00ebria e Kosova kan\u00eb talente t\u00eb m\u00ebdha duke shtuar se ndihet krenare p\u00ebr grat\u00eb e mahnitshme e t\u00eb forta q\u00eb p\u00ebrfaq\u00ebsojn\u00eb trash\u00ebgimin\u00eb e vendit.<\/span><\/p>\n<p><span style=\"color: #000000;\"><em>\u201cDo t\u00eb doja shum\u00eb q\u00eb Apple t\u00eb shp\u00ebrndante disa njohuri duke e vendosur Kosov\u00ebn n\u00eb hart\u00eb! Shqip\u00ebria dhe Kosova jan\u00eb plot talente t\u00eb bukura e t\u00eb m\u00ebdha dhe un\u00eb jam aq krenar p\u00ebr t\u00eb gjitha grat\u00eb e mahnitshme, t\u00eb forta, t\u00eb talentuara q\u00eb p\u00ebrfaq\u00ebsojn\u00eb trash\u00ebgimin\u00eb ton\u00eb. P\u00ebrhapja e dashuris\u00eb, paqes dhe unitetit sot me Bebe Rexha, Dua Lipa, Era Istrefi, Dafina Zeqiri, Ava Max dhe shuuum\u00ebshum\u00eb t\u00eb tjera?\u201d<\/em> \u2013 shkruan Ora n\u00eb Facebook. M\u00eb her\u00ebt postime t\u00eb ngjashme kan\u00eb b\u00ebr\u00eb edhe k\u00ebng\u00ebtaret e tjera me origjin\u00eb shqiptare, Dua Lipa e Bebe Rexha.<\/span><\/p>\n<p><a href=\"https:\/\/hashtag.al\/index.php\/2020\/07\/20\/vendoseni-kosoven-ne-harte-rita-ora-i-ben-thirrje-apple\/ritaora\/\" rel=\"attachment wp-att-388571\"><img loading=\"lazy\" decoding=\"async\" class=\"aligncenter size-full wp-image-388571\" src=\"https:\/\/hashtag.al\/wp-content\/uploads\/2020\/07\/ritaora.jpg\" alt=\"\" width=\"960\" height=\"938\" srcset=\"https:\/\/www.hashtag.al\/wp-content\/uploads\/2020\/07\/ritaora.jpg 960w, https:\/\/www.hashtag.al\/wp-content\/uploads\/2020\/07\/ritaora-300x293.jpg 300w, https:\/\/www.hashtag.al\/wp-content\/uploads\/2020\/07\/ritaora-768x750.jpg 768w\" sizes=\"auto, (max-width: 960px) 100vw, 960px\" \/><\/a><\/p>\n","protected":false,"gt_translate_keys":[{"key":"rendered","format":"html"}]},"excerpt":{"rendered":"<p>K\u00ebng\u00ebtarja e njohur me origjin\u00eb shqiptare, Rita Ora, i ka b\u00ebr\u00eb thirrje kompanis\u00eb Apple q\u00eb t\u00eb vendos\u00eb Kosov\u00ebn n\u00eb hartat e saj. N\u00eb nj\u00eb postim n\u00eb Facebook, Ora shkruan se Shqip\u00ebria e Kosova kan\u00eb talente t\u00eb m\u00ebdha duke shtuar se ndihet krenare p\u00ebr grat\u00eb e mahnitshme e t\u00eb forta q\u00eb p\u00ebrfaq\u00ebsojn\u00eb trash\u00ebgimin\u00eb e vendit. \u201cDo [&hellip;]<\/p>\n","protected":false,"gt_translate_keys":[{"key":"rendered","format":"html"}]},"author":51,"featured_media":388570,"comment_status":"open","ping_status":"open","sticky":false,"template":"","format":"standard","meta":{"footnotes":""},"categories":[53],"tags":[],"class_list":["post-388569","post","type-post","status-publish","format-standard","has-post-thumbnail","hentry","category-fast-foodi"],"gt_translate_keys":[{"key":"link","format":"url"}],"_links":{"self":[{"href":"https:\/\/www.hashtag.al\/index.php\/wp-json\/wp\/v2\/posts\/388569","targetHints":{"allow":["GET"]}}],"collection":[{"href":"https:\/\/www.hashtag.al\/index.php\/wp-json\/wp\/v2\/posts"}],"about":[{"href":"https:\/\/www.hashtag.al\/index.php\/wp-json\/wp\/v2\/types\/post"}],"author":[{"embeddable":true,"href":"https:\/\/www.hashtag.al\/index.php\/wp-json\/wp\/v2\/users\/51"}],"replies":[{"embeddable":true,"href":"https:\/\/www.hashtag.al\/index.php\/wp-json\/wp\/v2\/comments?post=388569"}],"version-history":[{"count":0,"href":"https:\/\/www.hashtag.al\/index.php\/wp-json\/wp\/v2\/posts\/388569\/revisions"}],"wp:featuredmedia":[{"embeddable":true,"href":"https:\/\/www.hashtag.al\/index.php\/wp-json\/wp\/v2\/media\/388570"}],"wp:attachment":[{"href":"https:\/\/www.hashtag.al\/index.php\/wp-json\/wp\/v2\/media?parent=388569"}],"wp:term":[{"taxonomy":"category","embeddable":true,"href":"https:\/\/www.hashtag.al\/index.php\/wp-json\/wp\/v2\/categories?post=388569"},{"taxonomy":"post_tag","embeddable":true,"href":"https:\/\/www.hashtag.al\/index.php\/wp-json\/wp\/v2\/tags?post=388569"}],"curies":[{"name":"wp","href":"https:\/\/api.w.org\/{rel}","templated":true}]}}