{"id":388402,"date":"2020-07-20T09:37:25","date_gmt":"2020-07-20T07:37:25","guid":{"rendered":"https:\/\/hashtag.al\/?p=388402"},"modified":"2020-07-20T09:38:22","modified_gmt":"2020-07-20T07:38:22","slug":"ish-shefi-i-ferrarit-takova-schumacher-in-javen-e-kaluar-shpresoj-se-bota-do-ta-shohe-seshpejti","status":"publish","type":"post","link":"https:\/\/www.hashtag.al\/index.php\/2020\/07\/20\/ish-shefi-i-ferrarit-takova-schumacher-in-javen-e-kaluar-shpresoj-se-bota-do-ta-shohe-seshpejti\/","title":{"rendered":"Ish-shefi i Ferrarit: &#8220;Takova Schumacher-in jav\u00ebn e kaluar, shpresoj se bota do ta shoh\u00eb s\u00ebshpejti&#8221;","gt_translate_keys":[{"key":"rendered","format":"text"}]},"content":{"rendered":"<p><a href=\"https:\/\/hashtag.al\/wp-content\/uploads\/2020\/07\/Schumacher.jpg\"><img loading=\"lazy\" decoding=\"async\" class=\"aligncenter size-full wp-image-388403\" src=\"https:\/\/hashtag.al\/wp-content\/uploads\/2020\/07\/Schumacher.jpg\" alt=\"\" width=\"980\" height=\"551\" srcset=\"https:\/\/www.hashtag.al\/wp-content\/uploads\/2020\/07\/Schumacher.jpg 980w, https:\/\/www.hashtag.al\/wp-content\/uploads\/2020\/07\/Schumacher-300x169.jpg 300w, https:\/\/www.hashtag.al\/wp-content\/uploads\/2020\/07\/Schumacher-768x432.jpg 768w\" sizes=\"auto, (max-width: 980px) 100vw, 980px\" \/><\/a><\/p>\n<p><span style=\"color: #000000;\">Ish-shefi i Ferrarit dhe presidenti aktual i FIA-s, Jean Todt thot\u00eb se Michael Schumacher mund t\u00eb shfaqet p\u00ebrs\u00ebri n\u00eb publik pasi ai po sh\u00ebrohet nga d\u00ebmtimi i r\u00ebnd\u00eb n\u00eb tru q\u00eb p\u00ebsoi gjat\u00eb nj\u00eb udh\u00ebtimi me ski n\u00eb vitin 2013.<\/span><\/p>\n<p><span style=\"color: #000000;\">Schumacher ka marr\u00eb trajtim mjek\u00ebsor n\u00eb m\u00ebnyr\u00eb private n\u00eb sht\u00ebpin\u00eb e tij n\u00eb Gjenev\u00eb q\u00eb nga aksidenti i tij i tmerrsh\u00ebm n\u00eb Alpet Franceze.<\/span><\/p>\n<p><span style=\"color: #000000;\">Tani 51 vje\u00e7, Schumacher nuk \u00ebsht\u00eb m\u00eb n\u00eb gjendje kome dhe thuhet se ka filluar t\u00eb shikoj\u00eb garat nga sht\u00ebpia, duke ndjekur p\u00ebrparimin e djalit t\u00eb tij, Mick, i cili pretendon t\u00eb ec\u00eb n\u00eb gjurm\u00ebt e t\u00eb atit.<\/span><\/p>\n<p><span style=\"color: #000000;\"><em>&#8220;Pash\u00eb Michael jav\u00ebn e kaluar&#8221;<\/em>&#8211; tha Todt, i cili ishte Drejtori i Ekipit kur Schumacher fitoi pes\u00eb kampionate radhazi me Ferrarin nga 2000.<\/span><\/p>\n<p><span style=\"color: #000000;\"><em>\u00a0&#8220;Ai \u00ebsht\u00eb duke luftuar. Shpresoj se bota do t\u00eb jet\u00eb n\u00eb gjendje ta shoh\u00eb p\u00ebrs\u00ebri. Kjo \u00ebsht\u00eb ajo p\u00ebr t\u00eb cil\u00ebn po punojn\u00eb ai dhe familja e tij.&#8221;<\/em>&#8211; tha Todt p\u00ebr <span style=\"color: #0000ff;\"><a style=\"color: #0000ff;\" href=\"https:\/\/www.dailymail.co.uk\/sport\/formulaone\/article-8536877\/Former-Ferrari-boss-Jean-Todt-opens-stricken-friend-Michael-Schumacher.html\">Daily Mail.<\/a><\/span><\/span><\/p>\n<p><span style=\"color: #000000;\">N\u00eb fillim t\u00eb k\u00ebtij viti, nj\u00eb neurokirurg italian thoshte se Schumacher ishte i b\u00ebr\u00eb i panjohur nga ai q\u00eb njohnin fansat para aksidentit tragjik q\u00eb e mbajti mbyllur p\u00ebr gjith\u00eb k\u00ebto vite.<\/span><\/p>\n<p><span style=\"color: #000000;\">Todt tha se ai e &#8220;<em>donte<\/em>&#8221; ish-garuesin e tij dhe se nuk i interesonte n\u00ebse kampioni i tanish\u00ebm Lewis Hamilton, thyen rekordin e Schumacher, pasi kjo n\u00eb asnj\u00eb moment nuk do e eklipsonte at\u00eb.<\/span><\/p>\n<p><span style=\"color: #000000;\"><em>&#8220;\u00cbsht\u00eb e pamundur t\u00eb thuash kush \u00ebsht\u00eb m\u00eb i miri ndonj\u00ebher\u00eb<\/em>&#8220;, argumentoi ai. <em>&#8220;Jan\u00eb Juan Manuel Fangio, Jim Clark, Ayrton Senna dhe Michael.\u201d<\/em><\/span><\/p>\n<p><span style=\"color: #000000;\"><em>&#8220;Pas nj\u00eb aksidenti si ai q\u00eb ka patur Michael, a ka r\u00ebnd\u00ebsi n\u00ebse Lewis ka fituar m\u00eb shum\u00eb?&#8221;-<\/em> shton Todt.<\/span><\/p>\n","protected":false,"gt_translate_keys":[{"key":"rendered","format":"html"}]},"excerpt":{"rendered":"<p>Ish-shefi i Ferrarit dhe presidenti aktual i FIA-s, Jean Todt thot\u00eb se Michael Schumacher mund t\u00eb shfaqet p\u00ebrs\u00ebri n\u00eb publik pasi ai po sh\u00ebrohet nga d\u00ebmtimi i r\u00ebnd\u00eb n\u00eb tru q\u00eb p\u00ebsoi gjat\u00eb nj\u00eb udh\u00ebtimi me ski n\u00eb vitin 2013. Schumacher ka marr\u00eb trajtim mjek\u00ebsor n\u00eb m\u00ebnyr\u00eb private n\u00eb sht\u00ebpin\u00eb e tij n\u00eb Gjenev\u00eb q\u00eb [&hellip;]<\/p>\n","protected":false,"gt_translate_keys":[{"key":"rendered","format":"html"}]},"author":30,"featured_media":388403,"comment_status":"open","ping_status":"open","sticky":false,"template":"","format":"standard","meta":{"footnotes":""},"categories":[53,134],"tags":[],"class_list":["post-388402","post","type-post","status-publish","format-standard","has-post-thumbnail","hentry","category-fast-foodi","category-sport"],"gt_translate_keys":[{"key":"link","format":"url"}],"_links":{"self":[{"href":"https:\/\/www.hashtag.al\/index.php\/wp-json\/wp\/v2\/posts\/388402","targetHints":{"allow":["GET"]}}],"collection":[{"href":"https:\/\/www.hashtag.al\/index.php\/wp-json\/wp\/v2\/posts"}],"about":[{"href":"https:\/\/www.hashtag.al\/index.php\/wp-json\/wp\/v2\/types\/post"}],"author":[{"embeddable":true,"href":"https:\/\/www.hashtag.al\/index.php\/wp-json\/wp\/v2\/users\/30"}],"replies":[{"embeddable":true,"href":"https:\/\/www.hashtag.al\/index.php\/wp-json\/wp\/v2\/comments?post=388402"}],"version-history":[{"count":0,"href":"https:\/\/www.hashtag.al\/index.php\/wp-json\/wp\/v2\/posts\/388402\/revisions"}],"wp:featuredmedia":[{"embeddable":true,"href":"https:\/\/www.hashtag.al\/index.php\/wp-json\/wp\/v2\/media\/388403"}],"wp:attachment":[{"href":"https:\/\/www.hashtag.al\/index.php\/wp-json\/wp\/v2\/media?parent=388402"}],"wp:term":[{"taxonomy":"category","embeddable":true,"href":"https:\/\/www.hashtag.al\/index.php\/wp-json\/wp\/v2\/categories?post=388402"},{"taxonomy":"post_tag","embeddable":true,"href":"https:\/\/www.hashtag.al\/index.php\/wp-json\/wp\/v2\/tags?post=388402"}],"curies":[{"name":"wp","href":"https:\/\/api.w.org\/{rel}","templated":true}]}}