{"id":388393,"date":"2020-07-20T09:08:08","date_gmt":"2020-07-20T07:08:08","guid":{"rendered":"https:\/\/hashtag.al\/?p=388393"},"modified":"2020-07-20T09:09:43","modified_gmt":"2020-07-20T07:09:43","slug":"qelloi-me-arme-drejt-dy-te-rinjve-ne-durres-policia-kap-te-dyshuarin","status":"publish","type":"post","link":"https:\/\/www.hashtag.al\/index.php\/2020\/07\/20\/qelloi-me-arme-drejt-dy-te-rinjve-ne-durres-policia-kap-te-dyshuarin\/","title":{"rendered":"Q\u00eblloi me arm\u00eb drejt dy t\u00eb rinjve n\u00eb Durr\u00ebs, policia kap t\u00eb dyshuarin","gt_translate_keys":[{"key":"rendered","format":"text"}]},"content":{"rendered":"<p><a href=\"https:\/\/hashtag.al\/wp-content\/uploads\/2020\/07\/i-dyshuari.png\"><img loading=\"lazy\" decoding=\"async\" class=\"aligncenter size-full wp-image-388394\" src=\"https:\/\/hashtag.al\/wp-content\/uploads\/2020\/07\/i-dyshuari.png\" alt=\"\" width=\"772\" height=\"416\" srcset=\"https:\/\/www.hashtag.al\/wp-content\/uploads\/2020\/07\/i-dyshuari.png 772w, https:\/\/www.hashtag.al\/wp-content\/uploads\/2020\/07\/i-dyshuari-300x162.png 300w, https:\/\/www.hashtag.al\/wp-content\/uploads\/2020\/07\/i-dyshuari-768x414.png 768w\" sizes=\"auto, (max-width: 772px) 100vw, 772px\" \/><\/a><\/p>\n<p><span style=\"color: #000000;\">Policia ka arrestuar nj\u00eb 33-vje\u00e7ar, i cili dyshohet se ka q\u00eblluar dje me arm\u00eb ndaj dy personave n\u00eb plazhin e Durr\u00ebsit.<\/span><\/p>\n<p><span style=\"color: #000000;\">Sipas policise, 33-vje\u00e7ari pas nje sherri per motive t\u00eb dob\u00ebta, ka q\u00eblluar me arm\u00eb zjarri,<\/span><\/p>\n<p><span style=\"color: #000000;\">I riu besohet se dje pati nj\u00eb konflikt me dy t\u00eb rinj, nj\u00eb 18-vje\u00e7ar me inicialet F. T., dhe nj\u00eb 24-vje\u00e7ar me inicialet Sh. T., t\u00eb dy banues n\u00eb Durr\u00ebs. Ai ka q\u00eblluar me arm\u00eb drejt tyre dhe m\u00eb pas e ka hedhur arm\u00ebn e zjarrit n\u00eb tok\u00eb dhe \u00ebsht\u00eb larguar me shpejt\u00ebsi.<\/span><\/p>\n<p><strong><span style=\"color: #000000;\">Detajet e Policis\u00eb<\/span><\/strong><\/p>\n<p><span style=\"color: #000000;\">Q\u00eblloi me arm\u00eb zjarri pistolet\u00eb n\u00eb aj\u00ebr, pas nj\u00eb konflikti p\u00ebr motive t\u00eb dob\u00ebta, dhe u largua nga vendngjarja, kapet dhe ndalohet autori i ngjarjes s\u00eb ndodhur m\u00eb dat\u00eb 02.07.2020, n\u00eb lagjen nr. 13, Plazh.<\/span><\/p>\n<p><span style=\"color: #000000;\">Vihet n\u00eb pranga 33-vje\u00e7ari i shpallur n\u00eb k\u00ebrkim p\u00ebr veprat penale \u201cVrasja me dashje e mbetur n\u00eb tentativ\u00eb\u201d dhe \u201cArm\u00ebmbajtja pa leje\u201d.<\/span><\/p>\n<p><span style=\"color: #000000;\">Sh\u00ebrbimet e DVP Durr\u00ebs, n\u00eb bashk\u00ebpunim me Komisariatin e Policis\u00eb Shijak, n\u00eb vijim t\u00eb pun\u00ebs p\u00ebr kapjen e personave n\u00eb k\u00ebrkim dhe v\u00ebnien e autor\u00ebve p\u00ebrpara p\u00ebrgjegj\u00ebsis\u00eb penale, ndaluan shtetasin A. V., 33 vje\u00e7, banues n\u00eb Shijak, Durr\u00ebs.<\/span><\/p>\n<p><span style=\"color: #000000;\">Ky shtetas dyshohet se m\u00eb dat\u00eb 02.07.2020, n\u00eb lagjen nr. 13, Plazh, Durr\u00ebs, pas nj\u00eb konflikti p\u00ebr motive t\u00eb dob\u00ebta, ka q\u00eblluar me arm\u00eb zjarri, n\u00eb drejtim t\u00eb shtetasve F. T., 18 vje\u00e7 dhe Sh. T., 24 vje\u00e7, banues n\u00eb Durr\u00ebs dhe m\u00eb pas ka hedhur arm\u00ebn e zjarrit n\u00eb tok\u00eb dhe \u00ebsht\u00eb larguar me shpejt\u00ebsi p\u00ebr t\u2019i shp\u00ebtuar kapjes nga Policia.<\/span><\/p>\n<p><span style=\"color: #000000;\">Materialet i kaluan Prokuroris\u00eb s\u00eb Rrethit Gjyq\u00ebsor Durr\u00ebs, p\u00ebr veprat penale \u201cVrasja me dashje e mbetur n\u00eb tentativ\u00eb\u201d dhe \u201cArm\u00ebmbajtje pa leje\u201d, p\u00ebr t\u00eb cil\u00ebn parashikohet d\u00ebnimi me burgim deri n\u00eb 7 vjet.<\/span><\/p>\n<p><iframe loading=\"lazy\" style=\"border: none; overflow: hidden;\" src=\"https:\/\/www.facebook.com\/plugins\/video.php?href=https%3A%2F%2Fwww.facebook.com%2Fpoliciashtetitshqiptar%2Fvideos%2F1015602365543569%2F&amp;show_text=0&amp;width=560\" width=\"560\" height=\"315\" frameborder=\"0\" scrolling=\"no\" allowfullscreen=\"allowfullscreen\"><\/iframe><\/p>\n","protected":false,"gt_translate_keys":[{"key":"rendered","format":"html"}]},"excerpt":{"rendered":"<p>Policia ka arrestuar nj\u00eb 33-vje\u00e7ar, i cili dyshohet se ka q\u00eblluar dje me arm\u00eb ndaj dy personave n\u00eb plazhin e Durr\u00ebsit. Sipas policise, 33-vje\u00e7ari pas nje sherri per motive t\u00eb dob\u00ebta, ka q\u00eblluar me arm\u00eb zjarri, I riu besohet se dje pati nj\u00eb konflikt me dy t\u00eb rinj, nj\u00eb 18-vje\u00e7ar me inicialet F. T., dhe [&hellip;]<\/p>\n","protected":false,"gt_translate_keys":[{"key":"rendered","format":"html"}]},"author":30,"featured_media":388394,"comment_status":"open","ping_status":"open","sticky":false,"template":"","format":"standard","meta":{"footnotes":""},"categories":[65,13],"tags":[],"class_list":["post-388393","post","type-post","status-publish","format-standard","has-post-thumbnail","hentry","category-lajme","category-te-fundit"],"gt_translate_keys":[{"key":"link","format":"url"}],"_links":{"self":[{"href":"https:\/\/www.hashtag.al\/index.php\/wp-json\/wp\/v2\/posts\/388393","targetHints":{"allow":["GET"]}}],"collection":[{"href":"https:\/\/www.hashtag.al\/index.php\/wp-json\/wp\/v2\/posts"}],"about":[{"href":"https:\/\/www.hashtag.al\/index.php\/wp-json\/wp\/v2\/types\/post"}],"author":[{"embeddable":true,"href":"https:\/\/www.hashtag.al\/index.php\/wp-json\/wp\/v2\/users\/30"}],"replies":[{"embeddable":true,"href":"https:\/\/www.hashtag.al\/index.php\/wp-json\/wp\/v2\/comments?post=388393"}],"version-history":[{"count":0,"href":"https:\/\/www.hashtag.al\/index.php\/wp-json\/wp\/v2\/posts\/388393\/revisions"}],"wp:featuredmedia":[{"embeddable":true,"href":"https:\/\/www.hashtag.al\/index.php\/wp-json\/wp\/v2\/media\/388394"}],"wp:attachment":[{"href":"https:\/\/www.hashtag.al\/index.php\/wp-json\/wp\/v2\/media?parent=388393"}],"wp:term":[{"taxonomy":"category","embeddable":true,"href":"https:\/\/www.hashtag.al\/index.php\/wp-json\/wp\/v2\/categories?post=388393"},{"taxonomy":"post_tag","embeddable":true,"href":"https:\/\/www.hashtag.al\/index.php\/wp-json\/wp\/v2\/tags?post=388393"}],"curies":[{"name":"wp","href":"https:\/\/api.w.org\/{rel}","templated":true}]}}